{"id":930,"date":"2024-09-30T11:25:38","date_gmt":"2024-09-30T11:25:38","guid":{"rendered":"http:\/\/www.maratonturk.com\/?p=930"},"modified":"2024-09-30T11:28:29","modified_gmt":"2024-09-30T11:28:29","slug":"decathlon-eczacibasi-dynavit-kadin-voleybol-takiminin-teknik-sponsoru-oldu","status":"publish","type":"post","link":"http:\/\/www.maratonturk.com\/?p=930","title":{"rendered":"<strong>Decathlon, Eczac\u0131ba\u015f\u0131 Dynavit Kad\u0131n Voleybol Tak\u0131m\u0131\u2019n\u0131n Teknik Sponsoru Oldu<\/strong>"},"content":{"rendered":"\n<p><\/p>\n\n\n\n<p><strong>Decathlon T\u00fcrkiye, Eczac\u0131ba\u015f\u0131 Dynavit Kad\u0131n Voleybol Tak\u0131m\u0131\u2019n\u0131n resmi teknik sponsoru oldu. Anla\u015fma kapsam\u0131nda, Eczac\u0131ba\u015f\u0131 Dynavit Kad\u0131n Voleybol Tak\u0131m\u0131\u2019n\u0131n ma\u00e7 esnas\u0131nda giyece\u011fi formalar\u0131, ma\u00e7 \u00f6ncesi ve antrenman k\u0131yafetleri ile seyahatlerinde kullanacaklar\u0131 \u00fcr\u00fcnleri Decathlon sa\u011flayacak.<\/strong><\/p>\n\n\n\n<p>Global spor markas\u0131 Decathlon, Eczac\u0131ba\u015f\u0131 Dynavit Kad\u0131n Voleybol Tak\u0131m\u0131\u2019n\u0131n teknik sponsoru oldu. Bug\u00fcn (30 Eyl\u00fcl 2024 Pazartesi) ger\u00e7ekle\u015ftirilen bas\u0131n toplant\u0131s\u0131yla duyurulan i\u015f birli\u011fi kapsam\u0131nda, Eczac\u0131ba\u015f\u0131 Dynavit Kad\u0131n Voleybol Tak\u0131m\u0131\u2019n\u0131n ma\u00e7 esnas\u0131nda giyece\u011fi formalar\u0131, ma\u00e7 \u00f6ncesi ve antrenman k\u0131yafetleri ile seyahatlerinde kullanacaklar\u0131 malzemeleri Decathlon sa\u011flayacak.<\/p>\n\n\n\n<p>Decathlon\u2019un yenilik\u00e7i ve s\u00fcrd\u00fcr\u00fclebilir spor \u00fcr\u00fcnleri, Eczac\u0131ba\u015f\u0131 Dynavit Kad\u0131n Voleybol Tak\u0131m\u0131\u2019n\u0131n hem yerel hem de uluslararas\u0131 ba\u015far\u0131lar\u0131n\u0131 2+1 y\u0131ll\u0131k s\u00fcre boyunca destekleyecek. \u0130stanbul Modern\u2019de ger\u00e7ekle\u015ftirilen imza t\u00f6renine, Decathlon T\u00fcrkiye CEO\u2019su Philippe Debray, Eczac\u0131ba\u015f\u0131 Spor Kul\u00fcb\u00fc Y\u00f6netim Kurulu \u00dcyesi ve Genel Koordinat\u00f6r\u00fc Ali Atal\u0131k, Eczac\u0131ba\u015f\u0131 Dynavit Kad\u0131n Voleybol Tak\u0131m\u0131 Kaptanlar\u0131 Simge Ak\u00f6z ve Tijana Boskovic, Beyza Ar\u0131c\u0131, Yaprak Erkek ve bas\u0131n mensuplar\u0131 kat\u0131ld\u0131.<\/p>\n\n\n\n<p>Bas\u0131n lansman\u0131nda konu\u015fan\u00a0<strong>Decathlon T\u00fcrkiye CEO\u2019su Philippe Debray<\/strong>, \u201cDecathlon T\u00fcrkiye olarak, T\u00fcrkiye\u2019de voleybolun simgesi haline gelmi\u015f Eczac\u0131ba\u015f\u0131 Dynavit Kad\u0131n Voleybol Tak\u0131m\u0131\u2019n\u0131n destek\u00e7isi olmaktan gurur duyuyoruz. Bu i\u015f birli\u011fi, iki k\u00f6kl\u00fc ve de\u011ferli markan\u0131n sporun harikalar\u0131n\u0131 daha geni\u015f kitlelere yaymak ad\u0131na birlikte att\u0131\u011f\u0131 heyecan verici bir ad\u0131m. Sporcular\u0131m\u0131z\u0131n ma\u00e7 esnas\u0131nda giyece\u011fi formalar\u0131, ma\u00e7 \u00f6ncesi ve antrenman k\u0131yafetleri ile seyahatlerinde kullanacaklar\u0131 ekipmanlar\u0131 sporcular\u0131m\u0131z\u0131n performans\u0131n\u0131 en \u00fcst seviyeye ta\u015f\u0131yacak \u015fekilde tasarlad\u0131k. Voleybola olan bu katk\u0131n\u0131n hem sporculara hem de sporseverlere ilham verece\u011fine inan\u0131yoruz. Bug\u00fcn bizimle birlikte olan ve bu \u00f6nemli i\u015f birli\u011finin par\u00e7as\u0131 olan herkese tekrar te\u015fekk\u00fcr etmek istiyorum. T\u00fcm voleybol severlere harika bir sezon diliyorum\u201d dedi.<\/p>\n\n\n\n<p><strong>Eczac\u0131ba\u015f\u0131 Spor Kul\u00fcb\u00fc Y\u00f6netim Kurulu \u00dcyesi ve Genel Koordinat\u00f6r\u00fc Ali Atal\u0131k<\/strong>&nbsp;ise, \u201cDecathlon\u2019un spor d\u00fcnyas\u0131ndaki liderli\u011fi ve geni\u015f ma\u011faza a\u011f\u0131, kul\u00fcb\u00fcm\u00fcz\u00fcn ihtiya\u00e7lar\u0131n\u0131 kar\u015f\u0131lamak i\u00e7in b\u00fcy\u00fck bir f\u0131rsat sunuyor. \u00d6zellikle Decathlon\u2019un sundu\u011fu \u00fcst d\u00fczey spor ekipmanlar\u0131, sporcular\u0131m\u0131z\u0131n performanslar\u0131n\u0131 art\u0131racak ve ba\u015far\u0131 yolunda onlara g\u00fc\u00e7 katacakt\u0131r. Bu i\u015f birli\u011fi ile taraftarlar\u0131m\u0131z da Decathlon ma\u011fazalar\u0131nda lisansl\u0131 \u00fcr\u00fcnlerimize kolayca eri\u015febilecek. Kul\u00fcb\u00fcm\u00fcz, sadece sporcu de\u011fil, g\u00fc\u00e7l\u00fc bireyler ve liderler yeti\u015ftirmeyi ama\u00e7layan bir vizyonla hareket ediyor. Bu anla\u015fma, spor camiam\u0131z\u0131n geli\u015fimine katk\u0131 sa\u011flayacak bir d\u00f6n\u00fcm noktas\u0131\u201d ifadelerini kulland\u0131.<\/p>\n","protected":false},"excerpt":{"rendered":"<p>Decathlon T\u00fcrkiye, Eczac\u0131ba\u015f\u0131 Dynavit Kad\u0131n Voleybol Tak\u0131m\u0131\u2019n\u0131n resmi teknik sponsoru oldu. Anla\u015fma kapsam\u0131nda, Eczac\u0131ba\u015f\u0131 Dynavit Kad\u0131n Voleybol Tak\u0131m\u0131\u2019n\u0131n ma\u00e7 esnas\u0131nda giyece\u011fi formalar\u0131, ma\u00e7 \u00f6ncesi ve<\/p>\n","protected":false},"author":1,"featured_media":931,"comment_status":"open","ping_status":"open","sticky":false,"template":"","format":"standard","meta":[],"categories":[2],"tags":[],"_links":{"self":[{"href":"http:\/\/www.maratonturk.com\/index.php?rest_route=\/wp\/v2\/posts\/930"}],"collection":[{"href":"http:\/\/www.maratonturk.com\/index.php?rest_route=\/wp\/v2\/posts"}],"about":[{"href":"http:\/\/www.maratonturk.com\/index.php?rest_route=\/wp\/v2\/types\/post"}],"author":[{"embeddable":true,"href":"http:\/\/www.maratonturk.com\/index.php?rest_route=\/wp\/v2\/users\/1"}],"replies":[{"embeddable":true,"href":"http:\/\/www.maratonturk.com\/index.php?rest_route=%2Fwp%2Fv2%2Fcomments&post=930"}],"version-history":[{"count":2,"href":"http:\/\/www.maratonturk.com\/index.php?rest_route=\/wp\/v2\/posts\/930\/revisions"}],"predecessor-version":[{"id":934,"href":"http:\/\/www.maratonturk.com\/index.php?rest_route=\/wp\/v2\/posts\/930\/revisions\/934"}],"wp:featuredmedia":[{"embeddable":true,"href":"http:\/\/www.maratonturk.com\/index.php?rest_route=\/wp\/v2\/media\/931"}],"wp:attachment":[{"href":"http:\/\/www.maratonturk.com\/index.php?rest_route=%2Fwp%2Fv2%2Fmedia&parent=930"}],"wp:term":[{"taxonomy":"category","embeddable":true,"href":"http:\/\/www.maratonturk.com\/index.php?rest_route=%2Fwp%2Fv2%2Fcategories&post=930"},{"taxonomy":"post_tag","embeddable":true,"href":"http:\/\/www.maratonturk.com\/index.php?rest_route=%2Fwp%2Fv2%2Ftags&post=930"}],"curies":[{"name":"wp","href":"https:\/\/api.w.org\/{rel}","templated":true}]}}