{"id":889,"date":"2024-09-17T15:04:59","date_gmt":"2024-09-17T15:04:59","guid":{"rendered":"http:\/\/www.maratonturk.com\/?p=889"},"modified":"2024-09-17T15:13:49","modified_gmt":"2024-09-17T15:13:49","slug":"tour-of-istanbulda-sampiyon-mathieu-burgaudeau","status":"publish","type":"post","link":"http:\/\/www.maratonturk.com\/?p=889","title":{"rendered":"&#8220;Tour of \u0130stanbul&#8221;&#8216;da \u015eampiyon Mathieu <strong>Burgaudeau<\/strong>"},"content":{"rendered":"\n<p><\/p>\n\n\n\n<p><strong>\u0130stanbul B\u00fcy\u00fck\u015fehir Belediyesi (\u0130BB) i\u015ftiraki Spor \u0130stanbul\u2019un d\u00fczenledi\u011fi Tour of \u0130stanbul, Yenikap\u0131-Yenikap\u0131 etab\u0131yla sona erdi. D\u00f6rt g\u00fcn s\u00fcren turun \u015fampiyonu Frans\u0131z TotalEnergies tak\u0131m\u0131ndan Mathieu Burgaudeau oldu.<\/strong><\/p>\n\n\n\n<p>\u0130BB Spor \u0130stanbul\u2019un d\u00fczenledi\u011fi Tour of \u0130stanbul\u2019da bug\u00fcn son etab\u0131 heyecan\u0131 ya\u015fand\u0131. Turdaki t\u00fcm aksiyon Yenikap\u0131&#8217;daki sa\u011fanak ya\u011fmur alt\u0131ndaki sprint fini\u015fiyle sona erdi. Mathieu Burgaudeau, Davide Gabburo\u2019nun yo\u011fun ya\u011f\u0131\u015f alt\u0131nda gidilen kaotik sprint fini\u015findeki 4. etab\u0131 kazand\u0131\u011f\u0131 g\u00fcnde, genel klasman \u015fampiyonlu\u011funu ilan etti. Mathieu Burgaudeau\u2019nun genel klasman lideri olarak turuncu mayoyla ba\u015flad\u0131\u011f\u0131 Yenikap\u0131-Yenikap\u0131 etab\u0131nda 127 sporcu pedal \u00e7evirdi.<\/p>\n\n\n\n<p>Turun son etab\u0131na \u0130BB Genel Sekreteri Can Ak\u0131n \u00c7a\u011flar, T\u00fcrkiye Bisiklet Federasyonu As Ba\u015fkan\u0131 Metin Cengiz, \u0130BB Ba\u015fkan Dan\u0131\u015fman\u0131 Yi\u011fit O\u011fuz Duman, \u0130BB Genel Sekreter Yard\u0131mc\u0131s\u0131 Erdal Celal Aksoy, \u0130BB D\u0131\u015f \u0130li\u015fkilerden Sorumlu Ba\u015fkan Dan\u0131\u015fman\u0131 Mustafa Osman Turan, \u0130BB Destek Hizmetleri Daire Ba\u015fkan\u0131 Bar\u0131\u015f Y\u0131ld\u0131z, \u0130BB Spor \u0130stanbul Genel M\u00fcd\u00fcr\u00fc \u0130. Renay Onur, \u0130BB Gen\u00e7lik ve Spor M\u00fcd\u00fcr\u00fc \u0130lker \u00d6zt\u00fcrk, Kad\u0131k\u00f6y Belediye Ba\u015fkan Yard\u0131mc\u0131s\u0131 Rasim Emre F\u0131r\u0131nc\u0131 ve Beykoz Belediye Ba\u015fkan Yard\u0131mc\u0131s\u0131 Taner Aksu da kat\u0131ld\u0131. Tour of \u0130stanbul \u015fampiyonu Mathieu Burgaudeau, \u00f6d\u00fcl\u00fcn\u00fc \u0130BB Genel Sekreteri Can Ak\u0131n \u00c7a\u011flar\u2019dan ald\u0131.<\/p>\n\n\n\n<p><\/p>\n\n\n<div class=\"wp-block-image\">\n<figure class=\"aligncenter size-full\"><img decoding=\"async\" loading=\"lazy\" width=\"971\" height=\"503\" src=\"http:\/\/www.maratonturk.com\/wp-content\/uploads\/2024\/09\/image-3.png\" alt=\"\" class=\"wp-image-896\" srcset=\"http:\/\/www.maratonturk.com\/wp-content\/uploads\/2024\/09\/image-3.png 971w, http:\/\/www.maratonturk.com\/wp-content\/uploads\/2024\/09\/image-3-300x155.png 300w, http:\/\/www.maratonturk.com\/wp-content\/uploads\/2024\/09\/image-3-768x398.png 768w\" sizes=\"(max-width: 971px) 100vw, 971px\" \/><\/figure><\/div>\n\n\n<p><\/p>\n\n\n\n<p><strong>\u015eAMP\u0130YON BURGAUDEAU\u2019DAN KAR\u0130YER \u0130LK\u0130<\/strong><\/p>\n\n\n\n<p>Mathieu Burgaudeau, kara bulutlar\u0131n dola\u015ft\u0131\u011f\u0131 bir pazar g\u00fcn\u00fc Tour of \u0130stanbul\u2019un son etab\u0131nda \u015fampiyonlu\u011fu kazand\u0131; bu zafer 25 ya\u015f\u0131ndaki Frans\u0131z bisiklet\u00e7inin kariyerinde bir etapl\u0131 yar\u0131\u015fta elde etti\u011fi ilk genel klasman birincili\u011fi olarak da kay\u0131tlara ge\u00e7ti.<\/p>\n\n\n\n<p>\u015eile\u2019deki 2. etapta zaferi kazand\u0131ktan ve lider mayoyu omuzlar\u0131na ge\u00e7irdikten sonra Burgaudeau, Polonezk\u00f6y\u2019de de biti\u015f \u00e7izgisinden turuncu mayoyla ilk s\u0131rada ge\u00e7ti ve rakipleri kar\u015f\u0131s\u0131nda liderli\u011fini per\u00e7inledi. Son g\u00fcn bir s\u00fcrprize mahal vermeyen TotalEnergies, Tour of \u0130stanbul\u2019da podyumun en \u00fcst basama\u011f\u0131na Burgaudeau ve \u00fc\u00e7\u00fcnc\u00fc basama\u011f\u0131na da Emilien Jeanni\u00e8re ile \u00e7\u0131kmay\u0131 ba\u015fard\u0131.&nbsp;<\/p>\n\n\n\n<p>Tour of \u0130stanbul\u2019un genel klasman\u0131nda nihai ilk \u00fc\u00e7, \u015fu \u015fekilde s\u0131raland\u0131:<\/p>\n\n\n\n<ol>\n<li>Mathieu Burgaudeau (TotalEnergies)<\/li>\n\n\n\n<li>Alessandro Romele (Astana Qazaqstan Team)<\/li>\n\n\n\n<li>Emilien Jeanni\u00e8re (TotalEnergies)<\/li>\n<\/ol>\n\n\n\n<p><strong>TOUR OF \u0130STANBUL\u2019A TOTALENERGIES DAMGA VURDU<\/strong><\/p>\n\n\n\n<p>\u0130kinci senesinde UCI 2.1 kategorisine y\u00fckselen Tour of \u0130stanbul\u2019da m\u00fccadele eden 5 k\u0131ta tak\u0131m\u0131ndan biri olan Frans\u0131z temsilcisi TotalEnergies, g\u00fc\u00e7l\u00fc kadrosuyla k\u00e2\u011f\u0131t \u00fcst\u00fcnde dikkat \u00e7ekiyordu. Tak\u0131m d\u00f6rt etapta beklentilerin de \u00fcst\u00fcne \u00e7\u0131kt\u0131.<\/p>\n\n\n\n<p>\u00c7atalca-\u00c7atalca etab\u0131n\u0131 tak\u0131m\u0131n 25 ya\u015f\u0131ndaki sprinteri Emilien Jeanni\u00e8re ile kazan\u0131p, podyumun son basama\u011f\u0131na da bu sene Fransa Turu\u2019nda pedal \u00e7eviren Mathieu Burgaudeau ile \u00e7\u0131kmay\u0131 ba\u015faran ekibin deneyimli yol kaptan\u0131 Julien Simon da g\u00fcn\u00fc alt\u0131nc\u0131 s\u0131rada tamamlad\u0131. Bu sonu\u00e7la ilk 10\u2019a \u00fc\u00e7 bisiklet\u00e7i sokan tak\u0131m, bir sonraki g\u00fcn \u015eile Liman\u0131\u2019nda bu sefer Burgaudeau ile birincilik sevinci ya\u015fad\u0131. Jeanni\u00e8re ise zorlu g\u00fcn\u00fc be\u015finci olarak tamamlad\u0131. Beykoz-Polonezk\u00f6y etab\u0131na lider mayoda ba\u015flayan Burgaudeau, biti\u015f \u00e7izgisinden bir kez daha ilk s\u0131rada ge\u00e7erek g\u00f6vde g\u00f6steri yaparken, bu sefer Jeanni\u00e8re podyumun son basama\u011f\u0131na \u00fc\u00e7\u00fcnc\u00fc olarak \u00e7\u0131kt\u0131. Ayn\u0131 zamanda bu sonu\u00e7la Jeanni\u00e8re, Magnus Klaris Bak\u2019\u0131 geride b\u0131rakarak genel klasmanda \u00fc\u00e7\u00fcnc\u00fc s\u0131raya y\u00fckseldi.<\/p>\n\n\n\n<p><strong>TIRMANI\u015eIN \u015eAMP\u0130YONU SAMET BULUT<\/strong><\/p>\n\n\n\n<p>Tour of \u0130stanbul\u2019da klasman m\u00fccadelesi son g\u00fcnde de devam etti. G\u00fcn\u00fcn ilk prim kap\u0131s\u0131 Sayg\u0131 Sprint Primi\u2019nde da\u011f\u0131t\u0131ld\u0131. Burada Mazowsze Serce Polski tak\u0131m\u0131ndan Marcin Budzi\u0144ski en y\u00fcksek puan\u0131 alarak son g\u00fcn beyaz mayonun sahibi oldu. G\u00fcn\u00fcn ikinci klasman m\u00fccadelesi ise t\u0131rman\u0131\u015f\u0131n lideri anlam\u0131na gelen Da\u011flar\u0131n Kral\u0131\u2019n\u0131 belirleyecek ye\u015fil mayodayd\u0131. Barbaros Bulvar\u0131\u2019n\u0131n tepesindeki kap\u0131dan \u0130stanbul B\u00fcy\u00fck\u015fehir Belediye\u2019den Samet Bulut ilk s\u0131rada ge\u00e7erek, mayoyu Kaan Soylu \u00d6zkalbim\u2019den ald\u0131. G\u00fcn\u00fcn el de\u011fi\u015ftiren bir di\u011fer mayosu da en iyi sprintere verilen mavi mayoydu. Ba\u011fdat Caddesi\u2019ndeki \u00fc\u00e7 ara sprint kap\u0131s\u0131ndan da ilk s\u0131rada ge\u00e7en Emilien Jeanni\u00e8re klasmanda liderli\u011fini ilan etti.&nbsp;<\/p>\n\n\n\n<p><strong>HALK S\u00dcR\u00dc\u015e\u00dcNE B\u00dcY\u00dcK \u0130LG\u0130<\/strong><\/p>\n\n\n\n<p>Tour of \u0130stanbul\u2019un son g\u00fcn\u00fc Yenikap\u0131-Yenikap\u0131\u2019da amat\u00f6r bisikletseverler i\u00e7in \u0130BB Spor \u0130stanbul taraf\u0131ndan Tarihi Yar\u0131mada Bisiklet Turu d\u00fczenlendi. Bisiklet k\u00fclt\u00fcr\u00fcn\u00fcn tabana yay\u0131lmas\u0131 amac\u0131yla organize edilen etkinli\u011fe deyim yetindeyse \u0130stanbullu bisikletseverler ak\u0131n etti. Tarihi Yar\u0131mada ve Hali\u00e7\u2019e giden g\u00fczergahta trafi\u011fe kapal\u0131 yollarda iki teker \u00fczerinde pedal basma keyfini ya\u015fayan 1000\u2019e yak\u0131n bisikletli, Tarihi Yar\u0131mada Turu\u2019nun ard\u0131ndan Yenikap\u0131\u2019da fini\u015f verdi.<\/p>\n\n\n\n<p><strong>TAR\u0130H\u0130 VE K\u00dcLT\u00dcREL \u015e\u00d6LEN<\/strong><\/p>\n\n\n\n<p>Tour of \u0130stanbul\u2019un geride kalan \u00fc\u00e7 etab\u0131yla \u0130stanbul\u2019un daha az bilinen el de\u011fmemi\u015f do\u011fas\u0131na tan\u0131k olduk. Mavi ile ye\u015filin bulu\u015ftu\u011fu \u00fc\u00e7 etab\u0131n ard\u0131ndan yar\u0131\u015f\u0131n son g\u00fcn\u00fc, kadim \u015fehrin tarihi ve k\u00fclt\u00fcrel dokusunun kalbinin att\u0131\u011f\u0131 simge yap\u0131 ve lokasyonlar\u0131 ziyaret ederek, t\u00fcm d\u00fcnyay\u0131 bir kez daha kendine hayran b\u0131rakt\u0131.<\/p>\n\n\n\n<p>Renkli ah\u015fap evleri ile \u0130stanbul&#8217;un en pop\u00fcler yerlerinden biri haline gelen Balat, \u0130stanbul&#8217;u en b\u00fcy\u00fcl\u00fc haliyle deneyimleyebilece\u011finiz Galata K\u00f6pr\u00fcs\u00fc, modernle\u015fme ve reformun sembol\u00fc haline gelen Dolmabah\u00e7e Saray\u0131, Avrupa ve Asya yakas\u0131n\u0131 Bo\u011faz&#8217;da birbirine ba\u011flayan Bo\u011fazi\u00e7i K\u00f6pr\u00fcs\u00fc, \u015fehrin Asya Yakas\u0131\u2019nda alt\u0131 kilometreden fazla uzanan, al\u0131\u015fveri\u015f tutkunlar\u0131n\u0131n cenneti ve \u0130stanbul&#8217;un kalbinde, yemek ve k\u00fclt\u00fcrel lezzetlerin m\u00fckemmel kar\u0131\u015f\u0131m\u0131n\u0131 ke\u015ffedebilece\u011finiz Ba\u011fdat Caddesi, \u0130stanbul&#8217;un Avrupa Yakas\u0131\u2019nda, \u0130stanbul Bo\u011faz\u0131&#8217;n\u0131n g\u00fcney k\u0131y\u0131s\u0131nda, Fatih il\u00e7esinde bulunan bir liman semti olan Yenikap\u0131 ve \u00e7ok daha fazlas\u0131 Tour of \u0130stanbul\u2019un son etab\u0131n\u0131 izleyenleri b\u00fcy\u00fclemeyi ba\u015fard\u0131.<\/p>\n","protected":false},"excerpt":{"rendered":"<p>\u0130stanbul B\u00fcy\u00fck\u015fehir Belediyesi (\u0130BB) i\u015ftiraki Spor \u0130stanbul\u2019un d\u00fczenledi\u011fi Tour of \u0130stanbul, Yenikap\u0131-Yenikap\u0131 etab\u0131yla sona erdi. D\u00f6rt g\u00fcn s\u00fcren turun \u015fampiyonu Frans\u0131z TotalEnergies tak\u0131m\u0131ndan Mathieu Burgaudeau<\/p>\n","protected":false},"author":1,"featured_media":891,"comment_status":"open","ping_status":"open","sticky":false,"template":"","format":"standard","meta":[],"categories":[2],"tags":[],"_links":{"self":[{"href":"http:\/\/www.maratonturk.com\/index.php?rest_route=\/wp\/v2\/posts\/889"}],"collection":[{"href":"http:\/\/www.maratonturk.com\/index.php?rest_route=\/wp\/v2\/posts"}],"about":[{"href":"http:\/\/www.maratonturk.com\/index.php?rest_route=\/wp\/v2\/types\/post"}],"author":[{"embeddable":true,"href":"http:\/\/www.maratonturk.com\/index.php?rest_route=\/wp\/v2\/users\/1"}],"replies":[{"embeddable":true,"href":"http:\/\/www.maratonturk.com\/index.php?rest_route=%2Fwp%2Fv2%2Fcomments&post=889"}],"version-history":[{"count":3,"href":"http:\/\/www.maratonturk.com\/index.php?rest_route=\/wp\/v2\/posts\/889\/revisions"}],"predecessor-version":[{"id":897,"href":"http:\/\/www.maratonturk.com\/index.php?rest_route=\/wp\/v2\/posts\/889\/revisions\/897"}],"wp:featuredmedia":[{"embeddable":true,"href":"http:\/\/www.maratonturk.com\/index.php?rest_route=\/wp\/v2\/media\/891"}],"wp:attachment":[{"href":"http:\/\/www.maratonturk.com\/index.php?rest_route=%2Fwp%2Fv2%2Fmedia&parent=889"}],"wp:term":[{"taxonomy":"category","embeddable":true,"href":"http:\/\/www.maratonturk.com\/index.php?rest_route=%2Fwp%2Fv2%2Fcategories&post=889"},{"taxonomy":"post_tag","embeddable":true,"href":"http:\/\/www.maratonturk.com\/index.php?rest_route=%2Fwp%2Fv2%2Ftags&post=889"}],"curies":[{"name":"wp","href":"https:\/\/api.w.org\/{rel}","templated":true}]}}