{"id":762,"date":"2024-07-20T12:47:50","date_gmt":"2024-07-20T12:47:50","guid":{"rendered":"http:\/\/www.maratonturk.com\/?p=762"},"modified":"2024-07-20T12:53:19","modified_gmt":"2024-07-20T12:53:19","slug":"dunya-fenerbahceliler-gununde-kktcde-buyuk-cosku","status":"publish","type":"post","link":"http:\/\/www.maratonturk.com\/?p=762","title":{"rendered":"<strong>D\u00fcnya Fenerbah\u00e7eliler G\u00fcn\u00fcnde KKTC\u2019de B\u00fcy\u00fck Co\u015fku<\/strong>"},"content":{"rendered":"\n<p><\/p>\n\n\n\n<p><strong>KKTC Fenerbah\u00e7eli \u0130\u015f \u0130nsanlar\u0131 Derne\u011fi (KKTCFB\u0130DER) taraf\u0131ndan \u201cD\u00fcnya Fenerbah\u00e7eliler G\u00fcn\u00fc\u201d dolay\u0131s\u0131yla organize edilen baloya K\u0131br\u0131sl\u0131 Fenerbah\u00e7eliler yo\u011fun ilgi g\u00f6sterdi. Grand Pasha Lefko\u015fa Otel\u2019de b\u00fcy\u00fck bir co\u015fkuyla ger\u00e7ekle\u015fen etkinli\u011fe, KKTC D\u0131\u015fi\u015fleri Bakan\u0131 Tahsin Ertu\u011frulo\u011flu, Pasha Grup Y\u00f6netim Kurulu Ba\u015fkan\u0131 Vedat Erba\u015f ve e\u015fi Tu\u011fba Erba\u015f, Fenerbah\u00e7e Y\u00f6netim Kurulu \u00dcyesi Serta\u00e7 Kom\u015fuo\u011flu, KKTCFB\u0130DER Ba\u015fkan\u0131 Bur\u00e7in Aliusta, dernek y\u00f6netim kurulu \u00fcyeleri ve \u00e7ok say\u0131da Fenerbah\u00e7e taraftar\u0131 kat\u0131ld\u0131.<\/strong><\/p>\n\n\n\n<p><strong>\u201cD\u00fcnya Fenerbah\u00e7eliler G\u00fcn\u00fc\u201d<\/strong>&nbsp;vesilesiyle organize edilen etkinli\u011fin sunuculu\u011funu \u00fcnl\u00fc televizyoncu Mesut Yar ve \u00c7ilem Da\u011f\u0131stanl\u0131 yapt\u0131. Gecede ilk olarak sahne alan Golden Band Cyprus ekibi \u00e7ald\u0131\u011f\u0131 \u015fark\u0131larla co\u015fkuya ayr\u0131 bir renk katt\u0131. I\u015f\u0131k ve ate\u015f g\u00f6sterileriyle g\u00f6rsel bir \u015f\u00f6len ya\u015fat\u0131lan gecede, DJ Bar\u0131\u015f Pulat kat\u0131l\u0131mc\u0131lara unutulmaz dakikalar ya\u015fatt\u0131.<\/p>\n\n\n\n<p>Etkinlik kapsam\u0131nda Fenerbah\u00e7e Beko Sponsorlar\u0131ndan Pasha Grubu Y\u00f6netim Kurulu Ba\u015fkan\u0131 Vedat Erba\u015f&#8217;a Fenerbah\u00e7e Y\u00f6netim Kurulu \u00dcyesi Serta\u00e7 Kom\u015fuo\u011flu Basketbol \u015eampiyonluk Madalyas\u0131 hediye etti. Bu arada co\u015fkulu gecede, \u00c7ocuk Onkolojisi \u00fczerine \u00e7al\u0131\u015fma yapan bir STK\u2019ya da \u00fc\u00e7 ayr\u0131 makine ba\u011f\u0131\u015f\u0131 ger\u00e7ekle\u015ftirildi.<\/p>\n\n\n\n<p>Geceye ayr\u0131ca KKTC Cumhuriyet Meclisi Ba\u015fkan Yard\u0131mc\u0131s\u0131 CTP Milletvekili Fazilet \u00d6zdenefe, Ekonomi ve Enerji Bakan\u0131 Olgun Amcao\u011flu, Polis Genel M\u00fcd\u00fcr\u00fc 1. Yard\u0131mc\u0131 Ali Adal\u0131er , Lefko\u015fa Kaymakam\u0131 Cemal Kuyucu, KKTC Vodafone Telsim Genel M\u00fcd\u00fcr\u00fc Sefer T\u00fcz, KKTC i\u015f Bankas\u0131 Genel M\u00fcd\u00fcr\u00fc Serhan Ak\u015fahin, KKTC Alpet CEO\u2019su Co\u015fkun \u00d6zt\u00fcrker, Kaner \u015eirketler Grubu Y\u00f6netim Kurulu \u00fcyesi Kaan Kaner ve Fenerbah\u00e7e Spor Kul\u00fcb\u00fc Y\u00f6netim Kurulu \u00dcyesi \u00d6zg\u00fcr \u00d6zakta\u00e7 kat\u0131ld\u0131.<\/p>\n\n\n\n<p><\/p>\n","protected":false},"excerpt":{"rendered":"<p>KKTC Fenerbah\u00e7eli \u0130\u015f \u0130nsanlar\u0131 Derne\u011fi (KKTCFB\u0130DER) taraf\u0131ndan \u201cD\u00fcnya Fenerbah\u00e7eliler G\u00fcn\u00fc\u201d dolay\u0131s\u0131yla organize edilen baloya K\u0131br\u0131sl\u0131 Fenerbah\u00e7eliler yo\u011fun ilgi g\u00f6sterdi. Grand Pasha Lefko\u015fa Otel\u2019de b\u00fcy\u00fck bir<\/p>\n","protected":false},"author":1,"featured_media":763,"comment_status":"open","ping_status":"open","sticky":false,"template":"","format":"standard","meta":[],"categories":[2],"tags":[],"_links":{"self":[{"href":"http:\/\/www.maratonturk.com\/index.php?rest_route=\/wp\/v2\/posts\/762"}],"collection":[{"href":"http:\/\/www.maratonturk.com\/index.php?rest_route=\/wp\/v2\/posts"}],"about":[{"href":"http:\/\/www.maratonturk.com\/index.php?rest_route=\/wp\/v2\/types\/post"}],"author":[{"embeddable":true,"href":"http:\/\/www.maratonturk.com\/index.php?rest_route=\/wp\/v2\/users\/1"}],"replies":[{"embeddable":true,"href":"http:\/\/www.maratonturk.com\/index.php?rest_route=%2Fwp%2Fv2%2Fcomments&post=762"}],"version-history":[{"count":3,"href":"http:\/\/www.maratonturk.com\/index.php?rest_route=\/wp\/v2\/posts\/762\/revisions"}],"predecessor-version":[{"id":767,"href":"http:\/\/www.maratonturk.com\/index.php?rest_route=\/wp\/v2\/posts\/762\/revisions\/767"}],"wp:featuredmedia":[{"embeddable":true,"href":"http:\/\/www.maratonturk.com\/index.php?rest_route=\/wp\/v2\/media\/763"}],"wp:attachment":[{"href":"http:\/\/www.maratonturk.com\/index.php?rest_route=%2Fwp%2Fv2%2Fmedia&parent=762"}],"wp:term":[{"taxonomy":"category","embeddable":true,"href":"http:\/\/www.maratonturk.com\/index.php?rest_route=%2Fwp%2Fv2%2Fcategories&post=762"},{"taxonomy":"post_tag","embeddable":true,"href":"http:\/\/www.maratonturk.com\/index.php?rest_route=%2Fwp%2Fv2%2Ftags&post=762"}],"curies":[{"name":"wp","href":"https:\/\/api.w.org\/{rel}","templated":true}]}}