{"id":718,"date":"2024-07-09T09:27:32","date_gmt":"2024-07-09T09:27:32","guid":{"rendered":"http:\/\/www.maratonturk.com\/?p=718"},"modified":"2024-07-09T09:28:20","modified_gmt":"2024-07-09T09:28:20","slug":"genc-pilot-kerem-kazaz-avrupa-ralli-sampiyonasinda-istiklal-marsi-ile-podyumda","status":"publish","type":"post","link":"http:\/\/www.maratonturk.com\/?p=718","title":{"rendered":"Gen\u00e7 pilot Kerem Kazaz, Avrupa Ralli \u015eampiyonas\u0131\u2019nda \u0130stiklal Mar\u015f\u0131 ile podyumda"},"content":{"rendered":"\n<p><\/p>\n\n\n\n<p>16 ya\u015f\u0131nda milli olarak T\u00fcrkiye\u2019nin En Gen\u00e7 Ralli Pilotu \u00fcnvan\u0131na sahip olan, bu y\u0131l \u015eubat ay\u0131nda18 ya\u015f\u0131na girer girmez almaya hak kazand\u0131\u011f\u0131 ehliyeti ile kat\u0131ld\u0131\u011f\u0131 T\u00fcrkiye Ralli \u015eampiyonas\u0131\u2019n\u0131n ilk yar\u0131\u015f\u0131 olan Sar\u0131kam\u0131\u015f Rallisi\u2019nde elde etti\u011fi galibiyet ile T\u00fcrkiye\u2019de ilk genel klasman rallisini kazanmay\u0131 ba\u015faran Kerem Kazaz, ge\u00e7ti\u011fimiz hafta sonu ba\u015far\u0131lar\u0131na bir yenisini ekledi.<\/p>\n\n\n\n<p>4 \u2013 7 Temmuz 2024 tarihleri aras\u0131nda Estonya\u2019da ko\u015fulan FIA Avrupa Ralli \u015eampiyonas\u0131nda, Ford Fiesta Rally3 Trophy\u2019de birincilik k\u00fcrs\u00fcs\u00fcne \u00e7\u0131karken ayn\u0131 anda ko\u015fulan 2024 Letonya Ralli \u015eampiyonas\u0131\u2019n\u0131n Estonya aya\u011f\u0131nda, t\u00fcm g\u00fc\u00e7l\u00fc ve tecr\u00fcbeli rakiplerini geride b\u0131rakarak genel klasman biricisi oldu.<\/p>\n\n\n\n<p>Copilotu Hugo Magalhaes ile Letonya Rallisi ERC3 klasman\u0131nda da d\u00f6rd\u00fcnc\u00fc olarak \u00f6nemli puanlar almay\u0131 ba\u015faran gen\u00e7 pilot Kerem Kazaz, Avrupa Ralli \u015eampiyonas\u0131 podyumunda \u0130stiklal Mar\u015f\u0131n\u0131 gururla dinletti.\u00a0<\/p>\n\n\n\n<p>Kerem\u2019in bundan sonraki rallisi AT\u00dc DUTYFREE, Riga ve TAV Airports deste\u011fi ile 18 \u2013 21 Temmuz\u2019da D\u00fcnya Ralli \u015eampiyonas\u0131\u2019n\u0131n Letonya aya\u011f\u0131nda olacak.<\/p>\n\n\n<div class=\"wp-block-image\">\n<figure class=\"aligncenter size-full\"><img decoding=\"async\" loading=\"lazy\" width=\"740\" height=\"426\" src=\"http:\/\/www.maratonturk.com\/wp-content\/uploads\/2024\/07\/image-7.png\" alt=\"\" class=\"wp-image-721\" srcset=\"http:\/\/www.maratonturk.com\/wp-content\/uploads\/2024\/07\/image-7.png 740w, http:\/\/www.maratonturk.com\/wp-content\/uploads\/2024\/07\/image-7-300x173.png 300w\" sizes=\"(max-width: 740px) 100vw, 740px\" \/><\/figure><\/div>\n\n\n<p><\/p>\n","protected":false},"excerpt":{"rendered":"<p>16 ya\u015f\u0131nda milli olarak T\u00fcrkiye\u2019nin En Gen\u00e7 Ralli Pilotu \u00fcnvan\u0131na sahip olan, bu y\u0131l \u015eubat ay\u0131nda18 ya\u015f\u0131na girer girmez almaya hak kazand\u0131\u011f\u0131 ehliyeti ile kat\u0131ld\u0131\u011f\u0131<\/p>\n","protected":false},"author":1,"featured_media":719,"comment_status":"open","ping_status":"open","sticky":false,"template":"","format":"standard","meta":[],"categories":[2],"tags":[],"_links":{"self":[{"href":"http:\/\/www.maratonturk.com\/index.php?rest_route=\/wp\/v2\/posts\/718"}],"collection":[{"href":"http:\/\/www.maratonturk.com\/index.php?rest_route=\/wp\/v2\/posts"}],"about":[{"href":"http:\/\/www.maratonturk.com\/index.php?rest_route=\/wp\/v2\/types\/post"}],"author":[{"embeddable":true,"href":"http:\/\/www.maratonturk.com\/index.php?rest_route=\/wp\/v2\/users\/1"}],"replies":[{"embeddable":true,"href":"http:\/\/www.maratonturk.com\/index.php?rest_route=%2Fwp%2Fv2%2Fcomments&post=718"}],"version-history":[{"count":2,"href":"http:\/\/www.maratonturk.com\/index.php?rest_route=\/wp\/v2\/posts\/718\/revisions"}],"predecessor-version":[{"id":722,"href":"http:\/\/www.maratonturk.com\/index.php?rest_route=\/wp\/v2\/posts\/718\/revisions\/722"}],"wp:featuredmedia":[{"embeddable":true,"href":"http:\/\/www.maratonturk.com\/index.php?rest_route=\/wp\/v2\/media\/719"}],"wp:attachment":[{"href":"http:\/\/www.maratonturk.com\/index.php?rest_route=%2Fwp%2Fv2%2Fmedia&parent=718"}],"wp:term":[{"taxonomy":"category","embeddable":true,"href":"http:\/\/www.maratonturk.com\/index.php?rest_route=%2Fwp%2Fv2%2Fcategories&post=718"},{"taxonomy":"post_tag","embeddable":true,"href":"http:\/\/www.maratonturk.com\/index.php?rest_route=%2Fwp%2Fv2%2Ftags&post=718"}],"curies":[{"name":"wp","href":"https:\/\/api.w.org\/{rel}","templated":true}]}}