{"id":693,"date":"2024-07-07T16:24:59","date_gmt":"2024-07-07T16:24:59","guid":{"rendered":"http:\/\/www.maratonturk.com\/?p=693"},"modified":"2024-07-07T18:42:40","modified_gmt":"2024-07-07T18:42:40","slug":"turk-bayragi-yine-oradaydi","status":"publish","type":"post","link":"http:\/\/www.maratonturk.com\/?p=693","title":{"rendered":"T\u00fcrk Bayra\u011f\u0131 Yine Oradayd\u0131 . . . \/ The Turkish Flag Was There Again . . ."},"content":{"rendered":"\n<p>29 Haziran&#8217;da \u0130talya-Floransa&#8217;da ba\u015flayan 111. Fransa Bisiklet Turu (Tour de France) devam ediyor.<\/p>\n\n\n\n<p>Bug\u00fcn ko\u015fulan 199 km mesafeli Troyes &#8211; Troyes etab\u0131n\u0131 4 saat 19 dakika 43 saniyelik zamanla Frans\u0131z bisiklet\u00e7i A.Turgis kazand\u0131.<\/p>\n\n\n\n<p>4. etaptan itibaren var\u0131\u015f alan\u0131nda dalgalanan T\u00fcrk bayra\u011f\u0131 bu etapta da yerini alm\u0131\u015ft\u0131. Fransa Bisiklet Turu&#8217;nu takip eden bir T\u00fcrk taraf\u0131ndan her etap biti\u015finde dalgaland\u0131r\u0131lan b\u00fcy\u00fck ebatl\u0131 bu bayra\u011f\u0131 g\u00f6rmeye al\u0131\u015ft\u0131k. Di\u011fer etaplarda da g\u00f6rece\u011fimizi umuyoruz.<\/p>\n\n\n\n<p>NOT: Fransa Bisiklet Turu&#8217;nun 15 etab\u0131n\u0131n de\u011ferlendirilmesi 15 Temmuz&#8217;da Gazeteci-Spor Yazar\u0131 Murat \u0130lter ve MaratonT\u00fcrk Genel Yay\u0131n Y\u00f6netmeni Osman Atakan Tekin taraf\u0131ndan yap\u0131lacak olup, Son-An gazetesi st\u00fcdyolar\u0131nda \u00e7ekimi yap\u0131lacak program 16 Temmuz&#8217;da MaratonT\u00fcrk YouTube ve SporT\u00fcrk TV&#8217;nin YouTube Kanallar\u0131nda yay\u0131nlanacakt\u0131r.<\/p>\n\n\n\n<p>2 Temmuz&#8217;da MaratonT\u00fcrk YouTube Kanal\u0131nda yay\u0131nlanan Fransa Bisiklet Turu&#8217;nun \u0130talya&#8217;daki etaplar\u0131n program\u0131 bu linkten seyredilebilir. >>\u00a0<a rel=\"noreferrer noopener\" href=\"https:\/\/www.youtube.com\/watch?v=egshTUsDQ3U&amp;t=2259s&amp;fbclid=IwZXh0bgNhZW0CMTAAAR1W-g3uharsA20J0C3gh9QmrR72Z0Ku3KQLEMHOOlN2MqEdvUGkTlxLhag_aem_Tpcf6tX1kXoOTeu8bVg0wQ\" target=\"_blank\">https:\/\/www.youtube.com\/watch?v=egshTUsDQ3U&amp;t=2259s<\/a><\/p>\n\n\n<div class=\"wp-block-image\">\n<figure class=\"aligncenter size-full\"><img decoding=\"async\" loading=\"lazy\" width=\"900\" height=\"562\" src=\"http:\/\/www.maratonturk.com\/wp-content\/uploads\/2024\/07\/image-1.png\" alt=\"\" class=\"wp-image-697\" srcset=\"http:\/\/www.maratonturk.com\/wp-content\/uploads\/2024\/07\/image-1.png 900w, http:\/\/www.maratonturk.com\/wp-content\/uploads\/2024\/07\/image-1-300x187.png 300w, http:\/\/www.maratonturk.com\/wp-content\/uploads\/2024\/07\/image-1-768x480.png 768w, http:\/\/www.maratonturk.com\/wp-content\/uploads\/2024\/07\/image-1-350x220.png 350w\" sizes=\"(max-width: 900px) 100vw, 900px\" \/><figcaption class=\"wp-element-caption\"><strong>9. Etap birincisi A.Turgis ve arkas\u0131nda dalgalanan T\u00fcrk bayra\u011f\u0131.<\/strong><\/figcaption><\/figure><\/div>\n\n\n<p class=\"has-vivid-red-color has-text-color\"><strong>The Turkish Flag Was There Again . . .<\/strong><\/p>\n\n\n\n<p class=\"has-vivid-red-color has-text-color\">&#8220;The Turkish flag that was waving in the finish line starting from the 4th stage had taken its place in this stage as well. We have become accustomed to seeing this large flag waved by a Turk following the Tour de France at the end of each stage ..&#8221;<\/p>\n\n\n\n<p class=\"has-vivid-red-color has-text-color\">NOTE: The evaluation of the 15 stages of the Tour de France will be made by Journalist-Sports Writer Murat \u0130lter and MaratonT\u00fcrk Editor-in-Chief Osman Atakan Tekin on July 15, and the program, which will be recorded in the Son-An newspaper studios, will be broadcasted on the MaratonT\u00fcrk and SporT\u00fcrk TV&#8217;s YouTube Channels on July 16.<\/p>\n\n\n\n<p class=\"has-vivid-red-color has-text-color\">The program of the stages of the Tour de France in Italy, which was broadcast on the MaratonT\u00fcrk YouTube Channel on July 2, can be watched at this link. >> <\/p>\n\n\n\n<figure class=\"wp-block-embed is-type-video is-provider-youtube wp-block-embed-youtube wp-embed-aspect-16-9 wp-has-aspect-ratio\"><div class=\"wp-block-embed__wrapper\">\n<iframe loading=\"lazy\" title=\"MaratonT\u00fcrk Spor Kanal\u0131\" width=\"640\" height=\"360\" src=\"https:\/\/www.youtube.com\/embed\/egshTUsDQ3U?start=2259&#038;feature=oembed\" frameborder=\"0\" allow=\"accelerometer; autoplay; clipboard-write; encrypted-media; gyroscope; picture-in-picture; web-share\" referrerpolicy=\"strict-origin-when-cross-origin\" allowfullscreen><\/iframe>\n<\/div><\/figure>\n\n\n\n<p class=\"has-vivid-red-color has-text-color\"><a rel=\"noreferrer noopener\" href=\"https:\/\/www.youtube.com\/watch?v=egshTUsDQ3U&amp;t=2259s&amp;fbclid=IwZXh0bgNhZW0CMTAAAR30i-gDHlP7AfC_lFC3m5F0vny4tY6qOoHHPVYk6u2AYHe8VF0oqKRcXAk_aem_20v8oBRsgupDLTD46UkIQA\" target=\"_blank\">https:\/\/www.youtube.com\/watch?v=egshTUsDQ3U&amp;t=2259s<\/a><\/p>\n\n\n\n<p><\/p>\n\n\n<div class=\"wp-block-image\">\n<figure class=\"aligncenter size-full\"><img decoding=\"async\" loading=\"lazy\" width=\"900\" height=\"500\" src=\"http:\/\/www.maratonturk.com\/wp-content\/uploads\/2024\/07\/image-5.png\" alt=\"\" class=\"wp-image-701\" srcset=\"http:\/\/www.maratonturk.com\/wp-content\/uploads\/2024\/07\/image-5.png 900w, http:\/\/www.maratonturk.com\/wp-content\/uploads\/2024\/07\/image-5-300x167.png 300w, http:\/\/www.maratonturk.com\/wp-content\/uploads\/2024\/07\/image-5-768x427.png 768w\" sizes=\"(max-width: 900px) 100vw, 900px\" \/><\/figure><\/div>\n\n\n<p><\/p>\n\n\n\n<p><\/p>\n","protected":false},"excerpt":{"rendered":"<p>29 Haziran&#8217;da \u0130talya-Floransa&#8217;da ba\u015flayan 111. Fransa Bisiklet Turu (Tour de France) devam ediyor. Bug\u00fcn ko\u015fulan 199 km mesafeli Troyes &#8211; Troyes etab\u0131n\u0131 4 saat 19<\/p>\n","protected":false},"author":1,"featured_media":694,"comment_status":"open","ping_status":"open","sticky":false,"template":"","format":"standard","meta":[],"categories":[2],"tags":[],"_links":{"self":[{"href":"http:\/\/www.maratonturk.com\/index.php?rest_route=\/wp\/v2\/posts\/693"}],"collection":[{"href":"http:\/\/www.maratonturk.com\/index.php?rest_route=\/wp\/v2\/posts"}],"about":[{"href":"http:\/\/www.maratonturk.com\/index.php?rest_route=\/wp\/v2\/types\/post"}],"author":[{"embeddable":true,"href":"http:\/\/www.maratonturk.com\/index.php?rest_route=\/wp\/v2\/users\/1"}],"replies":[{"embeddable":true,"href":"http:\/\/www.maratonturk.com\/index.php?rest_route=%2Fwp%2Fv2%2Fcomments&post=693"}],"version-history":[{"count":10,"href":"http:\/\/www.maratonturk.com\/index.php?rest_route=\/wp\/v2\/posts\/693\/revisions"}],"predecessor-version":[{"id":715,"href":"http:\/\/www.maratonturk.com\/index.php?rest_route=\/wp\/v2\/posts\/693\/revisions\/715"}],"wp:featuredmedia":[{"embeddable":true,"href":"http:\/\/www.maratonturk.com\/index.php?rest_route=\/wp\/v2\/media\/694"}],"wp:attachment":[{"href":"http:\/\/www.maratonturk.com\/index.php?rest_route=%2Fwp%2Fv2%2Fmedia&parent=693"}],"wp:term":[{"taxonomy":"category","embeddable":true,"href":"http:\/\/www.maratonturk.com\/index.php?rest_route=%2Fwp%2Fv2%2Fcategories&post=693"},{"taxonomy":"post_tag","embeddable":true,"href":"http:\/\/www.maratonturk.com\/index.php?rest_route=%2Fwp%2Fv2%2Ftags&post=693"}],"curies":[{"name":"wp","href":"https:\/\/api.w.org\/{rel}","templated":true}]}}