{"id":683,"date":"2024-07-03T09:01:24","date_gmt":"2024-07-03T09:01:24","guid":{"rendered":"http:\/\/www.maratonturk.com\/?p=683"},"modified":"2024-07-03T12:33:37","modified_gmt":"2024-07-03T12:33:37","slug":"maratonturk-spor-kanali-yayina-basladi-maratonturk-sports-channel-started-broadcasting","status":"publish","type":"post","link":"http:\/\/www.maratonturk.com\/?p=683","title":{"rendered":"MaratonT\u00fcrk Spor Kanal\u0131 Yay\u0131na Ba\u015flad\u0131 \/ MaratonT\u00fcrk Sports Channel Started Broadcasting"},"content":{"rendered":"\n<p><\/p>\n\n\n\n<p>MaratonT\u00fcrk Dergisi ile SporT\u00fcrkTV ortak yap\u0131m\u0131 olarak Son-An Gazetesi St\u00fcdyolar\u0131nda 1 Temmuz 2024&#8217;te \u00e7ekilen, gazeteci ve spor yazar\u0131 <strong>Murat \u0130lter<\/strong> ile eski Atlet ve MaratonT\u00fcrk Genel Yay\u0131n Y\u00f6netmeni <strong>Osman Atakan Tekin<\/strong>&#8216;in birlikte sunduklar\u0131 MARATONT\u00dcRK Program\u0131n\u0131n ilk b\u00f6l\u00fcm\u00fcnde 111. Fransa Bisiklet Turu&#8217;nun ba\u015flang\u0131c\u0131 ile ilk iki etab\u0131n\u0131n de\u011ferlendirmesi yap\u0131ld\u0131.<\/p>\n\n\n\n<p class=\"has-medium-font-size\">48 dakika s\u00fcreli program\u0131 bu linke t\u0131klayarak MaratonT\u00fcrk YouTube kanal\u0131nda izleyebilirsiniz. &gt;&gt; <a href=\"https:\/\/www.youtube.com\/@maratonturk\">https:\/\/www.youtube.com\/@maratonturk<\/a><\/p>\n\n\n\n<p><strong>NOT: MaratonT\u00fcrk YouTube kanal\u0131na \u00fcye olmay\u0131 unutmay\u0131n\u0131z. \u00dcye oldu\u011funuz taktirde yeni yay\u0131nlardan hemen haberdar edileceksiniz.<\/strong><\/p>\n\n\n\n<p><\/p>\n\n\n\n<p class=\"has-vivid-red-color has-text-color\">In the first episode of the MARATONT\u00dcRK Program, which was recorded on July 1, 2024 at Son-An Newspaper Studios as a joint production of MaratonT\u00fcrk Magazine and SporT\u00fcrkTV and presented by journalist and sports writer Murat \u0130lter and former athlete and MaratonT\u00fcrk Editor-in-Chief Osman Atakan Tekin, the start and the first two stages of the 111th Tour de France were evaluated.<\/p>\n\n\n\n<p class=\"has-vivid-red-color has-text-color\">You can watch the 48-minute program on the MaratonT\u00fcrk YouTube channel by clicking on this link. &gt;&gt;<\/p>\n\n\n\n<p class=\"has-medium-font-size\"><a href=\"https:\/\/www.youtube.com\/@maratonturk\">https:\/\/www.youtube.com\/@maratonturk<\/a><\/p>\n\n\n\n<p class=\"has-vivid-red-color has-text-color\"><strong>NOTE: Do not forget to subscribe to MaratonT\u00fcrk YouTube channel. If you subscribe, you will be immediately informed of new broadcasts.<\/strong><\/p>\n\n\n\n<p><\/p>\n","protected":false},"excerpt":{"rendered":"<p>MaratonT\u00fcrk Dergisi ile SporT\u00fcrkTV ortak yap\u0131m\u0131 olarak Son-An Gazetesi St\u00fcdyolar\u0131nda 1 Temmuz 2024&#8217;te \u00e7ekilen, gazeteci ve spor yazar\u0131 Murat \u0130lter ile eski Atlet ve MaratonT\u00fcrk<\/p>\n","protected":false},"author":1,"featured_media":670,"comment_status":"open","ping_status":"open","sticky":false,"template":"","format":"standard","meta":[],"categories":[2],"tags":[],"_links":{"self":[{"href":"http:\/\/www.maratonturk.com\/index.php?rest_route=\/wp\/v2\/posts\/683"}],"collection":[{"href":"http:\/\/www.maratonturk.com\/index.php?rest_route=\/wp\/v2\/posts"}],"about":[{"href":"http:\/\/www.maratonturk.com\/index.php?rest_route=\/wp\/v2\/types\/post"}],"author":[{"embeddable":true,"href":"http:\/\/www.maratonturk.com\/index.php?rest_route=\/wp\/v2\/users\/1"}],"replies":[{"embeddable":true,"href":"http:\/\/www.maratonturk.com\/index.php?rest_route=%2Fwp%2Fv2%2Fcomments&post=683"}],"version-history":[{"count":2,"href":"http:\/\/www.maratonturk.com\/index.php?rest_route=\/wp\/v2\/posts\/683\/revisions"}],"predecessor-version":[{"id":686,"href":"http:\/\/www.maratonturk.com\/index.php?rest_route=\/wp\/v2\/posts\/683\/revisions\/686"}],"wp:featuredmedia":[{"embeddable":true,"href":"http:\/\/www.maratonturk.com\/index.php?rest_route=\/wp\/v2\/media\/670"}],"wp:attachment":[{"href":"http:\/\/www.maratonturk.com\/index.php?rest_route=%2Fwp%2Fv2%2Fmedia&parent=683"}],"wp:term":[{"taxonomy":"category","embeddable":true,"href":"http:\/\/www.maratonturk.com\/index.php?rest_route=%2Fwp%2Fv2%2Fcategories&post=683"},{"taxonomy":"post_tag","embeddable":true,"href":"http:\/\/www.maratonturk.com\/index.php?rest_route=%2Fwp%2Fv2%2Ftags&post=683"}],"curies":[{"name":"wp","href":"https:\/\/api.w.org\/{rel}","templated":true}]}}