{"id":627,"date":"2024-06-27T18:48:32","date_gmt":"2024-06-27T18:48:32","guid":{"rendered":"http:\/\/www.maratonturk.com\/?p=627"},"modified":"2024-06-28T07:35:30","modified_gmt":"2024-06-28T07:35:30","slug":"fransa-bisiklet-turu-tour-de-france-cumartesi-gunu-firenzede-basliyor","status":"publish","type":"post","link":"http:\/\/www.maratonturk.com\/?p=627","title":{"rendered":"Fransa Bisiklet Turu (Tour de France) Cumartesi g\u00fcn\u00fc Firenze&#8217;de ba\u015fl\u0131yor \/ Tour de France starts in Firenze on Saturday"},"content":{"rendered":"\n<p><\/p>\n\n\n\n<p>29 Haziran &#8211; 21 Temmuz 2024 tarihleri aras\u0131nda yap\u0131lacak 111. Fransa Bisiklet Turu (Tour de France) tarihinde ilk defa Fransa d\u0131\u015f\u0131nda bir yerde ba\u015fl\u0131yor.<\/p>\n\n\n\n<p>22 tak\u0131m\u0131n kat\u0131laca\u011f\u0131 yar\u0131\u015f\u0131n ba\u015flang\u0131\u00e7 noktas\u0131 \u0130talya &#8211; Firenze&#8217;de &#8220;Florence Cathedral&#8221; \u00f6n\u00fcnde olacak. On binlerce ko\u015fucunun kat\u0131ld\u0131\u011f\u0131 Firenze Maratonu da her y\u0131l bu noktada ba\u015fl\u0131yor.<\/p>\n\n\n\n<p>\u0130lk etap Firenze &#8211; Rimini aras\u0131nda ve 206 km. \u0130talya&#8217;da 3 etap ko\u015fulduktan sonra Tur&#8217;a Fransa&#8217;da devam edilecek.<\/p>\n\n\n\n<p>Firenze&#8217;de ya\u015fayan MaratonT\u00fcrk D\u0131\u015f Haberler Koordinat\u00f6r\u00fcm\u00fcz <strong>Sonja Angelika F\u00fchrmann<\/strong>&#8216;\u0131n da organizasyon komitesinde yer ald\u0131\u011f\u0131 &#8220;Tour de France&#8221;&#8216;\u0131 MaratonT\u00fcrk Dergisi A\u011fustos say\u0131s\u0131nda detayl\u0131 ve \u00f6zel foto\u011fraflar ile birlikte yay\u0131nlayaca\u011f\u0131z.<\/p>\n\n\n<div class=\"wp-block-image\">\n<figure class=\"aligncenter size-full\"><img decoding=\"async\" loading=\"lazy\" width=\"700\" height=\"399\" src=\"http:\/\/www.maratonturk.com\/wp-content\/uploads\/2024\/06\/image-24.png\" alt=\"\" class=\"wp-image-637\" srcset=\"http:\/\/www.maratonturk.com\/wp-content\/uploads\/2024\/06\/image-24.png 700w, http:\/\/www.maratonturk.com\/wp-content\/uploads\/2024\/06\/image-24-300x171.png 300w\" sizes=\"(max-width: 700px) 100vw, 700px\" \/><figcaption class=\"wp-element-caption\"><strong>Firenze Organizing Committee Members, Sonja Angelika F\u00fchrmann &amp; Cristina<\/strong> <\/figcaption><\/figure><\/div>\n\n\n<p class=\"has-vivid-red-color has-text-color\">The 111th Tour de France, which will be held between June 29 &#8211; July 21, 2024, is starting outside France for the first time in its history.<\/p>\n\n\n\n<p class=\"has-vivid-red-color has-text-color\">The starting point of the race, in which 22 teams will participate, will be in front of the &#8220;Florence Cathedral&#8221; in Firenze, Italy. The Firenze Marathon, which tens of thousands of runners participate in, also starts at this point every year.<\/p>\n\n\n\n<p class=\"has-vivid-red-color has-text-color\">The first stage is between Firenze and Rimini and is 206 km. After 3 stages are run in Italy, the Tour will continue in France.<\/p>\n\n\n\n<p class=\"has-vivid-red-color has-text-color\">We will publish the &#8220;Tour de France&#8221;, in which our MaratonT\u00fcrk Foreign News Coordinator <strong>Sonja Angelika F\u00fchrmann<\/strong>, who lives in Firenze, is also on the organizing committee, in the August issue of MaratonT\u00fcrk Magazine with detailed and special photographs.<\/p>\n\n\n\n<p><\/p>\n\n\n<div class=\"wp-block-image\">\n<figure class=\"aligncenter size-full\"><img decoding=\"async\" loading=\"lazy\" width=\"619\" height=\"583\" src=\"http:\/\/www.maratonturk.com\/wp-content\/uploads\/2024\/06\/image-23.png\" alt=\"\" class=\"wp-image-629\" srcset=\"http:\/\/www.maratonturk.com\/wp-content\/uploads\/2024\/06\/image-23.png 619w, http:\/\/www.maratonturk.com\/wp-content\/uploads\/2024\/06\/image-23-300x283.png 300w\" sizes=\"(max-width: 619px) 100vw, 619px\" \/><\/figure><\/div>\n\n\n<p><\/p>\n\n\n\n<p><\/p>\n\n\n\n<p><\/p>\n","protected":false},"excerpt":{"rendered":"<p>29 Haziran &#8211; 21 Temmuz 2024 tarihleri aras\u0131nda yap\u0131lacak 111. Fransa Bisiklet Turu (Tour de France) tarihinde ilk defa Fransa d\u0131\u015f\u0131nda bir yerde ba\u015fl\u0131yor. 22<\/p>\n","protected":false},"author":1,"featured_media":633,"comment_status":"open","ping_status":"open","sticky":false,"template":"","format":"standard","meta":[],"categories":[2],"tags":[],"_links":{"self":[{"href":"http:\/\/www.maratonturk.com\/index.php?rest_route=\/wp\/v2\/posts\/627"}],"collection":[{"href":"http:\/\/www.maratonturk.com\/index.php?rest_route=\/wp\/v2\/posts"}],"about":[{"href":"http:\/\/www.maratonturk.com\/index.php?rest_route=\/wp\/v2\/types\/post"}],"author":[{"embeddable":true,"href":"http:\/\/www.maratonturk.com\/index.php?rest_route=\/wp\/v2\/users\/1"}],"replies":[{"embeddable":true,"href":"http:\/\/www.maratonturk.com\/index.php?rest_route=%2Fwp%2Fv2%2Fcomments&post=627"}],"version-history":[{"count":5,"href":"http:\/\/www.maratonturk.com\/index.php?rest_route=\/wp\/v2\/posts\/627\/revisions"}],"predecessor-version":[{"id":641,"href":"http:\/\/www.maratonturk.com\/index.php?rest_route=\/wp\/v2\/posts\/627\/revisions\/641"}],"wp:featuredmedia":[{"embeddable":true,"href":"http:\/\/www.maratonturk.com\/index.php?rest_route=\/wp\/v2\/media\/633"}],"wp:attachment":[{"href":"http:\/\/www.maratonturk.com\/index.php?rest_route=%2Fwp%2Fv2%2Fmedia&parent=627"}],"wp:term":[{"taxonomy":"category","embeddable":true,"href":"http:\/\/www.maratonturk.com\/index.php?rest_route=%2Fwp%2Fv2%2Fcategories&post=627"},{"taxonomy":"post_tag","embeddable":true,"href":"http:\/\/www.maratonturk.com\/index.php?rest_route=%2Fwp%2Fv2%2Ftags&post=627"}],"curies":[{"name":"wp","href":"https:\/\/api.w.org\/{rel}","templated":true}]}}