{"id":619,"date":"2024-06-26T18:41:50","date_gmt":"2024-06-26T18:41:50","guid":{"rendered":"http:\/\/www.maratonturk.com\/?p=619"},"modified":"2024-06-26T19:08:24","modified_gmt":"2024-06-26T19:08:24","slug":"37-gunde-14-500-km-pekin-paris-klasik-otomobil-rallisi","status":"publish","type":"post","link":"http:\/\/www.maratonturk.com\/?p=619","title":{"rendered":"37 G\u00fcnde 14.500 km Pekin &#8211; Paris Klasik Otomobil Rallisi"},"content":{"rendered":"\n<p><\/p>\n\n\n\n<p><\/p>\n\n\n\n<p><strong>37 G\u00dcNDE 14.500 KM S\u00dcR\u00dc\u015e\u00dcN ARDINDAN,<\/strong> <strong>BABA-O\u011eUL ER\u0130\u00c7LER,<\/strong> <strong>8. PEK\u0130N-PAR\u0130S KL\u00c2S\u0130K OTOMOB\u0130L RALL\u0130S\u0130\u2019NDEK\u0130<\/strong> <strong>ZORLU M\u00dcCADELELER\u0130N\u0130<\/strong> <strong>BA\u015eARIYLA TAMAMLADI!<\/strong><\/p>\n\n\n\n<p><strong>Ali Eri\u00e7 ile o\u011flu Alican Eri\u00e7\u2019in zorlay\u0131c\u0131 hava ve yol ko\u015fullar\u0131na, teknik aksakl\u0131klara ra\u011fmen azimle m\u00fccadele ettikleri 8.<\/strong> <strong>Pekin-Paris Kl\u00e2sik Otomobil Rallisi, 23 Haziran\u2019da rotan\u0131n son dura\u011f\u0131 olan Paris\u2019te sona erdi! 18 May\u0131s\u2019ta \u00c7in\u2019in ba\u015fkenti Pekin\u2019de start alan rallide d\u00fcnyan\u0131n farkl\u0131 \u00fclkelerinden toplam 110 ekip s\u0131ras\u0131yla \u00c7in, Kazakistan, Azerbaycan, G\u00fcrcistan, T\u00fcrkiye, Yunanistan ve \u0130talya\u2019dan ge\u00e7erek Paris\u2019e ula\u015ft\u0131lar. Sekiz \u00fclkeyi kapsayan 37 g\u00fcnl\u00fck zorlu macerada ekipler yakla\u015f\u0131k 14.500 km kat ettiler. T\u00fcrk klasi\u011fi 1973 model Anadol STC-16 ile yar\u0131\u015fan baba-o\u011ful ya\u015fad\u0131klar\u0131 t\u00fcm sorunlara ra\u011fmen ralliyi ba\u015far\u0131yla tamamlad\u0131lar. Alican-Ali Eri\u00e7\u2019ten olu\u015fan T\u00fcrk ekibi, Fransa\u2019daki \u00f6zel etaplarda yapt\u0131klar\u0131 derecelerle Avrupa Kupas\u0131\u2019nda d\u00f6rd\u00fcnc\u00fc olarak b\u00fcy\u00fck bir ba\u015far\u0131 da elde etti.<\/strong><\/p>\n\n\n\n<p>Otomobil sporlar\u0131yla \u00f6nceleri sadece izleyici olarak ilgilenirken \u00f6nce Camel Trophy T\u00fcrk Tak\u0131m\u0131 Se\u00e7meleri, TransAnatolia rallisi, Classic Marathon gibi organizasyonlara kat\u0131lan <strong>Ali Eri\u00e7<\/strong> ve o\u011flu <strong>Alican Eri\u00e7<\/strong>, hedeflerini b\u00fcy\u00fcterek bu y\u0131l 18 May\u0131s &#8211; 23 Haziran tarihlerinde 8.\u2019si d\u00fczenlenen <strong>Pekin-Paris Kl\u00e2sik Otomobil Rallisi<\/strong>\u2019ne kat\u0131ld\u0131lar. Rallinin ilk aya\u011f\u0131 olan \u00c7in\u2019den itibaren ya\u015fad\u0131klar\u0131 teknik sorunlar\u0131n yan\u0131 s\u0131ra zorlay\u0131c\u0131 yol ve hava ko\u015fullar\u0131yla da m\u00fccadele eden baba-o\u011ful, t\u00fcm aksiliklere ra\u011fmen b\u00fcy\u00fck bir ba\u015far\u0131ya imza atarak <strong>8.<\/strong> <strong>Pekin-Paris Kl\u00e2sik Otomobil Rallisi<\/strong>\u2019ni son durak olan Paris\u2019te tamamlad\u0131lar.<\/p>\n\n\n\n<p><strong>Ali Eri\u00e7<\/strong> ve <strong>Alican Eri\u00e7<\/strong>\u2019ten olu\u015fan T\u00fcrk ekibi, \u00fc\u00e7 y\u0131lda bir d\u00fczenlenen ve bu y\u0131l ikinci kez rotas\u0131 T\u00fcrkiye\u2019den ge\u00e7en <strong>8.<\/strong> <strong>Pekin-Paris Kl\u00e2sik Otomobil Rallisi<\/strong>\u2019nde 1973-75 y\u0131llar\u0131 aras\u0131nda sadece 176 adet \u00fcretilen iki ki\u015filik <strong>Anadol STC-16 <\/strong>ile yar\u0131\u015ft\u0131lar. T\u00fcrk tasar\u0131mc\u0131lar taraf\u0131ndan tasarlan\u0131p seri olarak \u00fcretilmi\u015f ilk ve tek T\u00fcrk spor otomobili olma \u00f6zelli\u011fini h\u00e2l\u00e2 koruyan arac\u0131n pilotlu\u011funu<strong> Alican Eri\u00e7 <\/strong>yaparken, baba<strong> Eri\u00e7 <\/strong>ise co-pilotlu\u011fu \u00fcstlendi. Castrol Ford Team T\u00fcrkiye Tak\u0131m\u0131 Direkt\u00f6r\u00fc Serdar Bostanc\u0131 ile ekibi taraf\u0131ndan haz\u0131rlanan otomobilin ralli ser\u00fcveni i\u00e7in PETLAS, toprak, \u00e7amur ve asfalt zeminlerin hepsinde kullan\u0131labilecek \u00f6zel l\u00e2stik \u00fcretti.<\/p>\n\n\n\n<p>18 May\u0131s\u2019ta Pekin\u2019den start alan <strong>8. Pekin-Paris Kl\u00e2sik Otomobil Rallisi<\/strong>\u2019nde ekipler, \u00c7in s\u0131n\u0131rlar\u0131 i\u00e7erisinde yakla\u015f\u0131k 13 g\u00fcn s\u00fcren ilk b\u00f6l\u00fcm\u00fcn ard\u0131ndan karayoluyla Kazakistan\u2019a ge\u00e7tiler. Ard\u0131ndan, rotas\u0131 Hazar Denizi k\u0131y\u0131s\u0131na ula\u015fan yar\u0131\u015f i\u00e7in otomobiller feribotla Bak\u00fc\u2019ye ge\u00e7erken, yar\u0131\u015f\u00e7\u0131lar u\u00e7akla Azerbaycan\u2019\u0131n ba\u015fkentine g\u00f6nderildiler. Azerbaycan\u2019dan sonra G\u00fcrcistan\u2019a ge\u00e7en yar\u0131\u015f, 12 Haziran\u2019da Ardahan\u2019\u0131n Posof \u0130l\u00e7esi\u2019ndeki T\u00fcrkg\u00f6z\u00fc s\u0131n\u0131r kap\u0131s\u0131ndan T\u00fcrkiye\u2019ye giri\u015f yapt\u0131. S\u0131ras\u0131yla Erzurum, Sivas, Ankara ve \u0130stanbul\u2019daki etaplar\u0131 tamamlayan yar\u0131\u015f\u00e7\u0131lar, 17 Haziran\u2019da T\u00fcrkiye\u2019den ayr\u0131ld\u0131lar. \u00d6nce Selanik\u2019e, ard\u0131ndan feribotla \u0130talya\u2019ya ge\u00e7en ekipler, oradan da Fransa\u2019ya ve rallinin son dura\u011f\u0131 olan Paris\u2019e ula\u015ft\u0131lar.<\/p>\n\n\n<div class=\"wp-block-image\">\n<figure class=\"aligncenter size-full\"><img decoding=\"async\" loading=\"lazy\" width=\"925\" height=\"641\" src=\"http:\/\/www.maratonturk.com\/wp-content\/uploads\/2024\/06\/image-22.png\" alt=\"\" class=\"wp-image-624\" srcset=\"http:\/\/www.maratonturk.com\/wp-content\/uploads\/2024\/06\/image-22.png 925w, http:\/\/www.maratonturk.com\/wp-content\/uploads\/2024\/06\/image-22-300x208.png 300w, http:\/\/www.maratonturk.com\/wp-content\/uploads\/2024\/06\/image-22-768x532.png 768w\" sizes=\"(max-width: 925px) 100vw, 925px\" \/><\/figure><\/div>\n\n\n<p><\/p>\n\n\n\n<p><strong>T\u00fcrk ekibi Anadol STC-16 ara\u00e7lar\u0131yla Avrupa\u2019y\u0131 rahat a\u015ft\u0131lar<\/strong><\/p>\n\n\n\n<p>Asya\u2019da ya\u015fad\u0131klar\u0131 zorluklar\u0131 y\u0131lmadan a\u015fmaya \u00e7al\u0131\u015fan Alican ve Ali Eri\u00e7, arabalar\u0131n\u0131n \u0130stanbul\u2019da duayen rallici Serdar Bostanc\u0131 ve ekibi Teknik Motorspor taraf\u0131ndan ba\u015ftan a\u015fa\u011f\u0131 elden ge\u00e7irilmesinin ard\u0131ndan sonraki etaplarda problem ya\u015famad\u0131lar. Selanik sonras\u0131 ilk Avrupa \u00f6zel etaplar\u0131n\u0131 ba\u015far\u0131yla tamamlayan ekip, devam\u0131ndaki etaplarda da iyi sonu\u00e7lar elde ettiler.<\/p>\n\n\n\n<p>Al\u0131\u015f\u0131lm\u0131\u015f bir model olmayan Anadol STC-16, Asya\u2019n\u0131n ard\u0131ndan Avrupa\u2019daki etaplarda da kl\u00e2sik otomobil merakl\u0131lar\u0131 taraf\u0131ndan yo\u011fun ilgi g\u00f6rd\u00fc.<\/p>\n\n\n\n<p><a><\/a><strong>Bilgi i\u00e7in:<\/strong> &nbsp;&nbsp;&nbsp;&nbsp;&nbsp;&nbsp; <a href=\"https:\/\/www.instagram.com\/stc16adventures\/\">instagram.com\/stc16adventures<\/a><\/p>\n\n\n\n<p>&nbsp;&nbsp;&nbsp;&nbsp;&nbsp;&nbsp;&nbsp;&nbsp;&nbsp;&nbsp;&nbsp;&nbsp;&nbsp;&nbsp;&nbsp;&nbsp;&nbsp;&nbsp;&nbsp;&nbsp;&nbsp;&nbsp;&nbsp;&nbsp;&nbsp;&nbsp;&nbsp;&nbsp;&nbsp;&nbsp;&nbsp;&nbsp;&nbsp;&nbsp;&nbsp;&nbsp;&nbsp;&nbsp;&nbsp;&nbsp;&nbsp;&nbsp;&nbsp;&nbsp;&nbsp;&nbsp;&nbsp;&nbsp;&nbsp;&nbsp;&nbsp;&nbsp;&nbsp;&nbsp;&nbsp;&nbsp;&nbsp;&nbsp;&nbsp;&nbsp;&nbsp;&nbsp;&nbsp;&nbsp;&nbsp;&nbsp;&nbsp;&nbsp;&nbsp;&nbsp;&nbsp;&nbsp;&nbsp;&nbsp;&nbsp;&nbsp;&nbsp;&nbsp; <a href=\"https:\/\/www.instagram.com\/ali.a.eric\/\">instagram.com\/ali.a.eric<\/a><\/p>\n\n\n\n<p>&nbsp;&nbsp;&nbsp;&nbsp;&nbsp;&nbsp;&nbsp;&nbsp;&nbsp;&nbsp;&nbsp;&nbsp;&nbsp;&nbsp;&nbsp;&nbsp;&nbsp;&nbsp;&nbsp;&nbsp;&nbsp;&nbsp;&nbsp;&nbsp;&nbsp;&nbsp;&nbsp;&nbsp;&nbsp;&nbsp;&nbsp;&nbsp;&nbsp;&nbsp;&nbsp;&nbsp;&nbsp;&nbsp;&nbsp;&nbsp;&nbsp;&nbsp;&nbsp;&nbsp;&nbsp;&nbsp;&nbsp;&nbsp;&nbsp;&nbsp;&nbsp;&nbsp;&nbsp;&nbsp;&nbsp;&nbsp;&nbsp;&nbsp;&nbsp;&nbsp;&nbsp;&nbsp;&nbsp;&nbsp;&nbsp;&nbsp;&nbsp;&nbsp;&nbsp;&nbsp;&nbsp;&nbsp;&nbsp;&nbsp;&nbsp;&nbsp; <a href=\"https:\/\/www.instagram.com\/alican.eric\/\">instagram.com\/alican.eric<\/a><\/p>\n\n\n\n<p><strong><u>PEK\u0130N-PAR\u0130S KL\u00c2S\u0130K OTOMOB\u0130L RALL\u0130S\u0130 HAKKINDA<\/u><\/strong><\/p>\n\n\n\n<p>Pekin-Paris aras\u0131nda bir otomobil yar\u0131\u015fmas\u0131 d\u00fczenleme fikri uzun y\u0131llar \u00f6ncesine dayan\u0131r. \u0130lk olarak 1907 y\u0131l\u0131nda d\u00fczenlenen yar\u0131\u015fa kat\u0131labilen be\u015f ara\u00e7tan d\u00f6rd\u00fc aylar ve binbir g\u00fc\u00e7l\u00fc\u011f\u00fc a\u015ft\u0131ktan sonra Paris\u2019e varabildi. Y\u0131llar sonra, ilk yar\u0131\u015f\u0131n 90\u2019\u0131nc\u0131 y\u0131ld\u00f6n\u00fcm\u00fc nedeniyle ikinci kez \u201cKl\u00e2sik Otomobil Rallisi\u201d olarak yeniden d\u00fczenlendi. Nihayet 2007\u2019de y\u00fcz\u00fcnc\u00fc y\u0131lda d\u00fczenlenen \u00fc\u00e7\u00fcnc\u00fcs\u00fcyle birlikte \u00fc\u00e7 y\u0131lda bir tekrarlanacak bir d\u00f6ng\u00fcye girildi. 2010\u2019daki d\u00f6rd\u00fcnc\u00fc ralliye ilk kez bir T\u00fcrk ekibi; Ahmet \u00d6ng\u00fcn-Erdal Tokcan ikilisi, 1967 model bir Anadol A1\u2019le kat\u0131ld\u0131lar ve me\u015fhur rallicimiz Serdar Bostanc\u0131 ve ekibi taraf\u0131ndan haz\u0131rlanan ara\u00e7lar\u0131yla genel kl\u00e2sman ikincili\u011fini kazanma ba\u015far\u0131s\u0131n\u0131 elde ettiler.<\/p>\n\n\n\n<p><strong><u>AL\u0130 ER\u0130\u00c7 HAKKINDA<\/u><\/strong><strong><u><\/u><\/strong><\/p>\n\n\n\n<p>1959\u2019da Ankara\u2019da do\u011fdu. 1982\u2019de ODT\u00dc Makine M\u00fchendisli\u011fi b\u00f6l\u00fcm\u00fcn\u00fc bitirdikten sonra bir\u00e7ok yabanc\u0131 ve yerli telekom\u00fcnikasyon firmas\u0131nda saha m\u00fchendisi olarak \u00e7al\u0131\u015ft\u0131. 1994\u2019te kurdu\u011fu \u015firketinin ba\u015f\u0131nda 2005 y\u0131l\u0131na kadar y\u00f6neticilik yapt\u0131ktan sonra ilk k\u0131ta-a\u015f\u0131r\u0131 yolculu\u011funu Otokar firmas\u0131na sipari\u015f etti\u011fi \u00f6zel bir Land Rover Defender ara\u00e7la tek ba\u015f\u0131na \u0130stanbul\u2019dan Cape Town\u2019a kadar ger\u00e7ekle\u015ftirdi. 2009\u2019da ba\u015flad\u0131\u011f\u0131 D\u00fcnya seyahatini ise 5 k\u0131ta ve 39 \u00fclkeyi a\u015farak, yine tek ba\u015f\u0131na 2012 y\u0131l\u0131nda tamamlad\u0131.<\/p>\n\n\n\n<p><strong><u>AL\u0130CAN ER\u0130\u00c7 HAKKINDA<\/u><\/strong><strong><u><\/u><\/strong><\/p>\n\n\n\n<p>1990\u2019da \u0130zmir\u2019de do\u011fan Alican Eri\u00e7, \u00fcniversiteye kadar olan ya\u015fam\u0131n\u0131 ve dolay\u0131s\u0131yla e\u011fitimini \u0130stanbul\u2019da tamamlad\u0131. Melbourne\/Avustralya\u2019daki Monash \u00dcniversitesi End\u00fcstriyel Tasar\u0131m B\u00f6l\u00fcm\u00fc\u2019nde \u00f6nce Lisans, daha sonra da Lisans\u00fcst\u00fc e\u011fitimini tamamlad\u0131ktan sonra 2015 y\u0131l\u0131nda T\u00fcrkiye\u2019ye d\u00f6nd\u00fc. \u00d6nce \u0130zmir\u2019de uluslararas\u0131 seramik sanat\u00e7\u0131m\u0131z Mehmet T\u00fcz\u00fcm K\u0131z\u0131lcan\u2019\u0131n at\u00f6lyesinde iki seneye yak\u0131n asistanl\u0131\u011f\u0131n\u0131 yapt\u0131. Daha sonra \u0130stanbul\u2019a d\u00f6nen Alican Eri\u00e7 bir s\u00fcre Anadolu Grubu\u2019na ba\u011fl\u0131 Isuzu Fabrikas\u0131\u2019nda tasar\u0131mc\u0131 olarak \u00e7al\u0131\u015ft\u0131. Sonras\u0131nda kendi seramik at\u00f6lyesini kurdu ve halen at\u00f6lyesinde seramik dersleri vermek ve ald\u0131\u011f\u0131 \u00e7e\u015fitli sipari\u015flerin \u00fcretimiyle u\u011fra\u015fmaktad\u0131r.<\/p>\n\n\n\n<p><\/p>\n\n\n\n<p><\/p>\n","protected":false},"excerpt":{"rendered":"<p>37 G\u00dcNDE 14.500 KM S\u00dcR\u00dc\u015e\u00dcN ARDINDAN, BABA-O\u011eUL ER\u0130\u00c7LER, 8. PEK\u0130N-PAR\u0130S KL\u00c2S\u0130K OTOMOB\u0130L RALL\u0130S\u0130\u2019NDEK\u0130 ZORLU M\u00dcCADELELER\u0130N\u0130 BA\u015eARIYLA TAMAMLADI! Ali Eri\u00e7 ile o\u011flu Alican Eri\u00e7\u2019in zorlay\u0131c\u0131 hava<\/p>\n","protected":false},"author":1,"featured_media":620,"comment_status":"open","ping_status":"open","sticky":false,"template":"","format":"standard","meta":[],"categories":[2],"tags":[],"_links":{"self":[{"href":"http:\/\/www.maratonturk.com\/index.php?rest_route=\/wp\/v2\/posts\/619"}],"collection":[{"href":"http:\/\/www.maratonturk.com\/index.php?rest_route=\/wp\/v2\/posts"}],"about":[{"href":"http:\/\/www.maratonturk.com\/index.php?rest_route=\/wp\/v2\/types\/post"}],"author":[{"embeddable":true,"href":"http:\/\/www.maratonturk.com\/index.php?rest_route=\/wp\/v2\/users\/1"}],"replies":[{"embeddable":true,"href":"http:\/\/www.maratonturk.com\/index.php?rest_route=%2Fwp%2Fv2%2Fcomments&post=619"}],"version-history":[{"count":3,"href":"http:\/\/www.maratonturk.com\/index.php?rest_route=\/wp\/v2\/posts\/619\/revisions"}],"predecessor-version":[{"id":626,"href":"http:\/\/www.maratonturk.com\/index.php?rest_route=\/wp\/v2\/posts\/619\/revisions\/626"}],"wp:featuredmedia":[{"embeddable":true,"href":"http:\/\/www.maratonturk.com\/index.php?rest_route=\/wp\/v2\/media\/620"}],"wp:attachment":[{"href":"http:\/\/www.maratonturk.com\/index.php?rest_route=%2Fwp%2Fv2%2Fmedia&parent=619"}],"wp:term":[{"taxonomy":"category","embeddable":true,"href":"http:\/\/www.maratonturk.com\/index.php?rest_route=%2Fwp%2Fv2%2Fcategories&post=619"},{"taxonomy":"post_tag","embeddable":true,"href":"http:\/\/www.maratonturk.com\/index.php?rest_route=%2Fwp%2Fv2%2Ftags&post=619"}],"curies":[{"name":"wp","href":"https:\/\/api.w.org\/{rel}","templated":true}]}}