{"id":552,"date":"2024-06-14T09:21:05","date_gmt":"2024-06-14T09:21:05","guid":{"rendered":"http:\/\/www.maratonturk.com\/?p=552"},"modified":"2024-06-14T19:40:54","modified_gmt":"2024-06-14T19:40:54","slug":"worldeften-genel-yayin-yonetmenimiz-osman-atakan-tekine-tesekkur-sertifikasi","status":"publish","type":"post","link":"http:\/\/www.maratonturk.com\/?p=552","title":{"rendered":"WORLDEF&#8217;ten Genel Yay\u0131n Y\u00f6netmenimiz Osman Atakan Tekin&#8217;e Te\u015fekk\u00fcr Sertifikas\u0131"},"content":{"rendered":"\n<p>6-8 Haziran 2024 tarihleri aras\u0131nda \u0130stanbul Yenikap\u0131 Fuar Merkezinde d\u00fczenlenen WORLDEF fuar\u0131na OAT Medya &#8211; MaratonT\u00fcrk&#8217;\u00fc temsilen kat\u0131lan Genel Yay\u0131n Y\u00f6netmenimiz Osman Atakan Tekin&#8217;e te\u015fekk\u00fcr mektubuyla sertifika sunuldu.<\/p>\n\n\n\n<p><\/p>\n\n\n\n<p><\/p>\n\n\n\n<p><\/p>\n\n\n<div class=\"wp-block-image\">\n<figure class=\"aligncenter size-full\"><img decoding=\"async\" loading=\"lazy\" width=\"663\" height=\"1017\" src=\"http:\/\/www.maratonturk.com\/wp-content\/uploads\/2024\/06\/image-10.png\" alt=\"\" class=\"wp-image-554\" srcset=\"http:\/\/www.maratonturk.com\/wp-content\/uploads\/2024\/06\/image-10.png 663w, http:\/\/www.maratonturk.com\/wp-content\/uploads\/2024\/06\/image-10-196x300.png 196w\" sizes=\"(max-width: 663px) 100vw, 663px\" \/><\/figure><\/div>\n\n\n<p class=\"has-vivid-red-color has-text-color\">&#8220;Hello Osman Atakan Tekin,<\/p>\n\n\n\n<p class=\"has-vivid-red-color has-text-color\">It was wonderful to have you with us at WORLDEF ISTANBUL 2024! Thank you for enhancing this incredible event, which captures the pulse of the e-commerce world, with your participation.<\/p>\n\n\n\n<p class=\"has-vivid-red-color has-text-color\">We are excited to present your Participation Certificate, prepared especially for you to commemorate this thrilling experience!<\/p>\n\n\n\n<p class=\"has-vivid-red-color has-text-color\">Your certificate symbolizes your active participation at WORLDEF ISTANBUL 2024 and your contribution to the e-commerce ecosystem.&#8221;<\/p>\n\n\n\n<p class=\"has-vivid-red-color has-text-color\"><\/p>\n\n\n<div class=\"wp-block-image\">\n<figure class=\"aligncenter size-full\"><img decoding=\"async\" loading=\"lazy\" width=\"659\" height=\"801\" src=\"http:\/\/www.maratonturk.com\/wp-content\/uploads\/2024\/06\/image-11.png\" alt=\"\" class=\"wp-image-555\" srcset=\"http:\/\/www.maratonturk.com\/wp-content\/uploads\/2024\/06\/image-11.png 659w, http:\/\/www.maratonturk.com\/wp-content\/uploads\/2024\/06\/image-11-247x300.png 247w\" sizes=\"(max-width: 659px) 100vw, 659px\" \/><\/figure><\/div>\n\n\n<p><\/p>\n\n\n\n<p><em>&#8220;Merhaba Osman Atakan Tekin,<\/em><\/p>\n\n\n\n<p><em>WORLDEF ISTANBUL 2024&#8217;te aram\u0131zda olman\u0131z harikayd\u0131! E-ticaret d\u00fcnyas\u0131n\u0131n nabz\u0131n\u0131 tutan bu inan\u0131lmaz etkinli\u011fi kat\u0131l\u0131m\u0131n\u0131zla zenginle\u015ftirdi\u011finiz i\u00e7in te\u015fekk\u00fcr ederiz.<\/em><\/p>\n\n\n\n<p><em>Bu heyecan verici deneyimi anmak i\u00e7in \u00f6zel olarak sizin i\u00e7in haz\u0131rlanm\u0131\u015f Kat\u0131l\u0131m Sertifikan\u0131z\u0131 sunmaktan heyecan duyuyoruz!<\/em><\/p>\n\n\n\n<p><em>Sertifikan\u0131z, WORLDEF ISTANBUL 2024&#8217;teki aktif kat\u0131l\u0131m\u0131n\u0131z\u0131 ve e-ticaret ekosistemine katk\u0131n\u0131z\u0131 sembolize ediyor.<\/em>&#8220;<\/p>\n","protected":false},"excerpt":{"rendered":"<p>6-8 Haziran 2024 tarihleri aras\u0131nda \u0130stanbul Yenikap\u0131 Fuar Merkezinde d\u00fczenlenen WORLDEF fuar\u0131na OAT Medya &#8211; MaratonT\u00fcrk&#8217;\u00fc temsilen kat\u0131lan Genel Yay\u0131n Y\u00f6netmenimiz Osman Atakan Tekin&#8217;e te\u015fekk\u00fcr<\/p>\n","protected":false},"author":1,"featured_media":553,"comment_status":"open","ping_status":"open","sticky":false,"template":"","format":"standard","meta":[],"categories":[2],"tags":[],"_links":{"self":[{"href":"http:\/\/www.maratonturk.com\/index.php?rest_route=\/wp\/v2\/posts\/552"}],"collection":[{"href":"http:\/\/www.maratonturk.com\/index.php?rest_route=\/wp\/v2\/posts"}],"about":[{"href":"http:\/\/www.maratonturk.com\/index.php?rest_route=\/wp\/v2\/types\/post"}],"author":[{"embeddable":true,"href":"http:\/\/www.maratonturk.com\/index.php?rest_route=\/wp\/v2\/users\/1"}],"replies":[{"embeddable":true,"href":"http:\/\/www.maratonturk.com\/index.php?rest_route=%2Fwp%2Fv2%2Fcomments&post=552"}],"version-history":[{"count":4,"href":"http:\/\/www.maratonturk.com\/index.php?rest_route=\/wp\/v2\/posts\/552\/revisions"}],"predecessor-version":[{"id":560,"href":"http:\/\/www.maratonturk.com\/index.php?rest_route=\/wp\/v2\/posts\/552\/revisions\/560"}],"wp:featuredmedia":[{"embeddable":true,"href":"http:\/\/www.maratonturk.com\/index.php?rest_route=\/wp\/v2\/media\/553"}],"wp:attachment":[{"href":"http:\/\/www.maratonturk.com\/index.php?rest_route=%2Fwp%2Fv2%2Fmedia&parent=552"}],"wp:term":[{"taxonomy":"category","embeddable":true,"href":"http:\/\/www.maratonturk.com\/index.php?rest_route=%2Fwp%2Fv2%2Fcategories&post=552"},{"taxonomy":"post_tag","embeddable":true,"href":"http:\/\/www.maratonturk.com\/index.php?rest_route=%2Fwp%2Fv2%2Ftags&post=552"}],"curies":[{"name":"wp","href":"https:\/\/api.w.org\/{rel}","templated":true}]}}