{"id":492,"date":"2024-06-04T15:54:09","date_gmt":"2024-06-04T15:54:09","guid":{"rendered":"http:\/\/www.maratonturk.com\/?p=492"},"modified":"2024-06-04T18:02:23","modified_gmt":"2024-06-04T18:02:23","slug":"letape-by-tour-de-france-turkiyeye-geliyor-letape-by-tour-de-france-is-coming-to-turkiye","status":"publish","type":"post","link":"http:\/\/www.maratonturk.com\/?p=492","title":{"rendered":"L\u2019\u00c9tape by Tour de France, T\u00fcrkiye\u2019ye geliyor! \/ L\u2019\u00c9tape by Tour de France, is coming to T\u00fcrkiye!"},"content":{"rendered":"\n<p><\/p>\n\n\n\n<p><\/p>\n\n\n\n<p><\/p>\n\n\n\n<p><strong>D\u00fcnyan\u0131n en b\u00fcy\u00fck bisiklet yar\u0131\u015f\u0131 organizasyonlar\u0131ndan L\u2019\u00c9tape by Tour de France, 19-20 Ekim 2024 tarihleri aras\u0131nda ilk kez T\u00fcrkiye\u2019de ko\u015fulacak. \u0130stanbul Vali Yard\u0131mc\u0131s\u0131 \u00dcnal K\u0131l\u0131\u00e7arslan, T\u00fcrkiye Bisiklet Federasyonu Ba\u015fkan\u0131 Emin M\u00fcft\u00fco\u011flu, \u0130stanbul \u0130l Gen\u00e7lik ve Spor m\u00fcd\u00fcr\u00fc Muhittin \u00d6zbay, L\u2019\u00c9tape by Tour de France Series Proje Y\u00f6neticisi Mathieu Clanchin ve 78 Event Genel M\u00fcd\u00fcr\u00fc \u00d6mer Kafkas\u2019\u0131n konu\u015fma yapt\u0131\u011f\u0131 bas\u0131n toplant\u0131s\u0131nda yar\u0131\u015f\u0131n olu\u015fturaca\u011f\u0131 ekonomiden, turizme ve spora olan katk\u0131s\u0131ndan bahsedildi.<\/strong><\/p>\n\n\n<div class=\"wp-block-image\">\n<figure class=\"aligncenter size-large\"><img decoding=\"async\" loading=\"lazy\" width=\"1024\" height=\"511\" src=\"http:\/\/www.maratonturk.com\/wp-content\/uploads\/2024\/06\/image-3-1024x511.png\" alt=\"\" class=\"wp-image-501\" srcset=\"http:\/\/www.maratonturk.com\/wp-content\/uploads\/2024\/06\/image-3-1024x511.png 1024w, http:\/\/www.maratonturk.com\/wp-content\/uploads\/2024\/06\/image-3-300x150.png 300w, http:\/\/www.maratonturk.com\/wp-content\/uploads\/2024\/06\/image-3-768x383.png 768w, http:\/\/www.maratonturk.com\/wp-content\/uploads\/2024\/06\/image-3-1170x584.png 1170w, http:\/\/www.maratonturk.com\/wp-content\/uploads\/2024\/06\/image-3.png 1217w\" sizes=\"(max-width: 1024px) 100vw, 1024px\" \/><figcaption class=\"wp-element-caption\"><strong>MaratonT\u00fcrk Genel Yay\u0131n Y\u00f6netmeni Osman Atakan Tekin, L\u2019\u00c9tape T\u00fcrkiye by Tour de France formas\u0131 ve \u00f6zel \u00f6d\u00fclleriyle.<\/strong><\/figcaption><\/figure><\/div>\n\n\n<p>Bisiklet sporunun zirvesini belirleyen en prestijli yar\u0131\u015f\u0131 d\u00fcnyan\u0131n en b\u00fcy\u00fck spor organizasyonlar\u0131ndan\u00a0<strong>L\u2019\u00c9tape<\/strong>\u00a0by\u00a0<strong>Tour de France<\/strong>\u00a0ilk defa T\u00fcrkiye\u2019de ger\u00e7ekle\u015ftirilecek. Tour de France organizat\u00f6rlerinin 1993 y\u0131l\u0131nda, amat\u00f6r bisiklet tutkunlar\u0131n\u0131n da b\u00fcy\u00fck yar\u0131\u015f\u0131n bir par\u00e7as\u0131 olmas\u0131n\u0131 sa\u011flamak amac\u0131yla ba\u015flatt\u0131\u011f\u0131 L\u2019\u00c9tape by Tour de France Series\u2019in T\u00fcrkiye etab\u0131 olan L\u2019\u00c9tape T\u00fcrkiye by Tour de France\u2019in tan\u0131t\u0131m\u0131 bug\u00fcn (4 Haziran Sal\u0131) \u0130stanbul Sepet\u00e7iler Kasr\u0131\u2019nda ger\u00e7ekle\u015fti.<\/p>\n\n\n\n<p><strong>\u201cToplamda 6 y\u0131ll\u0131k anla\u015fma imzaland\u0131\u201d<\/strong><\/p>\n\n\n\n<p>Sunuculu\u011funu <strong>Ali Kemal Ayd\u0131n<\/strong>&#8216;\u0131n yapt\u0131\u011f\u0131 toplant\u0131da ilk s\u00f6z\u00fc alan, etkinli\u011fin T\u00fcrkiye organizasyonunu \u00fcstlenen 78 Event Genel M\u00fcd\u00fcr\u00fc <strong>\u00d6mer Kafkas<\/strong>, 10 y\u0131ld\u0131r spor odakl\u0131 projeler \u00fczerinde \u00e7al\u0131\u015ft\u0131klar\u0131n\u0131 belirterek, \u201cB\u00f6ylesine \u00f6nemli bir organizasyonu ve markay\u0131 T\u00fcrkiye\u2019de a\u011f\u0131rlamak bizim i\u00e7in heyecan verici. T\u00fcrkiye\u2019ye yak\u0131\u015f\u0131r bir organizasyon olmas\u0131 i\u00e7in elimizden geleni yapaca\u011f\u0131z\u201d diye konu\u015ftu. Yar\u0131\u015f\u0131n T\u00fcrkiye\u2019ye gelmesi ad\u0131na zorlu bir s\u00fcre\u00e7 y\u00f6nettiklerini belirten Kafkas, \u201cOrganizasyonun t\u00fcm uluslararas\u0131 yar\u0131\u015flardan \u00e7ok daha farkl\u0131 ve kat\u0131 kriterleri var. Y\u0131llard\u0131r \u00fczerinde \u00e7al\u0131\u015f\u0131yorduk ve bug\u00fcn 3+3 y\u0131ll\u0131k bir anla\u015fmaya imza att\u0131k. Ayr\u0131ca ilk 2 y\u0131l i\u00e7inde devam niteli\u011finde farkl\u0131 b\u00fcy\u00fck organizasyonlar da ger\u00e7ekle\u015ftirece\u011fiz\u201d dedi.<\/p>\n\n\n<div class=\"wp-block-image\">\n<figure class=\"aligncenter size-full\"><img decoding=\"async\" loading=\"lazy\" width=\"642\" height=\"466\" src=\"http:\/\/www.maratonturk.com\/wp-content\/uploads\/2024\/06\/image-2.png\" alt=\"\" class=\"wp-image-497\" srcset=\"http:\/\/www.maratonturk.com\/wp-content\/uploads\/2024\/06\/image-2.png 642w, http:\/\/www.maratonturk.com\/wp-content\/uploads\/2024\/06\/image-2-300x218.png 300w\" sizes=\"(max-width: 642px) 100vw, 642px\" \/><figcaption class=\"wp-element-caption\"><strong>MaratonT\u00fcrk Genel Yay\u0131n Y\u00f6netmeni Osman Atakan Tekin ve  78 Event Genel M\u00fcd\u00fcr\u00fc \u00d6mer Kafkas organizasyon hakk\u0131nda g\u00f6r\u00fc\u015f\u00fcyorlar.<\/strong><\/figcaption><\/figure><\/div>\n\n\n<p><strong>\u201cBisiklet sporun yay\u0131lmas\u0131 i\u00e7in bu yar\u0131\u015f \u00e7ok \u00f6nemli\u201d<\/strong><\/p>\n\n\n\n<p>T\u00fcrkiye Bisiklet Federasyonu Ba\u015fkan\u0131 <strong>Emin M\u00fcft\u00fco\u011flu<\/strong> ise konu\u015fmas\u0131nda L\u2019\u00c9tape T\u00fcrkiye by Tour de France\u2019\u0131n \u00fclkemiz i\u00e7in hem spor hem de turizm a\u00e7\u0131s\u0131ndan \u00f6nemine de\u011finerek; \u201cBu organizasyon, bisiklet sporunun tabana yay\u0131lmas\u0131 a\u00e7\u0131s\u0131ndan b\u00fcy\u00fck \u00f6nem ta\u015f\u0131yor. Amat\u00f6r sporcular\u0131n i\u015ftirak etti\u011fi bu tip yar\u0131\u015flar, sportif bir T\u00fcrkiye i\u00e7in \u00f6nemli bir ad\u0131m. Bisiklet sporu T\u00fcrkiye\u2019de \u00e7ok b\u00fcy\u00fck mesafe kat etti. 5-6 ki\u015finin kat\u0131ld\u0131\u011f\u0131 etkinliklerden 2.000\u2019li say\u0131lara geldik. L\u2019\u00c9tape T\u00fcrkiye by Tour de France bu y\u00fckseli\u015fe b\u00fcy\u00fck katk\u0131 sa\u011flayacak ve bu alanda d\u00fcnyan\u0131n say\u0131l\u0131 organizasyonlar\u0131ndan biri olarak t\u00fcm d\u00fcnya taraf\u0131ndan izlenecek\u201d ifadelerini kulland\u0131.<\/p>\n\n\n\n<p><strong>\u201cHerkes Tour de France tutkusunu ya\u015fayabilecek\u201d<\/strong><\/p>\n\n\n\n<p>M\u00fcft\u00fco\u011flu\u2019ndan sonra s\u00f6z alan, Tour de France organizasyonunun sahibi Amaury Sport Organisation L\u2019\u00c9tape by Tour de France Series Proje Y\u00f6neticisi <strong>Mathieu Clanchin<\/strong>, konuklar\u0131 T\u00fcrk\u00e7e selamlayarak konu\u015fmas\u0131na ba\u015flad\u0131. Clanchin, Tour de France\u2019\u0131n d\u00fcnyan\u0131n en b\u00fcy\u00fck spor etkinliklerinden biri oldu\u011funu hat\u0131rlatarak, \u201cBundan birka\u00e7 y\u0131l \u00f6ncesine kadar Tour de France\u2019in en b\u00fcy\u00fck s\u0131n\u0131r\u0131 co\u011frafyas\u0131yd\u0131. Frans\u0131z vatanda\u015f\u0131 olmayan bisiklet tutkunlar\u0131n\u0131n bu etkinli\u011fe kat\u0131lmas\u0131, bu tutkuyu ya\u015famas\u0131 ve etaplar\u0131 g\u00f6zlemlemesi olduk\u00e7a zordu. \u0130\u015fte L\u2019\u00c9tape by Tour de France Series fikri buradan do\u011fdu. Bisiklet sporuyla ilgilenen herkes, Tour de France\u2019\u0131 deneyimlesin istedik. Bu seri sayesinde amat\u00f6r bisiklet\u00e7iler, profesyonellerden birka\u00e7 g\u00fcn sonra ayn\u0131 etab\u0131 kendileri deneyimleyebilecekler\u201d dedi. Clanchin s\u00f6zlerini Frans\u0131zca \u201cYa\u015fas\u0131n T\u00fcrkiye, ya\u015fas\u0131n Tour de France\u201d ifadeleriyle tamamlad\u0131.<\/p>\n\n\n<div class=\"wp-block-image\">\n<figure class=\"aligncenter size-large\"><img decoding=\"async\" loading=\"lazy\" width=\"1024\" height=\"792\" src=\"http:\/\/www.maratonturk.com\/wp-content\/uploads\/2024\/06\/image-1024x792.png\" alt=\"\" class=\"wp-image-493\" srcset=\"http:\/\/www.maratonturk.com\/wp-content\/uploads\/2024\/06\/image-1024x792.png 1024w, http:\/\/www.maratonturk.com\/wp-content\/uploads\/2024\/06\/image-300x232.png 300w, http:\/\/www.maratonturk.com\/wp-content\/uploads\/2024\/06\/image-768x594.png 768w, http:\/\/www.maratonturk.com\/wp-content\/uploads\/2024\/06\/image.png 1093w\" sizes=\"(max-width: 1024px) 100vw, 1024px\" \/><figcaption class=\"wp-element-caption\"><strong>L\u2019\u00c9tape by Tour de France Series Proje Y\u00f6neticisi Mathieu Clanchin, MaratonT\u00fcrk Genel Yay\u0131n Y\u00f6netmeni Osman Atakan Tekin<\/strong> ile birlikte.<\/figcaption><\/figure><\/div>\n\n\n<p><strong>\u201cAmac\u0131m\u0131z sporu toplumun her kesimine yaymak\u201d<\/strong><\/p>\n\n\n\n<p>Clanchin\u2019den sonra s\u00f6z alan \u0130stanbul \u0130l Gen\u00e7lik ve Spor m\u00fcd\u00fcr\u00fc <strong>Muhittin \u00d6zbay<\/strong>, ama\u00e7lar\u0131n\u0131n sporu toplumun her kesimine yaymak oldu\u011funun alt\u0131n\u0131 \u00e7izdi\u011fi konu\u015fmas\u0131nda; \u201cBiz her bran\u015fta olimpiyat \u015fampiyonlar\u0131 yeti\u015ftirmek istiyoruz ama ayn\u0131 zamanda sporcu avukatlar, sporcu m\u00fchendisler, sporcu doktorlar, sporcu uzay bilimcileri de yeti\u015ftirmek istiyoruz. Bunun en \u00f6nemli yolu ise \u00e7ocuklar\u0131m\u0131z\u0131 m\u00fcmk\u00fcn oldu\u011fu kadar erken ya\u015fta sporla bulu\u015fturmakt\u0131r. Ba\u015fka \u015fans\u0131m\u0131z yok, \u00e7\u00fcnk\u00fc sporcu bir valinin, sporcu bir bakan\u0131n, sporcu bir Cumhurba\u015fkan\u0131\u2019n\u0131n ekibindeyiz.\u201d<\/p>\n\n\n<div class=\"wp-block-image\">\n<figure class=\"aligncenter size-full\"><img decoding=\"async\" loading=\"lazy\" width=\"937\" height=\"619\" src=\"http:\/\/www.maratonturk.com\/wp-content\/uploads\/2024\/06\/image-4.png\" alt=\"\" class=\"wp-image-505\" srcset=\"http:\/\/www.maratonturk.com\/wp-content\/uploads\/2024\/06\/image-4.png 937w, http:\/\/www.maratonturk.com\/wp-content\/uploads\/2024\/06\/image-4-300x198.png 300w, http:\/\/www.maratonturk.com\/wp-content\/uploads\/2024\/06\/image-4-768x507.png 768w\" sizes=\"(max-width: 937px) 100vw, 937px\" \/><figcaption class=\"wp-element-caption\"><strong> Soldan\/L-R: Muhittin \u00d6zbay, Mathieu Clanchin, \u00dcnal K\u0131l\u0131\u00e7arslan, Emin M\u00fcft\u00fco\u011flu, \u00d6mer Kafkas<\/strong><\/figcaption><\/figure><\/div>\n\n\n<p><strong>Mottomuz \u2018Spor \u015eehri \u0130stanbul\u2019<\/strong><\/p>\n\n\n\n<p>Son olarak s\u00f6z alan \u0130stanbul Vali Yard\u0131mc\u0131s\u0131 <strong>\u00dcnal K\u0131l\u0131\u00e7arslan<\/strong> ise kendisinin, Cumhurba\u015fkanl\u0131\u011f\u0131 Bisiklet Turu\u2019nun son iki yar\u0131\u015f\u0131n\u0131n koordinasyonunda g\u00f6rev ald\u0131\u011f\u0131n\u0131 hat\u0131rlatarak, \u201cBiz \u0130stanbul gibi 3 imparatorlu\u011fa ba\u015fkentlik yapm\u0131\u015f bir \u015fehirde \u2018Spor \u015eehri \u0130stanbul\u2019 mottosuyla 7\u2019den 77\u2019ye herkesin spor yapmas\u0131 i\u00e7in \u00e7al\u0131\u015f\u0131yoruz. Bunun i\u00e7in de var olan spor tesislerimizin yan\u0131na yenilerini ekliyoruz. Bu etkinli\u011fin de amac\u0131m\u0131za katk\u0131s\u0131n\u0131n b\u00fcy\u00fck olaca\u011f\u0131na inan\u0131yoruz\u201d diye konu\u015ftu.<\/p>\n\n\n<div class=\"wp-block-image\">\n<figure class=\"aligncenter size-full\"><img decoding=\"async\" loading=\"lazy\" width=\"700\" height=\"832\" src=\"http:\/\/www.maratonturk.com\/wp-content\/uploads\/2024\/06\/image-1.png\" alt=\"\" class=\"wp-image-494\" srcset=\"http:\/\/www.maratonturk.com\/wp-content\/uploads\/2024\/06\/image-1.png 700w, http:\/\/www.maratonturk.com\/wp-content\/uploads\/2024\/06\/image-1-252x300.png 252w\" sizes=\"(max-width: 700px) 100vw, 700px\" \/><\/figure><\/div>\n\n\n<p><strong>L\u2019\u00c9tape T\u00fcrkiye by Tour de France hakk\u0131nda<\/strong><\/p>\n\n\n\n<p>L\u2019\u00c9tape T\u00fcrkiye by Tour de France, serinin 23\u2019\u00fcnc\u00fc \u00fclkesi olarak T\u00fcrkiye\u2019yi de Tour de France zincirine ekliyor. 30 \u00fclkeden 3.000\u2019den fazla sporcunun kat\u0131l\u0131m\u0131n\u0131n beklendi\u011fi L\u2019\u00c9tape T\u00fcrkiye by Tour de France; 106,8 kilometrelik \u201cUzun\u201d, 55,8 kilometrelik \u201cK\u0131sa\u201d ve 6,7 kilometrelik \u201cAile ve \u00c7ocuk\u201d parkurlar\u0131ndan olu\u015fuyor. T\u00fcm parkurlar i\u00e7in ba\u015flang\u0131\u00e7 ve biti\u015f noktas\u0131 ise Beykoz\u2019daki K\u00fc\u00e7\u00fcksu Kasr\u0131 belirlendi. D\u00fcnyan\u0131n en b\u00fcy\u00fck 3 spor organizasyonlar\u0131ndan biri olan L\u2019\u00c9tape by Tour de France\u2019\u0131n T\u00fcrkiye etab\u0131nda verilecek kupalar ise, Mardin Valisi Tuncay Akkoyun\u2019un destekleriyle organizasyona bir arma\u011fan olarak, d\u00f6vme bak\u0131r el i\u015f\u00e7ili\u011fi ile \u00fcretildi. \u00d6zel olarak tasarlanan kupalar, medeniyetin ba\u015flad\u0131\u011f\u0131 yerden esintiler ta\u015f\u0131yor. \u00dczerinde boncuklu tarlay\u0131 simgeleyen darbeler bulunuyor. L\u2019\u00c9tape T\u00fcrkiye by Tour de France ayr\u0131ca, T\u00fcrkiye\u2019nin Birle\u015fmi\u015f Milletler S\u00fcrd\u00fcr\u00fclebilir Kalk\u0131nma Hedefleri ile de uyumlu bir organizasyon.<\/p>\n","protected":false},"excerpt":{"rendered":"<p>D\u00fcnyan\u0131n en b\u00fcy\u00fck bisiklet yar\u0131\u015f\u0131 organizasyonlar\u0131ndan L\u2019\u00c9tape by Tour de France, 19-20 Ekim 2024 tarihleri aras\u0131nda ilk kez T\u00fcrkiye\u2019de ko\u015fulacak. \u0130stanbul Vali Yard\u0131mc\u0131s\u0131 \u00dcnal K\u0131l\u0131\u00e7arslan,<\/p>\n","protected":false},"author":1,"featured_media":495,"comment_status":"open","ping_status":"open","sticky":false,"template":"","format":"standard","meta":[],"categories":[2],"tags":[],"_links":{"self":[{"href":"http:\/\/www.maratonturk.com\/index.php?rest_route=\/wp\/v2\/posts\/492"}],"collection":[{"href":"http:\/\/www.maratonturk.com\/index.php?rest_route=\/wp\/v2\/posts"}],"about":[{"href":"http:\/\/www.maratonturk.com\/index.php?rest_route=\/wp\/v2\/types\/post"}],"author":[{"embeddable":true,"href":"http:\/\/www.maratonturk.com\/index.php?rest_route=\/wp\/v2\/users\/1"}],"replies":[{"embeddable":true,"href":"http:\/\/www.maratonturk.com\/index.php?rest_route=%2Fwp%2Fv2%2Fcomments&post=492"}],"version-history":[{"count":6,"href":"http:\/\/www.maratonturk.com\/index.php?rest_route=\/wp\/v2\/posts\/492\/revisions"}],"predecessor-version":[{"id":508,"href":"http:\/\/www.maratonturk.com\/index.php?rest_route=\/wp\/v2\/posts\/492\/revisions\/508"}],"wp:featuredmedia":[{"embeddable":true,"href":"http:\/\/www.maratonturk.com\/index.php?rest_route=\/wp\/v2\/media\/495"}],"wp:attachment":[{"href":"http:\/\/www.maratonturk.com\/index.php?rest_route=%2Fwp%2Fv2%2Fmedia&parent=492"}],"wp:term":[{"taxonomy":"category","embeddable":true,"href":"http:\/\/www.maratonturk.com\/index.php?rest_route=%2Fwp%2Fv2%2Fcategories&post=492"},{"taxonomy":"post_tag","embeddable":true,"href":"http:\/\/www.maratonturk.com\/index.php?rest_route=%2Fwp%2Fv2%2Ftags&post=492"}],"curies":[{"name":"wp","href":"https:\/\/api.w.org\/{rel}","templated":true}]}}