{"id":403,"date":"2024-05-23T17:53:09","date_gmt":"2024-05-23T17:53:09","guid":{"rendered":"http:\/\/www.maratonturk.com\/?p=403"},"modified":"2024-05-23T17:53:09","modified_gmt":"2024-05-23T17:53:09","slug":"agri-ibrahim-cecen-universitesinde-spor-odulleri-toreni","status":"publish","type":"post","link":"http:\/\/www.maratonturk.com\/?p=403","title":{"rendered":"A\u011fr\u0131 \u0130brahim \u00c7e\u00e7en \u00dcniversitesi\u2019nde Spor \u00d6d\u00fclleri T\u00f6reni"},"content":{"rendered":"\n<p><\/p>\n\n\n\n<p><\/p>\n\n\n\n<p><strong><em>A\u011fr\u0131\u2019da gen\u00e7leri spora te\u015fvik etmek ve \u00f6\u011frencilerin farkl\u0131 spor dallar\u0131nda ulusal ve uluslararas\u0131 alanda ba\u015far\u0131 kazanmalar\u0131n\u0131 desteklemek amac\u0131yla 2012 y\u0131l\u0131ndan bu yana \u0130brahim \u00c7e\u00e7en Vakf\u0131 deste\u011fiyle ger\u00e7ekle\u015fen \u201cSpor \u00d6d\u00fclleri\u201d d\u00fczenlenen t\u00f6renle sahiplerini takdim edildi. 90 sporcunun \u00f6d\u00fcllendirildi\u011fi t\u00f6rende \u0130brahim \u00c7e\u00e7en Vakf\u0131 Y\u00f6netim Kurulu Ba\u015fkan\u0131 G\u00fcnseli \u00c7e\u00e7en, \u201cVakf\u0131m\u0131z\u0131n, sporda her zaman destekleyici olmas\u0131, ba\u015fta Olimpiyatlar olmak \u00fczere, farkl\u0131 spor organizasyonlar\u0131na A\u011fr\u0131\u2019dan ba\u015far\u0131l\u0131 sporcular\u0131n kat\u0131lmas\u0131nda b\u00fcy\u00fck rol oynad\u0131\u201d a\u00e7\u0131klamas\u0131nda bulundu.<\/em><\/strong><\/p>\n\n\n\n<p>\u0130brahim \u00c7e\u00e7en Vakf\u0131 deste\u011fiyle, A\u011fr\u0131\u2019da gen\u00e7leri spora te\u015fvik etmek ve \u00f6\u011frencilerin farkl\u0131 spor dallar\u0131nda ulusal ve uluslararas\u0131 alanda ba\u015far\u0131 kazanmalar\u0131n\u0131 desteklemek amac\u0131yla 2012 y\u0131l\u0131ndan bu yana d\u00fczenlenen Spor \u00d6d\u00fclleri T\u00f6reni; sporcu \u00f6\u011frenciler, antren\u00f6rler ve akademisyenlerin kat\u0131l\u0131m\u0131yla 22 May\u0131s 2024, \u00c7ar\u015famba g\u00fcn\u00fc ger\u00e7ekle\u015fti. \u00dcniversitenin konferans salonunda d\u00fczenlenen t\u00f6rene A\u011fr\u0131 Valisi Mustafa Ko\u00e7, A\u011fr\u0131 \u0130brahim \u00c7e\u00e7en \u00dcniversitesi Rekt\u00f6r\u00fc Prof. Dr. Abdulhalik Karabulut, A\u011fr\u0131 \u0130l Milli E\u011fitim M\u00fcd\u00fcr\u00fc Hasan K\u00d6KREK ve \u0130brahim \u00c7e\u00e7en Vakf\u0131 Y\u00f6netim Kurulu Ba\u015fkan\u0131 G\u00fcnseli \u00c7E\u00c7EN\u2019in yan\u0131 s\u0131ra akademik, idari personel ve \u00f6\u011frenciler kat\u0131ld\u0131. T\u00f6ren kapsam\u0131nda, bir\u00e7ok spor dal\u0131nda ulusal ve uluslararas\u0131 m\u00fcsabakalarda yar\u0131\u015farak ba\u015far\u0131 kazanan 90 \u00f6\u011frenci ve antren\u00f6r \u00f6d\u00fcllendirildi.<\/p>\n\n\n\n<p><strong>\u201c\u00dcniversitemizin sporcu \u00f6\u011frencileri bizlere gurur veriyor\u201d<\/strong><\/p>\n\n\n\n<p>T\u00f6renin a\u00e7\u0131l\u0131\u015f konu\u015fmas\u0131n\u0131 yapan \u0130brahim \u00c7e\u00e7en Vakf\u0131 Y\u00f6netim Kurulu Ba\u015fkan\u0131 G\u00fcnseli \u00c7e\u00e7en, \u201cSporun birle\u015ftirici g\u00fcc\u00fcn\u00fc bir kez daha kutluyor ve bu g\u00fcc\u00fcn par\u00e7as\u0131 olmaktan b\u00fcy\u00fck mutluluk duyuyoruz\u201d diyerek a\u00e7\u0131klamas\u0131n\u0131 \u015f\u00f6yle s\u00fcrd\u00fcrd\u00fc: \u201cVakf\u0131m\u0131z\u0131n, sporda her zaman destekleyici olmas\u0131, ba\u015fta Olimpiyatlar olmak \u00fczere, farkl\u0131 spor organizasyonlar\u0131na A\u011fr\u0131\u2019dan ba\u015far\u0131l\u0131 sporcular\u0131n kat\u0131lmas\u0131nda b\u00fcy\u00fck rol oynad\u0131. \u00dcniversitemizin sporcu \u00f6\u011frencileri bizlere gurur veriyor. Onlar\u0131n azmi, \u00e7al\u0131\u015fkanl\u0131\u011f\u0131 ve kararl\u0131l\u0131\u011f\u0131, bizlere de ilham veriyor ve motivasyon kayna\u011f\u0131m\u0131z oluyor.\u201d<\/p>\n\n\n\n<p>G\u00fcnseli \u00c7e\u00e7en, bu projelerin vakf\u0131n ve \u00fcniversitenin toplumsal etkisini art\u0131rmaya y\u00f6nelik ad\u0131mlar oldu\u011funu belirterek, &#8220;Gen\u00e7lerimizin sporla i\u00e7 i\u00e7e olmas\u0131, fiziksel ve ruhsal sa\u011fl\u0131klar\u0131 i\u00e7in b\u00fcy\u00fck \u00f6nem ta\u015f\u0131yor. Spor, gen\u00e7lerimizi olumsuz al\u0131\u015fkanl\u0131klardan uzak tutmakla kalm\u0131yor, ayn\u0131 zamanda onlar\u0131 disiplinli ve hedeflerine ula\u015fmada kararl\u0131 k\u0131l\u0131yor.\u201d dedi.<\/p>\n\n\n\n<p>G\u00fcnseli \u00c7e\u00e7en, konu\u015fmas\u0131nda \u0130brahim \u00c7e\u00e7en Vakf\u0131\u2019n\u0131n 2004 y\u0131l\u0131ndan bu yana e\u011fitim, sa\u011fl\u0131k, spor ve k\u00fclt\u00fcr alanlar\u0131nda s\u00fcrd\u00fcr\u00fclebilir projeler geli\u015ftirerek toplumsal ilerlemeyi destekledi\u011fini vurgulad\u0131.<\/p>\n\n\n\n<p>Etkinlikte, CCN Holding\u2019in katk\u0131lar\u0131yla haz\u0131rlanan ve A\u011fr\u0131l\u0131 ba\u015far\u0131l\u0131 sporcular\u0131 anlatan \u201cZirvenin Gen\u00e7leri\u201d belgeseli de yay\u0131nland\u0131.<\/p>\n\n\n<div class=\"wp-block-image\">\n<figure class=\"aligncenter size-full\"><img decoding=\"async\" loading=\"lazy\" width=\"700\" height=\"493\" src=\"http:\/\/www.maratonturk.com\/wp-content\/uploads\/2024\/05\/image-21.png\" alt=\"\" class=\"wp-image-404\" srcset=\"http:\/\/www.maratonturk.com\/wp-content\/uploads\/2024\/05\/image-21.png 700w, http:\/\/www.maratonturk.com\/wp-content\/uploads\/2024\/05\/image-21-300x211.png 300w\" sizes=\"(max-width: 700px) 100vw, 700px\" \/><\/figure><\/div>\n\n\n<p><\/p>\n","protected":false},"excerpt":{"rendered":"<p>A\u011fr\u0131\u2019da gen\u00e7leri spora te\u015fvik etmek ve \u00f6\u011frencilerin farkl\u0131 spor dallar\u0131nda ulusal ve uluslararas\u0131 alanda ba\u015far\u0131 kazanmalar\u0131n\u0131 desteklemek amac\u0131yla 2012 y\u0131l\u0131ndan bu yana \u0130brahim \u00c7e\u00e7en Vakf\u0131<\/p>\n","protected":false},"author":1,"featured_media":405,"comment_status":"open","ping_status":"open","sticky":false,"template":"","format":"standard","meta":[],"categories":[2],"tags":[],"_links":{"self":[{"href":"http:\/\/www.maratonturk.com\/index.php?rest_route=\/wp\/v2\/posts\/403"}],"collection":[{"href":"http:\/\/www.maratonturk.com\/index.php?rest_route=\/wp\/v2\/posts"}],"about":[{"href":"http:\/\/www.maratonturk.com\/index.php?rest_route=\/wp\/v2\/types\/post"}],"author":[{"embeddable":true,"href":"http:\/\/www.maratonturk.com\/index.php?rest_route=\/wp\/v2\/users\/1"}],"replies":[{"embeddable":true,"href":"http:\/\/www.maratonturk.com\/index.php?rest_route=%2Fwp%2Fv2%2Fcomments&post=403"}],"version-history":[{"count":1,"href":"http:\/\/www.maratonturk.com\/index.php?rest_route=\/wp\/v2\/posts\/403\/revisions"}],"predecessor-version":[{"id":406,"href":"http:\/\/www.maratonturk.com\/index.php?rest_route=\/wp\/v2\/posts\/403\/revisions\/406"}],"wp:featuredmedia":[{"embeddable":true,"href":"http:\/\/www.maratonturk.com\/index.php?rest_route=\/wp\/v2\/media\/405"}],"wp:attachment":[{"href":"http:\/\/www.maratonturk.com\/index.php?rest_route=%2Fwp%2Fv2%2Fmedia&parent=403"}],"wp:term":[{"taxonomy":"category","embeddable":true,"href":"http:\/\/www.maratonturk.com\/index.php?rest_route=%2Fwp%2Fv2%2Fcategories&post=403"},{"taxonomy":"post_tag","embeddable":true,"href":"http:\/\/www.maratonturk.com\/index.php?rest_route=%2Fwp%2Fv2%2Ftags&post=403"}],"curies":[{"name":"wp","href":"https:\/\/api.w.org\/{rel}","templated":true}]}}