{"id":390,"date":"2024-05-21T21:35:56","date_gmt":"2024-05-21T21:35:56","guid":{"rendered":"http:\/\/www.maratonturk.com\/?p=390"},"modified":"2024-05-21T22:18:24","modified_gmt":"2024-05-21T22:18:24","slug":"samsun-19-mayis-yari-maratonu-icin-fiyasko-iddialari-var","status":"publish","type":"post","link":"http:\/\/www.maratonturk.com\/?p=390","title":{"rendered":"Samsun 19 May\u0131s Yar\u0131 Maratonu i\u00e7in fiyasko iddialar\u0131 var !!!"},"content":{"rendered":"\n<p><\/p>\n\n\n\n<h3><a href=\"https:\/\/www.facebook.com\/profile.php?id=100008754219690&amp;__cft__[0]=AZUTfc7J3gwEzYYXJqlOzXRjm15Hpwg0ENz1EOlSszVfAQa8YSO0FpF_NmLUNEeZtm-rI516ttztYkb4Biznfhk79a9Q1IOPHdRUo4BngMiPgfjOoqBAy9JtkgsH4m3NZkOBko9Gpi-tK3nLCPqOULc5Pm9AHW3j5N84QXxmELmJOneGeQ9BFJv7S0k3EObLQmwe6jpO0LxZmbENO4jDz1-1&amp;__tn__=-UC*F\">Mustafa Atma<\/a><\/h3>\n\n\n\n<p>&#8220;Bizler dereceden ziyade T\u00fcrkiye Cumhuriyeti&#8217;nin kurucusu B\u00fcy\u00fck \u00d6nder MUSTAFA KEMAL ATAT\u00dcRK i\u00e7in<br>Samsun&#8217;a kul\u00fcp olarak kat\u0131ld\u0131k Maalesef Atletizm il temsilcisi, \u00fcz\u00fclerek s\u00f6yl\u00fcyorum, Samsun&#8217;daki Kul\u00fcpler yar\u0131\u015f\u0131n\u0131 Japonya&#8217;da y\u00f6netmeye kalk\u0131yor.<\/p>\n\n\n\n<p>Adeta Bu \u00fclkenin kul\u00fcpleri Milli sporcular\u0131 yok say\u0131larak \u00d6nce yabanc\u0131 Atletlerin \u00f6d\u00fcl\u00fcn\u00fc Belediye personelinin reklam\u0131 ile yap\u0131p kul\u00fcp ve milli sporcular yok say\u0131larak yap\u0131ld\u0131. Ayr\u0131ca b\u00f6yle anlaml\u0131 b\u00fcy\u00fck organizasyonda Atletizm Federasyon yetkilileri olmamas\u0131 ayr\u0131 eksiklik. Maalesef \u00fcz\u00fcc\u00fc ve y\u0131k\u0131c\u0131 oldu.<br>Bu organizasyon son y\u0131llarda \u00f6z\u00fcnden kopar\u0131l\u0131p s\u0131radan bir \u015fekilde yap\u0131ld\u0131. \u0130STANBUL ATLET\u0130ZM SPOR KUL\u00dcB\u00dc olarak l\u00fctfen olmas\u0131 gereken bir \u015fekilde yap\u0131lmas\u0131n\u0131 \u00f6nemle rica ediyoruz.&#8221;&#8221; <\/p>\n\n\n\n<p><\/p>\n\n\n<div class=\"wp-block-image\">\n<figure class=\"aligncenter size-large\"><img decoding=\"async\" loading=\"lazy\" width=\"610\" height=\"1024\" src=\"http:\/\/www.maratonturk.com\/wp-content\/uploads\/2024\/05\/image-19-610x1024.png\" alt=\"\" class=\"wp-image-391\" srcset=\"http:\/\/www.maratonturk.com\/wp-content\/uploads\/2024\/05\/image-19-610x1024.png 610w, http:\/\/www.maratonturk.com\/wp-content\/uploads\/2024\/05\/image-19-179x300.png 179w, http:\/\/www.maratonturk.com\/wp-content\/uploads\/2024\/05\/image-19-768x1290.png 768w, http:\/\/www.maratonturk.com\/wp-content\/uploads\/2024\/05\/image-19-915x1536.png 915w, http:\/\/www.maratonturk.com\/wp-content\/uploads\/2024\/05\/image-19.png 994w\" sizes=\"(max-width: 610px) 100vw, 610px\" \/><\/figure><\/div>\n\n\n<p><\/p>\n\n\n\n<h5><a href=\"https:\/\/www.facebook.com\/halkay27?comment_id=Y29tbWVudDozMjkxMTQ3ODQ3ODUzNjU3XzgyMjEzNjI3MzEwNTE0Mg%3D%3D&amp;__cft__[0]=AZUTfc7J3gwEzYYXJqlOzXRjm15Hpwg0ENz1EOlSszVfAQa8YSO0FpF_NmLUNEeZtm-rI516ttztYkb4Biznfhk79a9Q1IOPHdRUo4BngMiPgfjOoqBAy9JtkgsH4m3NZkOBko9Gpi-tK3nLCPqOULc5Pm9AHW3j5N84QXxmELmJOneGeQ9BFJv7S0k3EObLQmwe6jpO0LxZmbENO4jDz1-1&amp;__tn__=R*F\"><\/a><a href=\"https:\/\/www.facebook.com\/halkay27?comment_id=Y29tbWVudDozMjkxMTQ3ODQ3ODUzNjU3XzgyMjEzNjI3MzEwNTE0Mg%3D%3D&amp;__cft__[0]=AZUTfc7J3gwEzYYXJqlOzXRjm15Hpwg0ENz1EOlSszVfAQa8YSO0FpF_NmLUNEeZtm-rI516ttztYkb4Biznfhk79a9Q1IOPHdRUo4BngMiPgfjOoqBAy9JtkgsH4m3NZkOBko9Gpi-tK3nLCPqOULc5Pm9AHW3j5N84QXxmELmJOneGeQ9BFJv7S0k3EObLQmwe6jpO0LxZmbENO4jDz1-1&amp;__tn__=R*F\"><\/a><\/h5>\n\n\n\n<p class=\"has-vivid-cyan-blue-color has-text-color\"><strong>Yorumlar:  https:\/\/www.facebook.com\/photo\/?fbid=3291147831186992&amp;set=a.1553746074927185<\/strong><\/p>\n\n\n\n<p><a href=\"https:\/\/www.facebook.com\/halkay27?comment_id=Y29tbWVudDozMjkxMTQ3ODQ3ODUzNjU3XzgyMjEzNjI3MzEwNTE0Mg%3D%3D&amp;__cft__[0]=AZUTfc7J3gwEzYYXJqlOzXRjm15Hpwg0ENz1EOlSszVfAQa8YSO0FpF_NmLUNEeZtm-rI516ttztYkb4Biznfhk79a9Q1IOPHdRUo4BngMiPgfjOoqBAy9JtkgsH4m3NZkOBko9Gpi-tK3nLCPqOULc5Pm9AHW3j5N84QXxmELmJOneGeQ9BFJv7S0k3EObLQmwe6jpO0LxZmbENO4jDz1-1&amp;__tn__=R*F\">Haluk Kaya<\/a> : Yetkililerin duyarl\u0131 olmas\u0131 laz\u0131m. Organizasyon ciddi bir i\u015ftir.<a href=\"https:\/\/www.facebook.com\/nihat.ozkaymak?comment_id=Y29tbWVudDozMjkxMTQ3ODQ3ODUzNjU3XzMyMTg2ODY4MDk0NTc1NA%3D%3D&amp;__cft__[0]=AZUTfc7J3gwEzYYXJqlOzXRjm15Hpwg0ENz1EOlSszVfAQa8YSO0FpF_NmLUNEeZtm-rI516ttztYkb4Biznfhk79a9Q1IOPHdRUo4BngMiPgfjOoqBAy9JtkgsH4m3NZkOBko9Gpi-tK3nLCPqOULc5Pm9AHW3j5N84QXxmELmJOneGeQ9BFJv7S0k3EObLQmwe6jpO0LxZmbENO4jDz1-1&amp;__tn__=R*F\"><\/a><a href=\"https:\/\/www.facebook.com\/nihat.ozkaymak?comment_id=Y29tbWVudDozMjkxMTQ3ODQ3ODUzNjU3XzMyMTg2ODY4MDk0NTc1NA%3D%3D&amp;__cft__[0]=AZUTfc7J3gwEzYYXJqlOzXRjm15Hpwg0ENz1EOlSszVfAQa8YSO0FpF_NmLUNEeZtm-rI516ttztYkb4Biznfhk79a9Q1IOPHdRUo4BngMiPgfjOoqBAy9JtkgsH4m3NZkOBko9Gpi-tK3nLCPqOULc5Pm9AHW3j5N84QXxmELmJOneGeQ9BFJv7S0k3EObLQmwe6jpO0LxZmbENO4jDz1-1&amp;__tn__=R*F\"><\/a><\/p>\n\n\n\n<p><a href=\"https:\/\/www.facebook.com\/nihat.ozkaymak?comment_id=Y29tbWVudDozMjkxMTQ3ODQ3ODUzNjU3XzMyMTg2ODY4MDk0NTc1NA%3D%3D&amp;__cft__[0]=AZUTfc7J3gwEzYYXJqlOzXRjm15Hpwg0ENz1EOlSszVfAQa8YSO0FpF_NmLUNEeZtm-rI516ttztYkb4Biznfhk79a9Q1IOPHdRUo4BngMiPgfjOoqBAy9JtkgsH4m3NZkOBko9Gpi-tK3nLCPqOULc5Pm9AHW3j5N84QXxmELmJOneGeQ9BFJv7S0k3EObLQmwe6jpO0LxZmbENO4jDz1-1&amp;__tn__=R*F\">Nihat \u00d6zkaymak<\/a> : CIK,B\u0130ZDEN B\u0130R CACIK OLMAZ OLAMAZ DA \u0130\u015e\u0130N BA\u015eINDA EGOLU\u0130\u015e B\u0130LMEYENE G\u00dcN\u00dc KURTARAN \u0130NSANLAR OLDU\u011eU M\u00dcDDET\u00c7E<a href=\"https:\/\/www.facebook.com\/yucel.guven.7?comment_id=Y29tbWVudDozMjkxMTQ3ODQ3ODUzNjU3XzgxNjA3NzMwMzMwMzM2MQ%3D%3D&amp;__cft__[0]=AZUTfc7J3gwEzYYXJqlOzXRjm15Hpwg0ENz1EOlSszVfAQa8YSO0FpF_NmLUNEeZtm-rI516ttztYkb4Biznfhk79a9Q1IOPHdRUo4BngMiPgfjOoqBAy9JtkgsH4m3NZkOBko9Gpi-tK3nLCPqOULc5Pm9AHW3j5N84QXxmELmJOneGeQ9BFJv7S0k3EObLQmwe6jpO0LxZmbENO4jDz1-1&amp;__tn__=R*F\"><\/a><a href=\"https:\/\/www.facebook.com\/yucel.guven.7?comment_id=Y29tbWVudDozMjkxMTQ3ODQ3ODUzNjU3XzgxNjA3NzMwMzMwMzM2MQ%3D%3D&amp;__cft__[0]=AZUTfc7J3gwEzYYXJqlOzXRjm15Hpwg0ENz1EOlSszVfAQa8YSO0FpF_NmLUNEeZtm-rI516ttztYkb4Biznfhk79a9Q1IOPHdRUo4BngMiPgfjOoqBAy9JtkgsH4m3NZkOBko9Gpi-tK3nLCPqOULc5Pm9AHW3j5N84QXxmELmJOneGeQ9BFJv7S0k3EObLQmwe6jpO0LxZmbENO4jDz1-1&amp;__tn__=R*F\"><\/a><\/p>\n\n\n\n<p><a href=\"https:\/\/www.facebook.com\/yucel.guven.7?comment_id=Y29tbWVudDozMjkxMTQ3ODQ3ODUzNjU3XzgxNjA3NzMwMzMwMzM2MQ%3D%3D&amp;__cft__[0]=AZUTfc7J3gwEzYYXJqlOzXRjm15Hpwg0ENz1EOlSszVfAQa8YSO0FpF_NmLUNEeZtm-rI516ttztYkb4Biznfhk79a9Q1IOPHdRUo4BngMiPgfjOoqBAy9JtkgsH4m3NZkOBko9Gpi-tK3nLCPqOULc5Pm9AHW3j5N84QXxmELmJOneGeQ9BFJv7S0k3EObLQmwe6jpO0LxZmbENO4jDz1-1&amp;__tn__=R*F\">Y\u00fccel G\u00fcven<\/a> : \u00d6nemsemiyorlar.<a href=\"https:\/\/www.facebook.com\/zaksoy1?comment_id=Y29tbWVudDozMjkxMTQ3ODQ3ODUzNjU3XzQxMjA2Nzk5ODM2NzAyNA%3D%3D&amp;__cft__[0]=AZUTfc7J3gwEzYYXJqlOzXRjm15Hpwg0ENz1EOlSszVfAQa8YSO0FpF_NmLUNEeZtm-rI516ttztYkb4Biznfhk79a9Q1IOPHdRUo4BngMiPgfjOoqBAy9JtkgsH4m3NZkOBko9Gpi-tK3nLCPqOULc5Pm9AHW3j5N84QXxmELmJOneGeQ9BFJv7S0k3EObLQmwe6jpO0LxZmbENO4jDz1-1&amp;__tn__=R*F\"><\/a><a href=\"https:\/\/www.facebook.com\/zaksoy1?comment_id=Y29tbWVudDozMjkxMTQ3ODQ3ODUzNjU3XzQxMjA2Nzk5ODM2NzAyNA%3D%3D&amp;__cft__[0]=AZUTfc7J3gwEzYYXJqlOzXRjm15Hpwg0ENz1EOlSszVfAQa8YSO0FpF_NmLUNEeZtm-rI516ttztYkb4Biznfhk79a9Q1IOPHdRUo4BngMiPgfjOoqBAy9JtkgsH4m3NZkOBko9Gpi-tK3nLCPqOULc5Pm9AHW3j5N84QXxmELmJOneGeQ9BFJv7S0k3EObLQmwe6jpO0LxZmbENO4jDz1-1&amp;__tn__=R*F\"><\/a><\/p>\n\n\n\n<p><a href=\"https:\/\/www.facebook.com\/zaksoy1?comment_id=Y29tbWVudDozMjkxMTQ3ODQ3ODUzNjU3XzQxMjA2Nzk5ODM2NzAyNA%3D%3D&amp;__cft__[0]=AZUTfc7J3gwEzYYXJqlOzXRjm15Hpwg0ENz1EOlSszVfAQa8YSO0FpF_NmLUNEeZtm-rI516ttztYkb4Biznfhk79a9Q1IOPHdRUo4BngMiPgfjOoqBAy9JtkgsH4m3NZkOBko9Gpi-tK3nLCPqOULc5Pm9AHW3j5N84QXxmELmJOneGeQ9BFJv7S0k3EObLQmwe6jpO0LxZmbENO4jDz1-1&amp;__tn__=R*F\">Zekiye Aksoy<\/a> : Bir Samsunlu olarak yazd\u0131klar\u0131n\u0131za kesinlikle kat\u0131l\u0131yorum. defalarca dile getirilmesine ra\u011fmen her zaman ki gibi organizasyon tam bir fiyasko<a href=\"https:\/\/www.facebook.com\/talat.alkan.14?comment_id=Y29tbWVudDozMjkxMTQ3ODQ3ODUzNjU3XzExODI2NDM4NTk4MjY1MTU%3D&amp;__cft__[0]=AZUTfc7J3gwEzYYXJqlOzXRjm15Hpwg0ENz1EOlSszVfAQa8YSO0FpF_NmLUNEeZtm-rI516ttztYkb4Biznfhk79a9Q1IOPHdRUo4BngMiPgfjOoqBAy9JtkgsH4m3NZkOBko9Gpi-tK3nLCPqOULc5Pm9AHW3j5N84QXxmELmJOneGeQ9BFJv7S0k3EObLQmwe6jpO0LxZmbENO4jDz1-1&amp;__tn__=R*F\"><\/a><a href=\"https:\/\/www.facebook.com\/talat.alkan.14?comment_id=Y29tbWVudDozMjkxMTQ3ODQ3ODUzNjU3XzExODI2NDM4NTk4MjY1MTU%3D&amp;__cft__[0]=AZUTfc7J3gwEzYYXJqlOzXRjm15Hpwg0ENz1EOlSszVfAQa8YSO0FpF_NmLUNEeZtm-rI516ttztYkb4Biznfhk79a9Q1IOPHdRUo4BngMiPgfjOoqBAy9JtkgsH4m3NZkOBko9Gpi-tK3nLCPqOULc5Pm9AHW3j5N84QXxmELmJOneGeQ9BFJv7S0k3EObLQmwe6jpO0LxZmbENO4jDz1-1&amp;__tn__=R*F\"><\/a><\/p>\n\n\n\n<p><a href=\"https:\/\/www.facebook.com\/talat.alkan.14?comment_id=Y29tbWVudDozMjkxMTQ3ODQ3ODUzNjU3XzExODI2NDM4NTk4MjY1MTU%3D&amp;__cft__[0]=AZUTfc7J3gwEzYYXJqlOzXRjm15Hpwg0ENz1EOlSszVfAQa8YSO0FpF_NmLUNEeZtm-rI516ttztYkb4Biznfhk79a9Q1IOPHdRUo4BngMiPgfjOoqBAy9JtkgsH4m3NZkOBko9Gpi-tK3nLCPqOULc5Pm9AHW3j5N84QXxmELmJOneGeQ9BFJv7S0k3EObLQmwe6jpO0LxZmbENO4jDz1-1&amp;__tn__=R*F\">Talat Alkan<\/a> : Yetkililerin bu duruma m\u00fcdahale etmesi gerekir.<\/p>\n\n\n\n<p><a href=\"https:\/\/www.facebook.com\/akbulut1\">https:\/\/www.facebook.com\/akbulut1<\/a><\/p>\n\n\n\n<p>K\u0131van\u00e7 G\u00fcl : Yaz\u0131klar olsun<\/p>\n\n\n\n<p>Orhan Kurt : Yak\u0131\u015fmad\u0131<\/p>\n\n\n\n<p>Mustafa Bulut : Rezill<\/p>\n\n\n\n<p>Ertu\u011frul M\u0131s\u0131rl\u0131o\u011flu : \u00e7ok \u00fcz\u00fcld\u00fcm. yanl\u0131z bu ilk de\u011fil daha \u00f6nceki y\u0131llarda buna benzer sorunlar oldu\u011fu i\u00e7in kat\u0131l\u0131m \u00e7ok az olmu\u015ftu. organizasyonda sizin gibi tecr\u00fcbeli bir mesafe ko\u015fucusunun olmas\u0131 gere\u011fi \u015fartt\u0131r.<\/p>\n\n\n<div class=\"wp-block-image\">\n<figure class=\"aligncenter size-full\"><img decoding=\"async\" loading=\"lazy\" width=\"700\" height=\"548\" src=\"http:\/\/www.maratonturk.com\/wp-content\/uploads\/2024\/05\/image-20.png\" alt=\"\" class=\"wp-image-396\" srcset=\"http:\/\/www.maratonturk.com\/wp-content\/uploads\/2024\/05\/image-20.png 700w, http:\/\/www.maratonturk.com\/wp-content\/uploads\/2024\/05\/image-20-300x235.png 300w\" sizes=\"(max-width: 700px) 100vw, 700px\" \/><\/figure><\/div>\n\n\n<p><\/p>\n\n\n\n<p><\/p>\n","protected":false},"excerpt":{"rendered":"<p>Mustafa Atma &#8220;Bizler dereceden ziyade T\u00fcrkiye Cumhuriyeti&#8217;nin kurucusu B\u00fcy\u00fck \u00d6nder MUSTAFA KEMAL ATAT\u00dcRK i\u00e7inSamsun&#8217;a kul\u00fcp olarak kat\u0131ld\u0131k Maalesef Atletizm il temsilcisi, \u00fcz\u00fclerek s\u00f6yl\u00fcyorum, Samsun&#8217;daki Kul\u00fcpler<\/p>\n","protected":false},"author":1,"featured_media":392,"comment_status":"open","ping_status":"open","sticky":false,"template":"","format":"standard","meta":[],"categories":[2],"tags":[],"_links":{"self":[{"href":"http:\/\/www.maratonturk.com\/index.php?rest_route=\/wp\/v2\/posts\/390"}],"collection":[{"href":"http:\/\/www.maratonturk.com\/index.php?rest_route=\/wp\/v2\/posts"}],"about":[{"href":"http:\/\/www.maratonturk.com\/index.php?rest_route=\/wp\/v2\/types\/post"}],"author":[{"embeddable":true,"href":"http:\/\/www.maratonturk.com\/index.php?rest_route=\/wp\/v2\/users\/1"}],"replies":[{"embeddable":true,"href":"http:\/\/www.maratonturk.com\/index.php?rest_route=%2Fwp%2Fv2%2Fcomments&post=390"}],"version-history":[{"count":5,"href":"http:\/\/www.maratonturk.com\/index.php?rest_route=\/wp\/v2\/posts\/390\/revisions"}],"predecessor-version":[{"id":401,"href":"http:\/\/www.maratonturk.com\/index.php?rest_route=\/wp\/v2\/posts\/390\/revisions\/401"}],"wp:featuredmedia":[{"embeddable":true,"href":"http:\/\/www.maratonturk.com\/index.php?rest_route=\/wp\/v2\/media\/392"}],"wp:attachment":[{"href":"http:\/\/www.maratonturk.com\/index.php?rest_route=%2Fwp%2Fv2%2Fmedia&parent=390"}],"wp:term":[{"taxonomy":"category","embeddable":true,"href":"http:\/\/www.maratonturk.com\/index.php?rest_route=%2Fwp%2Fv2%2Fcategories&post=390"},{"taxonomy":"post_tag","embeddable":true,"href":"http:\/\/www.maratonturk.com\/index.php?rest_route=%2Fwp%2Fv2%2Ftags&post=390"}],"curies":[{"name":"wp","href":"https:\/\/api.w.org\/{rel}","templated":true}]}}