{"id":307,"date":"2024-05-09T12:03:22","date_gmt":"2024-05-09T12:03:22","guid":{"rendered":"http:\/\/www.maratonturk.com\/?p=307"},"modified":"2024-05-09T12:03:23","modified_gmt":"2024-05-09T12:03:23","slug":"voleybola-yeni-bir-sponsor","status":"publish","type":"post","link":"http:\/\/www.maratonturk.com\/?p=307","title":{"rendered":"Voleybola yeni bir sponsor"},"content":{"rendered":"\n<p><strong>T\u00fcrkiye Voleybol Federasyonu (TVF) ile SMS Grup \u0130n\u015faat aras\u0131nda Erkek Milli Tak\u0131mlar i\u00e7in sponsorluk anla\u015fmas\u0131 imzaland\u0131.<\/strong><\/p>\n\n\n\n<p>TVF 50. Y\u0131l Deniz Esinduy Voleybol Salonu\u2019nda ger\u00e7ekle\u015ftirilen imza t\u00f6renine TVF Ba\u015fkan\u0131 Mehmet Akif \u00dcst\u00fcnda\u011f, SMS Grup \u0130n\u015faat CEO\u2019su ve Y\u00f6netim Kurulu \u00dcyesi Onur \u00d6ng\u00fcn ve SMS Grup \u0130n\u015faat Mali \u0130\u015fler M\u00fcd\u00fcr\u00fc ve Y\u00f6netim Kurulu \u00dcyesi Semih \u00d6zt\u00fcrk ve milli voleybolcular Do\u011fukan Ulu ve Yi\u011fit G\u00fclmezo\u011flu kat\u0131ld\u0131.<\/p>\n\n\n\n<p>\u0130mza t\u00f6reninde konu\u015fan TVF Ba\u015fkan\u0131 Mehmet Akif \u00dcst\u00fcnda\u011f, \u201cT\u00fcrk voleybolu, kad\u0131n ve erkek milli tak\u0131m\u0131yla her ge\u00e7en g\u00fcn hedeflerini b\u00fcy\u00fct\u00fcyor. D\u00fcnya voleybolunda T\u00fcrk voleybolu bir numara, Avrupa\u2019da bir numara, olimpiyatlara giden yolda bir numara. Erkek milli tak\u0131m\u0131 i\u00e7in de olimpiyata giden s\u00fcre\u00e7te 21 May\u0131s\u2019ta ilk etap ba\u015flayacak. Tarihte ilk kez Milletler Ligi\u2019nde yer almam\u0131z m\u00fcnasebetiyle ciddi puanlar kazanarak 12 ma\u00e7l\u0131k s\u00fcrecin sonunda alaca\u011f\u0131m\u0131z puanlarla olimpiyat\u0131n kap\u0131s\u0131n\u0131 a\u00e7aca\u011f\u0131z. \u00dclke olarak bir ilki daha ya\u015famak istiyoruz. Her ge\u00e7en g\u00fcn \u00e7\u0131tay\u0131 y\u00fckse\u011fe koymak i\u00e7in deste\u011fe ihtiyac\u0131m\u0131z var. Sponsorlar\u0131n burada \u00f6nemi b\u00fcy\u00fck. Bug\u00fcn bizimle yol arkada\u015fl\u0131\u011f\u0131, de\u011fer ortakl\u0131\u011f\u0131 yapan SMS Grubu\u2019nun k\u0131ymetli temsilcileriyle, voleybolun yeni ortaklar\u0131yla bir araday\u0131z. Milli tak\u0131m sezonunun hay\u0131rl\u0131 olmas\u0131n\u0131 diliyorum. T\u00fcrk voleybolu ba\u015far\u0131s\u0131n\u0131 yeterli g\u00f6rm\u00fcyor, daha b\u00fcy\u00fck ba\u015far\u0131lara imza atacak. Olmazsa olmaz\u0131m\u0131z bu s\u00fcrecin s\u00fcrd\u00fcr\u00fclebilir olmas\u0131.\u201d ifadelerini kulland\u0131.<\/p>\n\n\n\n<p>SMS Grup \u0130n\u015faat CEO\u2019su ve YK\u00dc Onur \u00d6ng\u00fcn, T\u00fcrkiye\u2019yi voleybolda d\u00fcnyada bir numara yapan TVF ile sponsorluk anla\u015fmas\u0131 imzalamaktan dolay\u0131 mutlu olduklar\u0131n\u0131 belirterek, \u201cBu i\u015f birli\u011finin heyecan\u0131n\u0131 sizinle payla\u015fmak bizim i\u00e7in b\u00fcy\u00fck gurur. Gen\u00e7lerimizin kendisine g\u00fcven duymas\u0131 ad\u0131na voleybol federasyonunun i\u00e7inde yer almaktan mutluluk duyuyoruz. TVF ile ger\u00e7ekle\u015ftirdi\u011fimiz sponsorluk anla\u015fmas\u0131yla sporcular\u0131m\u0131z\u0131n daha b\u00fcy\u00fck ba\u015far\u0131lara imza ataca\u011f\u0131na eminiz. Bu sponsorlukta gen\u00e7 ve gelece\u011fin sporcular\u0131na destek olmaktan mutluluk duyuyoruz.\u201d ifadelerini kulland\u0131.<\/p>\n\n\n\n<p>Milli voleybolcu Do\u011fukan Ulu ise voleybola deste\u011fin son y\u0131llarda \u00e7ok artt\u0131\u011f\u0131n\u0131 belirterek, \u201cVoleybol b\u00fcy\u00fck ivme kazand\u0131. Federasyonumuzun ve ba\u015fkan\u0131m\u0131z\u0131n bunda \u00e7ok b\u00fcy\u00fck katk\u0131s\u0131 var. Sporcu olarak bunu artt\u0131r\u0131yoruz. \u0130vmenin artmas\u0131yla sponsor deste\u011fi ka\u00e7\u0131n\u0131lmaz oluyor, SMS Grubu\u2019na da te\u015fekk\u00fcr ediyorum.\u201d \u015feklinde konu\u015ftu.<\/p>\n\n\n\n<p>Milli tak\u0131m\u0131n oyuncular\u0131ndan Yi\u011fit G\u00fclmezo\u011flu da sponsorluklar\u0131n kendileri i\u00e7in \u00e7ok de\u011ferli oldu\u011funu aktararak, \u201cErkek milli tak\u0131m\u0131 olarak kad\u0131nlar\u0131n g\u00f6sterdi\u011fi \u00fcst\u00fcn performans\u0131 \u00f6rnek al\u0131yoruz ve gurur duyuyoruz. \u0130n\u015fallah biz de olimpiyat hedefine do\u011fru ilerleyece\u011fimiz s\u00fcre\u00e7te elimizden gelenin en iyisini ortaya koyaca\u011f\u0131z. Ba\u015fkan\u0131m\u0131z\u0131n da dedi\u011fi gibi A Milli Erkek Tak\u0131m\u0131 neden olimpiyatta olmas\u0131n? Sponsorluklar her zaman bize b\u00fcy\u00fck destek oluyor, federasyon ve ba\u015fkan\u0131m\u0131z\u0131n b\u00fcy\u00fck ba\u015far\u0131s\u0131 sayesinde bu anla\u015fmalar\u0131n bize g\u00fc\u00e7 verdi\u011fini s\u00f6ylemek istiyorum.\u201d de\u011ferlendirmesinde bulundu.<\/p>\n\n\n\n<p>\u0130mza t\u00f6reninin sonunda TVF Ba\u015fkan\u0131 \u00dcst\u00fcnda\u011f, SMS Grup \u0130n\u015faat CEO\u2019su Onur \u00d6ng\u00fcn ve Mali \u0130\u015fler M\u00fcd\u00fcr\u00fc Semih \u00d6zt\u00fcrk\u2019e te\u015fekk\u00fcr plaketi ve milli tak\u0131m formas\u0131 takdim etti. \u200b\u200b\u200b\u200b\u200b\u200b\u200b<\/p>\n","protected":false},"excerpt":{"rendered":"<p>T\u00fcrkiye Voleybol Federasyonu (TVF) ile SMS Grup \u0130n\u015faat aras\u0131nda Erkek Milli Tak\u0131mlar i\u00e7in sponsorluk anla\u015fmas\u0131 imzaland\u0131. TVF 50. Y\u0131l Deniz Esinduy Voleybol Salonu\u2019nda ger\u00e7ekle\u015ftirilen imza<\/p>\n","protected":false},"author":1,"featured_media":308,"comment_status":"open","ping_status":"open","sticky":false,"template":"","format":"standard","meta":[],"categories":[2],"tags":[],"_links":{"self":[{"href":"http:\/\/www.maratonturk.com\/index.php?rest_route=\/wp\/v2\/posts\/307"}],"collection":[{"href":"http:\/\/www.maratonturk.com\/index.php?rest_route=\/wp\/v2\/posts"}],"about":[{"href":"http:\/\/www.maratonturk.com\/index.php?rest_route=\/wp\/v2\/types\/post"}],"author":[{"embeddable":true,"href":"http:\/\/www.maratonturk.com\/index.php?rest_route=\/wp\/v2\/users\/1"}],"replies":[{"embeddable":true,"href":"http:\/\/www.maratonturk.com\/index.php?rest_route=%2Fwp%2Fv2%2Fcomments&post=307"}],"version-history":[{"count":1,"href":"http:\/\/www.maratonturk.com\/index.php?rest_route=\/wp\/v2\/posts\/307\/revisions"}],"predecessor-version":[{"id":309,"href":"http:\/\/www.maratonturk.com\/index.php?rest_route=\/wp\/v2\/posts\/307\/revisions\/309"}],"wp:featuredmedia":[{"embeddable":true,"href":"http:\/\/www.maratonturk.com\/index.php?rest_route=\/wp\/v2\/media\/308"}],"wp:attachment":[{"href":"http:\/\/www.maratonturk.com\/index.php?rest_route=%2Fwp%2Fv2%2Fmedia&parent=307"}],"wp:term":[{"taxonomy":"category","embeddable":true,"href":"http:\/\/www.maratonturk.com\/index.php?rest_route=%2Fwp%2Fv2%2Fcategories&post=307"},{"taxonomy":"post_tag","embeddable":true,"href":"http:\/\/www.maratonturk.com\/index.php?rest_route=%2Fwp%2Fv2%2Ftags&post=307"}],"curies":[{"name":"wp","href":"https:\/\/api.w.org\/{rel}","templated":true}]}}