{"id":237,"date":"2024-04-29T20:31:12","date_gmt":"2024-04-29T20:31:12","guid":{"rendered":"http:\/\/www.maratonturk.com\/?p=237"},"modified":"2024-04-29T20:49:25","modified_gmt":"2024-04-29T20:49:25","slug":"eski-atlet-muharrem-or-nilufer-belediyespor-kulubunun-yeni-baskani-oldu","status":"publish","type":"post","link":"http:\/\/www.maratonturk.com\/?p=237","title":{"rendered":"Eski atlet Muharrem Or, Bursa Nil\u00fcfer Belediyespor Kul\u00fcb\u00fc&#8217;n\u00fcn yeni ba\u015fkan\u0131 se\u00e7ildi \/ Former athlete Muharrem Or was elected as the new president of Bursa Nil\u00fcfer Belediyespor Club"},"content":{"rendered":"\n<p><\/p>\n\n\n\n<p><\/p>\n\n\n\n<p><\/p>\n\n\n\n<p>Bursa Nil\u00fcfer Belediyespor Kul\u00fcb\u00fc&#8217;n\u00fcn Ola\u011fan\u00fcst\u00fc Genel Kurulunda yeni y\u00f6netim belli oldu. Yap\u0131lan oylamada tek aday olan Muharrem Or, oybirli\u011fi ile kul\u00fcp ba\u015fkan\u0131 se\u00e7ildi.<\/p>\n\n\n\n<p>Nil\u00fcfer Belediyespor Kul\u00fcb\u00fc&#8217;n\u00fcn Ola\u011fan\u00fcst\u00fc Genel Kurulu ger\u00e7ekle\u015fti. Ola\u011fan\u00fcst\u00fc Genel Kurulun Divan Ba\u015fkanl\u0131\u011f\u0131n\u0131 Y\u00fccel Akbulut, \u00fcyeliklerini H\u00fclya Akg\u00fcl ile Kenan Da\u015ftan y\u00fcr\u00fctt\u00fc. Sayg\u0131 duru\u015fu ve \u0130stiklal Mar\u015f\u0131&#8217;n\u0131n okunmas\u0131n\u0131n ard\u0131ndan faaliyet raporu, hesap raporlar\u0131 ve denetim kurulu raporlar\u0131 okundu. Raporlar oybirli\u011fi ile ibra edildi. Kul\u00fcp unvan ve t\u00fcz\u00fc\u011f\u00fcn\u00fcn de\u011fi\u015ftirilmesi \u00f6nerisinde de kul\u00fcb\u00fcn isminden &#8216;dernek&#8217; ibaresi \u00e7\u0131kart\u0131larak, Nil\u00fcfer Belediyespor Kul\u00fcb\u00fc olmas\u0131na karar verildi.<\/p>\n\n\n\n<p>Ola\u011fan\u00fcst\u00fc Genel Kurul&#8217;da se\u00e7ime Muharrem Or tek aday olarak kat\u0131ld\u0131. Muharrem Or yapt\u0131\u011f\u0131 konu\u015fmada \u00f6nceki d\u00f6nem y\u00f6netim kurulu ve ba\u015fkana g\u00f6sterdikleri performans ve hizmetten dolay\u0131 te\u015fekk\u00fcr etti. \u00c7ok k\u00f6kl\u00fc bir kul\u00fcbe sahip olduklar\u0131n\u0131 dile getiren Or, hentbol ve voleybol gibi baz\u0131 bran\u015flarda kul\u00fcb\u00fcn ekol haline geldi\u011fini s\u00f6yledi. Kendisinin 50 y\u0131ld\u0131r atletizmle ilgilendi\u011fini ve \u00fcst d\u00fczey antren\u00f6r belgesine sahip oldu\u011funu aktaran Or, birinci hedeflerinin t\u00fcm kent insan\u0131na sa\u011fl\u0131kl\u0131 spor yapt\u0131rabilmek i\u00e7in gerekli alt yap\u0131 tesislerini, malzemeyi, e\u011fitmenleri ve spor alanlar\u0131n\u0131 kazand\u0131rmak oldu\u011funu a\u00e7\u0131klad\u0131.<\/p>\n\n\n\n<p>Konu\u015fman\u0131n ard\u0131ndan oylamaya ge\u00e7ildi.<\/p>\n\n\n<div class=\"wp-block-image\">\n<figure class=\"aligncenter size-full\"><img decoding=\"async\" loading=\"lazy\" width=\"700\" height=\"290\" src=\"http:\/\/www.maratonturk.com\/wp-content\/uploads\/2024\/04\/image-30.png\" alt=\"\" class=\"wp-image-241\" srcset=\"http:\/\/www.maratonturk.com\/wp-content\/uploads\/2024\/04\/image-30.png 700w, http:\/\/www.maratonturk.com\/wp-content\/uploads\/2024\/04\/image-30-300x124.png 300w\" sizes=\"(max-width: 700px) 100vw, 700px\" \/><\/figure><\/div>\n\n\n<p><\/p>\n\n\n\n<p>Oylama sonucu se\u00e7ilen isimler \u015f\u00f6yle:<\/p>\n\n\n\n<p>Y\u00f6netim Kurulu Asil: Muharrem Or, Fikret Ocako\u011flu, \u0130lker Mehmet \u015eener, Adalet Y\u0131lmaz, Orhan Aky\u00fcrek, Mehmet Aral Atalay, Ak\u0131n Uluda\u011f, D\u00fczg\u00fcn \u015eim\u015fek, \u0130smail Yavuz, Mahmut Demir\u00f6z, \u015eebnem K\u00f6ro\u011flu, Y\u00fccel Akbulut, Salih Ay, G\u00fclver Deniz, Mehmet Murat Ka\u00e7ar.<\/p>\n\n\n\n<p>Y\u00f6netim Kurulu Yedek: \u015eenol Nazif K\u00f6se, Mehmet Do\u011fu\u015f Bilgin, Salih G\u00fcle\u00e7, Kemal Atan, Resul Tarman, \u00d6zlem G\u00fcne\u015f, Furkan Yavuz, Birol Aksu, Emrah Mutlu, Ekrem Erk, \u015eevki Y\u0131lmaz, Hafize Ustural\u0131, Murat \u015eakir Cesur, Ezgi Y\u0131ld\u0131r\u0131m, Kenan Da\u015ftan.<\/p>\n\n\n\n<p>Denetleme Kurulu Asil: Mehtap Esen, Pelin Sevgi, Demirhan Aslan.<\/p>\n\n\n\n<p>Denetleme Kurulu Yedek: Olcay Keskin, Mustafa Aslan, Nam\u0131k Kemal Han<\/p>\n\n\n\n<p>Disiplin Kurulu Asil: Berna Hacer Bilici, Ali Sezgin, G\u00f6k\u00e7e G\u00fcney.<\/p>\n\n\n\n<p>Disiplin Kurulu Yedek: Mustafa Budak, Haydar Tuncay Geyik, \u015eahin Emir<\/p>\n","protected":false},"excerpt":{"rendered":"<p>Bursa Nil\u00fcfer Belediyespor Kul\u00fcb\u00fc&#8217;n\u00fcn Ola\u011fan\u00fcst\u00fc Genel Kurulunda yeni y\u00f6netim belli oldu. Yap\u0131lan oylamada tek aday olan Muharrem Or, oybirli\u011fi ile kul\u00fcp ba\u015fkan\u0131 se\u00e7ildi. Nil\u00fcfer Belediyespor<\/p>\n","protected":false},"author":1,"featured_media":239,"comment_status":"open","ping_status":"open","sticky":false,"template":"","format":"standard","meta":[],"categories":[2],"tags":[],"_links":{"self":[{"href":"http:\/\/www.maratonturk.com\/index.php?rest_route=\/wp\/v2\/posts\/237"}],"collection":[{"href":"http:\/\/www.maratonturk.com\/index.php?rest_route=\/wp\/v2\/posts"}],"about":[{"href":"http:\/\/www.maratonturk.com\/index.php?rest_route=\/wp\/v2\/types\/post"}],"author":[{"embeddable":true,"href":"http:\/\/www.maratonturk.com\/index.php?rest_route=\/wp\/v2\/users\/1"}],"replies":[{"embeddable":true,"href":"http:\/\/www.maratonturk.com\/index.php?rest_route=%2Fwp%2Fv2%2Fcomments&post=237"}],"version-history":[{"count":3,"href":"http:\/\/www.maratonturk.com\/index.php?rest_route=\/wp\/v2\/posts\/237\/revisions"}],"predecessor-version":[{"id":245,"href":"http:\/\/www.maratonturk.com\/index.php?rest_route=\/wp\/v2\/posts\/237\/revisions\/245"}],"wp:featuredmedia":[{"embeddable":true,"href":"http:\/\/www.maratonturk.com\/index.php?rest_route=\/wp\/v2\/media\/239"}],"wp:attachment":[{"href":"http:\/\/www.maratonturk.com\/index.php?rest_route=%2Fwp%2Fv2%2Fmedia&parent=237"}],"wp:term":[{"taxonomy":"category","embeddable":true,"href":"http:\/\/www.maratonturk.com\/index.php?rest_route=%2Fwp%2Fv2%2Fcategories&post=237"},{"taxonomy":"post_tag","embeddable":true,"href":"http:\/\/www.maratonturk.com\/index.php?rest_route=%2Fwp%2Fv2%2Ftags&post=237"}],"curies":[{"name":"wp","href":"https:\/\/api.w.org\/{rel}","templated":true}]}}