{"id":2152,"date":"2026-09-01T04:14:26","date_gmt":"2026-09-01T04:14:26","guid":{"rendered":"http:\/\/www.maratonturk.com\/?p=2152"},"modified":"2026-09-01T04:14:27","modified_gmt":"2026-09-01T04:14:27","slug":"gelecege-smac-2","status":"publish","type":"post","link":"http:\/\/www.maratonturk.com\/?p=2152","title":{"rendered":"<strong>GELECE\u011eE&nbsp; SMA\u00c7<\/strong>"},"content":{"rendered":"\n<p>Eczac\u0131ba\u015f\u0131 Spor Kul\u00fcb\u00fc Gelece\u011fe Sma\u00e7 Bulu\u015fmlar\u0131\u2019n\u0131n ikincisi, Eczac\u0131ba\u015f\u0131 Spor Kul\u00fcb\u00fc\u2019n\u00fcn Kartal\u2019daki evinde, Eczac\u0131ba\u015f\u0131 Spor Kul\u00fcb\u00fc Ba\u015fkan\u0131 Faruk Eczac\u0131ba\u015f\u0131\u2019n\u0131n ev sahipli\u011finde ger\u00e7ekle\u015fti. Y\u0131lda bir kez d\u00fczenlenen bulu\u015fma; Gelece\u011fe Sma\u00e7 kamp\u00fcslerinin koordinat\u00f6r, antren\u00f6r ve Eczac\u0131ba\u015f\u0131 Spor Kul\u00fcb\u00fc \u00e7al\u0131\u015fanlar\u0131yla toplam 250 ki\u015finin kat\u0131l\u0131m\u0131yla geride kalan sezonu de\u011ferlendirdi\u011fi, y\u0131l boyunca edindikleri deneyimleri payla\u015ft\u0131\u011f\u0131 ve yeni d\u00f6nemin hedeflerini birlikte ele ald\u0131\u011f\u0131 \u00f6nemli bir bulu\u015fma oldu.<\/p>\n\n\n\n<p>2025-2026 sezonunun de\u011ferlendirildi\u011fi bulu\u015fmada; kamp\u00fcslerin sahadaki \u00e7al\u0131\u015fmalar\u0131n\u0131n yan\u0131 s\u0131ra e\u011fitim, ileti\u015fim, sporcu geli\u015fimi ve organizasyon s\u00fcre\u00e7lerine ili\u015fkin deneyimler de payla\u015f\u0131ld\u0131. Kamp\u00fcs temsilcileri, y\u0131l boyunca kar\u015f\u0131la\u015ft\u0131klar\u0131 farkl\u0131 uygulamalar\u0131, geli\u015ftirdikleri y\u00f6ntemleri ve iyi \u00f6rnekleri birbirleriyle payla\u015farak Gelece\u011fe Sma\u00e7 \u00e7at\u0131s\u0131 alt\u0131nda ortak \u00f6\u011frenme ve geli\u015fim alanlar\u0131n\u0131n g\u00fc\u00e7lendirilmesine katk\u0131 sa\u011flad\u0131.<\/p>\n\n\n\n<p><strong>Ba\u015far\u0131larla Dolu Bir Sezon<\/strong><\/p>\n\n\n\n<p>2025-2026 sezonu, Gelece\u011fe Sma\u00e7 kamp\u00fcsleri i\u00e7in sportif a\u00e7\u0131dan da \u00f6nemli ba\u015far\u0131lar\u0131n elde edildi\u011fi bir sezon oldu. Sezon boyunca farkl\u0131 ya\u015f kategorilerinde lig ve turnuvalarda m\u00fccadele eden kamp\u00fcsler, \u015fampiyonluklar\u0131n yan\u0131 s\u0131ra ikincilik ve \u00fc\u00e7\u00fcnc\u00fcl\u00fck dereceleriyle de \u00f6nemli sonu\u00e7lara imza att\u0131.<\/p>\n\n\n\n<p>Eczac\u0131ba\u015f\u0131 Gelece\u011fe Sma\u00e7 Bodrum Merkez Kamp\u00fcs\u00fc; Mini K\u0131zlar ve Midi K\u0131zlar S\u00fcper Lig \u015fampiyonluklar\u0131n\u0131n yan\u0131 s\u0131ra K\u00fc\u00e7\u00fck K\u0131zlar ve Gen\u00e7 K\u0131zlar S\u00fcper Lig \u00fc\u00e7\u00fcnc\u00fcl\u00fckleri, K\u00fc\u00e7\u00fck K\u0131zlar Mu\u011fla Ligi \u015fampiyonlu\u011fu ve Y\u0131ld\u0131z K\u0131zlar Mu\u011fla Ligi \u00fc\u00e7\u00fcnc\u00fcl\u00fc\u011f\u00fc elde etti.<\/p>\n\n\n\n<p>Eczac\u0131ba\u015f\u0131 Gelece\u011fe Sma\u00e7 Eski\u015fehir Kamp\u00fcs\u00fc, Midi K\u0131zlar S\u00fcper Lig ve Mini K\u0131zlar Geli\u015fim Ligi \u015fampiyonluklar\u0131n\u0131n yan\u0131 s\u0131ra Y\u0131ld\u0131z K\u0131zlar Geli\u015fim Ligi ikincili\u011fi ve Midi K\u0131zlar Geli\u015fim Ligi \u00fc\u00e7\u00fcnc\u00fcl\u00fc\u011f\u00fc ile sezonu tamamlad\u0131. Florya Kamp\u00fcs\u00fc ise Midi K\u0131zlar 1. Lig Avrupa Yakas\u0131 ve Midi K\u0131zlar 1. Lig \u015fampiyonluklar\u0131na ula\u015ft\u0131.<\/p>\n\n\n\n<p>Eczac\u0131ba\u015f\u0131 Gelece\u011fe Sma\u00e7 Gaziemir ve Kar\u015f\u0131yaka kamp\u00fcsleri de sezonu \u00f6nemli derecelerle tamamlad\u0131. Gaziemir Kamp\u00fcs\u00fc Minik K\u0131zlar 1. Lig \u00fc\u00e7\u00fcnc\u00fcl\u00fc\u011f\u00fc, Midi K\u0131zlar 2. Lig \u015fampiyonlu\u011fu ve K\u00fc\u00e7\u00fck K\u0131zlar 2. Lig \u00fc\u00e7\u00fcnc\u00fcl\u00fc\u011f\u00fc elde ederken, Kar\u015f\u0131yaka Kamp\u00fcs\u00fc de sezon boyunca farkl\u0131 kategorilerdeki \u00e7al\u0131\u015fmalar\u0131yla m\u00fccadelelerini s\u00fcrd\u00fcrd\u00fc.<\/p>\n\n\n\n<p>Eczac\u0131ba\u015f\u0131 Gelece\u011fe Sma\u00e7 Adana Kuzey Kamp\u00fcs\u00fc; Midi K\u0131zlar S\u00fcper Lig ikincili\u011fi, Midi K\u0131zlar 1. Lig ve K\u00fc\u00e7\u00fck K\u0131zlar 1. Lig \u015fampiyonluklar\u0131yla dikkat \u00e7ekerken, Eczac\u0131ba\u015f\u0131 Gelece\u011fe Sma\u00e7 Tekirda\u011f Saray Kamp\u00fcs\u00fc Y\u0131ld\u0131z K\u0131zlar Tekirda\u011f Ligi ikincili\u011fi ve K\u00fc\u00e7\u00fck K\u0131zlar 1. Lig ikincili\u011fi elde etti. Eczac\u0131ba\u015f\u0131 Gelece\u011fe Sma\u00e7 \u015eerifali Kamp\u00fcs\u00fc ise Midi K\u0131zlar \u0130stanbul Ligi \u00fc\u00e7\u00fcnc\u00fcl\u00fc\u011f\u00fc ve K\u00fc\u00e7\u00fck K\u0131zlar Geli\u015fim Ligi ikincili\u011fi ile sezonu tamamlad\u0131.<\/p>\n\n\n\n<p>Eczac\u0131ba\u015f\u0131 Gelece\u011fe Sma\u00e7 Yeni\u015fehir Kamp\u00fcs\u00fc, Gen\u00e7 K\u0131zlar S\u00fcper Lig \u00fc\u00e7\u00fcnc\u00fcl\u00fc\u011f\u00fcn\u00fcn yan\u0131 s\u0131ra Y\u0131ld\u0131z K\u0131zlar ve K\u00fc\u00e7\u00fck K\u0131zlar S\u00fcper Lig \u015fampiyonluklar\u0131, Midi K\u0131zlar S\u00fcper Lig ikincili\u011fi ve K\u00fc\u00e7\u00fck K\u0131zlar Geli\u015fim Ligi \u00fc\u00e7\u00fcnc\u00fcl\u00fc\u011f\u00fc ile sezonun \u00f6ne \u00e7\u0131kan kamp\u00fcslerinden biri oldu.<\/p>\n\n\n\n<p>Bu ba\u015far\u0131lar, Gelece\u011fe Sma\u00e7\u2019\u0131n farkl\u0131 kamp\u00fcslerinde y\u00fcr\u00fct\u00fclen \u00e7al\u0131\u015fmalar\u0131n sahaya yans\u0131yan sonu\u00e7lar\u0131n\u0131 ortaya koyarken, kamp\u00fcsler aras\u0131ndaki deneyim payla\u015f\u0131m\u0131n\u0131n ve ortak \u00e7al\u0131\u015fma k\u00fclt\u00fcr\u00fcn\u00fcn \u00f6nemini de bir kez daha g\u00f6sterdi.<\/p>\n\n\n\n<p><strong>Yeni D\u00f6neme Haz\u0131rl\u0131k<\/strong><\/p>\n\n\n\n<p>G\u00fcn\u00fcn a\u00e7\u0131l\u0131\u015f konu\u015fmas\u0131n\u0131 ger\u00e7ekle\u015ftiren&nbsp;<strong>Eczac\u0131ba\u015f\u0131 Spor Kul\u00fcb\u00fc Genel M\u00fcd\u00fcr\u00fc ve Y\u00f6netim Kurulu \u00dcyesi AL\u0130 ATALIK ;<\/strong>&nbsp;Kul\u00fcb\u00fcn 60. y\u0131l\u0131nda Gelece\u011fe Sma\u00e7\u2019\u0131n ula\u015ft\u0131\u011f\u0131 noktaya ve yeni d\u00f6nem hedeflerine de\u011findi. 1 Temmuz 2025 itibar\u0131yla 24 kamp\u00fcste ula\u015f\u0131lan toplam \u00f6\u011frenci say\u0131s\u0131n\u0131n 4.162\u2019ye ula\u015ft\u0131\u011f\u0131n\u0131 belirten Atal\u0131k, yeni d\u00f6nemde Ankara \u00c7ankaya, Antalya, Bah\u00e7e\u015fehir, \u00c7ekmek\u00f6y, L\u00fcleburgaz, Manisa, Ordu ve Samsun\u2019da a\u00e7\u0131lacak 8 yeni kamp\u00fcsle birlikte Gelece\u011fe Sma\u00e7\u2019\u0131n toplam kamp\u00fcs say\u0131s\u0131n\u0131n 32\u2019ye ula\u015faca\u011f\u0131n\u0131 ifade etti. Gelece\u011fe Sma\u00e7 Kamp\u00fcsleri\u2019nde yaln\u0131zca sporcu yeti\u015ftirmeyi de\u011fil, k\u0131z \u00e7ocuklar\u0131n\u0131n g\u00fc\u00e7l\u00fc, \u00f6zg\u00fcvenli ve donan\u0131ml\u0131 bireyler olarak geli\u015fimini desteklemeyi ama\u00e7lad\u0131\u011f\u0131n\u0131 vurgulayan Atal\u0131k, yeni sezonda e\u011fitim, ileti\u015fim, organizasyon ve sporcu geli\u015fimine y\u00f6nelik \u00e7al\u0131\u015fmalar\u0131n g\u00fc\u00e7lendirilerek s\u00fcrd\u00fcr\u00fclece\u011fini belirtti.<\/p>\n\n\n\n<p>Bulu\u015fma kapsam\u0131nda g\u00fcn boyunca MAXX Potential E\u011fitim Platformu, sosyal medya ve kurumsal ileti\u015fim, altyap\u0131 sporcu beslenmesi, \u00fcst yap\u0131ya oyuncu ge\u00e7i\u015f \u015fartlar\u0131, yetenek tarama ve sporcu havuzunun geni\u015fletilmesi gibi ba\u015fl\u0131klarda oturumlar ger\u00e7ekle\u015ftirildi. Sporcu ve ergen psikolojisinin ele al\u0131nd\u0131\u011f\u0131 oturumun yan\u0131 s\u0131ra 2026-2027 sezonu Voleybol Okulu teknik toplant\u0131s\u0131 d\u00fczenlendi.<\/p>\n\n\n\n<p>G\u00fcn\u00fcn \u00f6nemli b\u00f6l\u00fcmlerinden birini ise kamp\u00fcslerin y\u0131l boyunca edindikleri deneyimleri ve uygulamalar\u0131n\u0131 birbirleriyle payla\u015ft\u0131\u011f\u0131 sunumlar olu\u015fturdu. Farkl\u0131 kamp\u00fcslerin sahadaki uygulamalar\u0131n\u0131n, kar\u015f\u0131la\u015ft\u0131klar\u0131 ihtiya\u00e7lar\u0131n ve \u00e7\u00f6z\u00fcm y\u00f6ntemlerinin payla\u015f\u0131lmas\u0131yla, kamp\u00fcsler aras\u0131nda bilgi ve deneyim aktar\u0131m\u0131n\u0131n g\u00fc\u00e7lendirilmesi hedeflendi.<\/p>\n\n\n\n<p><strong>60 Y\u0131ll\u0131k Miras, Gelece\u011fe Uzanan Yat\u0131r\u0131m<\/strong><\/p>\n\n\n\n<p>G\u00fcn\u00fcn sonunda&nbsp;<strong>Eczac\u0131ba\u015f\u0131 Spor Kul\u00fcb\u00fc Ba\u015fkan\u0131&nbsp; FARUK ECZACIBA\u015eI ;<\/strong>&nbsp;2025-2026 sezonunu tamamlayan ve ba\u015far\u0131lar elde eden kamp\u00fcslere plaketlerini takdim etti.<\/p>\n\n\n\n<p>Bulu\u015fman\u0131n kapan\u0131\u015f konu\u015fmas\u0131n\u0131 ger\u00e7ekle\u015ftiren Faruk Eczac\u0131ba\u015f\u0131, Eczac\u0131ba\u015f\u0131 Spor Kul\u00fcb\u00fc\u2019n\u00fcn 60 y\u0131ll\u0131k yolculu\u011funa ve T\u00fcrk sporuna katt\u0131\u011f\u0131 de\u011ferlere de\u011findi. Kul\u00fcb\u00fcn 60 y\u0131l \u00f6nce T\u00fcrkiye\u2019de tak\u0131m sporlar\u0131n\u0131n geli\u015fimine katk\u0131 sa\u011flamak amac\u0131yla yola \u00e7\u0131kt\u0131\u011f\u0131n\u0131 belirten Eczac\u0131ba\u015f\u0131, kul\u00fcb\u00fcn tarihinin voleybolun yan\u0131 s\u0131ra basketbol, masa tenisi ve satran\u00e7 gibi farkl\u0131 bran\u015flarla \u015fekillendi\u011fini, zaman i\u00e7erisinde ise misyonun voleybola odakland\u0131\u011f\u0131n\u0131 ifade etti.<\/p>\n\n\n\n<p>Eczac\u0131ba\u015f\u0131, kul\u00fcb\u00fcn bu s\u00fcre\u00e7te yaln\u0131zca sportif ba\u015far\u0131y\u0131 de\u011fil, T\u00fcrkiye\u2019de voleybol k\u00fclt\u00fcr\u00fcn\u00fcn geli\u015fmesini de hedefledi\u011fini vurgularken, ge\u00e7mi\u015ften bug\u00fcne voleybolun toplumdaki alg\u0131s\u0131nda ya\u015fanan de\u011fi\u015fime dikkat \u00e7ekti. Sporun y\u0131llar i\u00e7erisinde daha geni\u015f kitlelere ula\u015farak ailelerin ve gen\u00e7lerin ilgiyle takip etti\u011fi g\u00fc\u00e7l\u00fc bir k\u00fclt\u00fcre d\u00f6n\u00fc\u015fmesinde Eczac\u0131ba\u015f\u0131 Spor Kul\u00fcb\u00fc\u2019n\u00fcn \u00fcstlendi\u011fi role de\u011findi.<\/p>\n\n\n\n<p>Konu\u015fmas\u0131n\u0131n sonunda Gelece\u011fe Sma\u00e7 kamp\u00fcslerinde y\u0131llard\u0131r b\u00fcy\u00fck bir \u00f6zveriyle \u00e7al\u0131\u015fan antren\u00f6r ve koordinat\u00f6rlere te\u015fekk\u00fcr eden Eczac\u0131ba\u015f\u0131, kul\u00fcb\u00fcn ge\u00e7mi\u015ften gelece\u011fe uzanan misyonunda altyap\u0131n\u0131n ve gen\u00e7 nesillere yap\u0131lan yat\u0131r\u0131m\u0131n \u00f6nemini vurgulad\u0131.<\/p>\n\n\n\n<p>Gelece\u011fe Sma\u00e7 Bulu\u015fmalar\u0131, farkl\u0131 kamp\u00fcslerden gelen ekiplerin bir sezonun deneyimlerini geride b\u0131rak\u0131p yeni d\u00f6nemin hedeflerine birlikte haz\u0131rland\u0131\u011f\u0131; sportif ba\u015far\u0131lar\u0131n, iyi uygulamalar\u0131n ve ortak \u00f6\u011frenmenin ayn\u0131 \u00e7at\u0131 alt\u0131nda bulu\u015ftu\u011fu bir g\u00fcn olarak tamamland\u0131.<\/p>\n","protected":false},"excerpt":{"rendered":"<p>Eczac\u0131ba\u015f\u0131 Spor Kul\u00fcb\u00fc Gelece\u011fe Sma\u00e7 Bulu\u015fmlar\u0131\u2019n\u0131n ikincisi, Eczac\u0131ba\u015f\u0131 Spor Kul\u00fcb\u00fc\u2019n\u00fcn Kartal\u2019daki evinde, Eczac\u0131ba\u015f\u0131 Spor Kul\u00fcb\u00fc Ba\u015fkan\u0131 Faruk Eczac\u0131ba\u015f\u0131\u2019n\u0131n ev sahipli\u011finde ger\u00e7ekle\u015fti. Y\u0131lda bir kez d\u00fczenlenen<\/p>\n","protected":false},"author":2,"featured_media":2153,"comment_status":"open","ping_status":"open","sticky":false,"template":"","format":"standard","meta":[],"categories":[1],"tags":[],"_links":{"self":[{"href":"http:\/\/www.maratonturk.com\/index.php?rest_route=\/wp\/v2\/posts\/2152"}],"collection":[{"href":"http:\/\/www.maratonturk.com\/index.php?rest_route=\/wp\/v2\/posts"}],"about":[{"href":"http:\/\/www.maratonturk.com\/index.php?rest_route=\/wp\/v2\/types\/post"}],"author":[{"embeddable":true,"href":"http:\/\/www.maratonturk.com\/index.php?rest_route=\/wp\/v2\/users\/2"}],"replies":[{"embeddable":true,"href":"http:\/\/www.maratonturk.com\/index.php?rest_route=%2Fwp%2Fv2%2Fcomments&post=2152"}],"version-history":[{"count":1,"href":"http:\/\/www.maratonturk.com\/index.php?rest_route=\/wp\/v2\/posts\/2152\/revisions"}],"predecessor-version":[{"id":2154,"href":"http:\/\/www.maratonturk.com\/index.php?rest_route=\/wp\/v2\/posts\/2152\/revisions\/2154"}],"wp:featuredmedia":[{"embeddable":true,"href":"http:\/\/www.maratonturk.com\/index.php?rest_route=\/wp\/v2\/media\/2153"}],"wp:attachment":[{"href":"http:\/\/www.maratonturk.com\/index.php?rest_route=%2Fwp%2Fv2%2Fmedia&parent=2152"}],"wp:term":[{"taxonomy":"category","embeddable":true,"href":"http:\/\/www.maratonturk.com\/index.php?rest_route=%2Fwp%2Fv2%2Fcategories&post=2152"},{"taxonomy":"post_tag","embeddable":true,"href":"http:\/\/www.maratonturk.com\/index.php?rest_route=%2Fwp%2Fv2%2Ftags&post=2152"}],"curies":[{"name":"wp","href":"https:\/\/api.w.org\/{rel}","templated":true}]}}