{"id":1869,"date":"2025-12-01T12:49:22","date_gmt":"2025-12-01T12:49:22","guid":{"rendered":"http:\/\/www.maratonturk.com\/?p=1869"},"modified":"2025-12-01T13:02:29","modified_gmt":"2025-12-01T13:02:29","slug":"uluslararasi-mersin-maratonu-14-aralikta-kosulacak","status":"publish","type":"post","link":"http:\/\/www.maratonturk.com\/?p=1869","title":{"rendered":"Uluslararas\u0131 Mersin Maratonu 14 Aral\u0131k\u2019ta ko\u015fulacak"},"content":{"rendered":"\n<figure class=\"wp-block-image size-large\"><img decoding=\"async\" loading=\"lazy\" width=\"1024\" height=\"683\" src=\"http:\/\/www.maratonturk.com\/wp-content\/uploads\/2025\/12\/7.-Uluslararasi-Mersin-Maratonu-14-Aralikta-kosulacak-4-1024x683.jpg\" alt=\"\" class=\"wp-image-1870\" srcset=\"http:\/\/www.maratonturk.com\/wp-content\/uploads\/2025\/12\/7.-Uluslararasi-Mersin-Maratonu-14-Aralikta-kosulacak-4-1024x683.jpg 1024w, http:\/\/www.maratonturk.com\/wp-content\/uploads\/2025\/12\/7.-Uluslararasi-Mersin-Maratonu-14-Aralikta-kosulacak-4-300x200.jpg 300w, http:\/\/www.maratonturk.com\/wp-content\/uploads\/2025\/12\/7.-Uluslararasi-Mersin-Maratonu-14-Aralikta-kosulacak-4-768x512.jpg 768w, http:\/\/www.maratonturk.com\/wp-content\/uploads\/2025\/12\/7.-Uluslararasi-Mersin-Maratonu-14-Aralikta-kosulacak-4-1536x1024.jpg 1536w, http:\/\/www.maratonturk.com\/wp-content\/uploads\/2025\/12\/7.-Uluslararasi-Mersin-Maratonu-14-Aralikta-kosulacak-4-2048x1366.jpg 2048w, http:\/\/www.maratonturk.com\/wp-content\/uploads\/2025\/12\/7.-Uluslararasi-Mersin-Maratonu-14-Aralikta-kosulacak-4-1170x780.jpg 1170w\" sizes=\"(max-width: 1024px) 100vw, 1024px\" \/><\/figure>\n\n\n\n<p>Mersin B\u00fcy\u00fck\u015fehir Belediyesi Gen\u00e7lik ve Spor Hizmetleri Dairesi Ba\u015fkanl\u0131\u011f\u0131 taraf\u0131ndan bu y\u0131l \u2018Tarih ve Do\u011faya, Spora ve Dostlu\u011fa, Att\u0131\u011f\u0131n Her Ad\u0131mda Mersin Ko\u015far Arkanda\u2019 slogan\u0131yla d\u00fczenlenen \u20187. Uluslararas\u0131 Mersin Maratonu\u2019, 14 Aral\u0131k Pazar g\u00fcn\u00fc binlerce sporcunun kat\u0131l\u0131m\u0131yla ko\u015fulacak. D\u00fcnyan\u0131n sayg\u0131n maratonlar\u0131 aras\u0131nda yer alan etkinlik; 42K, 10K ve 3K (Halk Ko\u015fusu) olmak \u00fczere 3 kategoride<br>profesyonel ve amat\u00f6r atletleri a\u011f\u0131rlayacak. Maraton heyecan\u0131 13 Aral\u0131k\u2019ta \u00d6zgecan Aslan Bar\u0131\u015f Meydan\u0131\u2019nda kurulacak fuar ile ba\u015flayacak. Mersin B\u00fcy\u00fck\u015fehir Belediyesi Gen\u00e7lik ve Spor Hizmetleri Dairesi Ba\u015fkanl\u0131\u011f\u0131, t\u00fcm Mersinlileri bu b\u00fcy\u00fck heyecana ortak olmaya davet ederken, maratonun yeni rekorlara sahne olmas\u0131 hedefleniyor. D\u00fcnyan\u0131n farkl\u0131 co\u011frafyalar\u0131ndan 30 \u00fclke ile T\u00fcrkiye\u2019nin d\u00f6rt bir yan\u0131ndan kat\u0131l\u0131m\u0131n beklendi\u011fi organizasyon, sporun birle\u015ftirici g\u00fcc\u00fcyle kenti uluslararas\u0131 bir bulu\u015fma noktas\u0131 haline getirecek.<\/p>\n\n\n\n<p><strong>TA\u015eKIN: MARATONA 30 \u00dcLKEDEN 400\u2019\u00dcN \u00dcZER\u0130NDE PROFESYONEL SPORCU KATILACAK<\/strong><\/p>\n\n\n\n<p>Gen\u00e7lik ve Spor Hizmetleri Dairesi Ba\u015fkan\u0131 Emrullah Ta\u015fk\u0131n, B\u00fcy\u00fck\u015fehir olarak 2025 y\u0131l\u0131nda Mersin\u2019de ger\u00e7ekle\u015ftirecekleri son ve en b\u00fcy\u00fck spor organizasyonun \u20187. Uluslararas\u0131 Mersin Maratonu\u2019 oldu\u011funu ifade ederek, \u201c7. Uluslararas\u0131 Mersin Maratonu\u2019nun, 30 \u00fclkeden 400\u2019\u00fcn \u00fczerinde profesyonel sporcu ile ger\u00e7ekle\u015fmesini bekliyoruz. 10K dedi\u011fimiz kategoride de 2 bine yak\u0131n sporcu yar\u0131\u015facak. Kay\u0131tlar\u0131n\u0131<br>yapt\u0131ran sporcular\u0131m\u0131za 12-13 Aral\u0131k tarihlerinde \u00d6zgecan Aslan Bar\u0131\u015f Meydan\u0131\u2019nda kit ve \u00e7ip da\u011f\u0131t\u0131mlar\u0131 yap\u0131lacak. Organizasyonun 3 kilometrelik Halk Ko\u015fusuna ise 7\u2019den 77\u2019ye b\u00fct\u00fcn Mersinlileri davet ediyoruz\u201d dedi.<\/p>\n\n\n\n<p><strong>\u201cMERS\u0130N MARATONU, D\u00dcNYADAK\u0130 EN \u00d6NEML\u0130 ORGAN\u0130ZASYONLARDAN B\u0130R TANES\u0130\u201d<\/strong><\/p>\n\n\n\n<p>Ge\u00e7ti\u011fimiz y\u0131l d\u00fcnya genelinde yap\u0131lan 213 maraton aras\u0131nda ba\u015far\u0131 s\u0131ralamas\u0131nda 49. s\u0131raya yerle\u015ferek olduk\u00e7a \u00f6nemli bir yol kat ettiklerini s\u00f6yleyen Ta\u015fk\u0131n, \u201cMersin Maratonu, d\u00fcnyadaki en \u00f6nemli organizasyonlar\u0131ndan bir tanesi. Maratona bu y\u0131l d\u00fcnya \u00e7ap\u0131nda \u00e7ok iyi dereceler ko\u015fmu\u015f, d\u00fcnyan\u0131n en \u00f6nemli 33 elit atleti de kat\u0131l\u0131yor. \u00c7ok kaliteli ve renkli bir yar\u0131\u015f olacak. Maratona kat\u0131l\u0131m sa\u011flamak isteyen<br>vatanda\u015flar\u0131m\u0131z, 10 Aral\u0131k\u2019a kadar www.mbbspor.org adresinden kay\u0131t yapt\u0131r\u0131labilir\u201d diye konu\u015ftu. Sporun birle\u015ftirici g\u00fcc\u00fcne inand\u0131klar\u0131 i\u00e7in bu organizasyonlar\u0131n olduk\u00e7a k\u0131ymetli oldu\u011funu s\u00f6zlerine ekleyen Ta\u015fk\u0131n, \u201cSpor, her renkten insan\u0131n bir araya geldi\u011fi en \u00f6nemli unsurlardan bir tanesi. Mersin zaten bar\u0131\u015f\u0131n ve karde\u015fli\u011fin kenti. Herkesi 14 Aral\u0131k\u2019ta \u20187. Uluslararas\u0131 Mersin Maratonu\u2019na ve bu maraton b\u00fcnyesinde yer alacak olan 3K Halk Ko\u015fusuna bekliyoruz\u201d ifadelerine yer verdi.<\/p>\n","protected":false},"excerpt":{"rendered":"<p>Mersin B\u00fcy\u00fck\u015fehir Belediyesi Gen\u00e7lik ve Spor Hizmetleri Dairesi Ba\u015fkanl\u0131\u011f\u0131 taraf\u0131ndan bu y\u0131l \u2018Tarih ve Do\u011faya, Spora ve Dostlu\u011fa, Att\u0131\u011f\u0131n Her Ad\u0131mda Mersin Ko\u015far Arkanda\u2019 slogan\u0131yla<\/p>\n","protected":false},"author":2,"featured_media":1871,"comment_status":"open","ping_status":"open","sticky":false,"template":"","format":"standard","meta":[],"categories":[2],"tags":[],"_links":{"self":[{"href":"http:\/\/www.maratonturk.com\/index.php?rest_route=\/wp\/v2\/posts\/1869"}],"collection":[{"href":"http:\/\/www.maratonturk.com\/index.php?rest_route=\/wp\/v2\/posts"}],"about":[{"href":"http:\/\/www.maratonturk.com\/index.php?rest_route=\/wp\/v2\/types\/post"}],"author":[{"embeddable":true,"href":"http:\/\/www.maratonturk.com\/index.php?rest_route=\/wp\/v2\/users\/2"}],"replies":[{"embeddable":true,"href":"http:\/\/www.maratonturk.com\/index.php?rest_route=%2Fwp%2Fv2%2Fcomments&post=1869"}],"version-history":[{"count":1,"href":"http:\/\/www.maratonturk.com\/index.php?rest_route=\/wp\/v2\/posts\/1869\/revisions"}],"predecessor-version":[{"id":1872,"href":"http:\/\/www.maratonturk.com\/index.php?rest_route=\/wp\/v2\/posts\/1869\/revisions\/1872"}],"wp:featuredmedia":[{"embeddable":true,"href":"http:\/\/www.maratonturk.com\/index.php?rest_route=\/wp\/v2\/media\/1871"}],"wp:attachment":[{"href":"http:\/\/www.maratonturk.com\/index.php?rest_route=%2Fwp%2Fv2%2Fmedia&parent=1869"}],"wp:term":[{"taxonomy":"category","embeddable":true,"href":"http:\/\/www.maratonturk.com\/index.php?rest_route=%2Fwp%2Fv2%2Fcategories&post=1869"},{"taxonomy":"post_tag","embeddable":true,"href":"http:\/\/www.maratonturk.com\/index.php?rest_route=%2Fwp%2Fv2%2Ftags&post=1869"}],"curies":[{"name":"wp","href":"https:\/\/api.w.org\/{rel}","templated":true}]}}