{"id":1855,"date":"2025-11-23T20:05:56","date_gmt":"2025-11-23T20:05:56","guid":{"rendered":"http:\/\/www.maratonturk.com\/?p=1855"},"modified":"2025-11-23T20:05:56","modified_gmt":"2025-11-23T20:05:56","slug":"ogretmenler-gunu-kutlu-olsun-2","status":"publish","type":"post","link":"http:\/\/www.maratonturk.com\/?p=1855","title":{"rendered":"\u00d6\u011eRETMENLER G\u00dcN\u00dc KUTLU OLSUN&#8230;"},"content":{"rendered":"\n<figure class=\"wp-block-image size-large\"><img decoding=\"async\" loading=\"lazy\" width=\"1024\" height=\"667\" src=\"http:\/\/www.maratonturk.com\/wp-content\/uploads\/2025\/11\/20231120_181331-1024x667.jpg\" alt=\"\" class=\"wp-image-1856\" srcset=\"http:\/\/www.maratonturk.com\/wp-content\/uploads\/2025\/11\/20231120_181331-1024x667.jpg 1024w, http:\/\/www.maratonturk.com\/wp-content\/uploads\/2025\/11\/20231120_181331-300x195.jpg 300w, http:\/\/www.maratonturk.com\/wp-content\/uploads\/2025\/11\/20231120_181331-768x500.jpg 768w, http:\/\/www.maratonturk.com\/wp-content\/uploads\/2025\/11\/20231120_181331-1536x1001.jpg 1536w, http:\/\/www.maratonturk.com\/wp-content\/uploads\/2025\/11\/20231120_181331-2048x1334.jpg 2048w, http:\/\/www.maratonturk.com\/wp-content\/uploads\/2025\/11\/20231120_181331-1170x762.jpg 1170w\" sizes=\"(max-width: 1024px) 100vw, 1024px\" \/><\/figure>\n\n\n\n<p><\/p>\n\n\n\n<p><strong>\u00d6\u011fretmenler G\u00fcn\u00fc nas\u0131l do\u011fdu?<\/strong><\/p>\n\n\n\n<p>T\u00fcrkiye&#8217;de her y\u0131l 24 Kas\u0131m g\u00fcn\u00fc &#8220;\u00d6\u011fretmenler G\u00fcn\u00fc&#8221; olarak kutlanmaktad\u0131r. Gazi Mustafa Kemal ATAT\u00dcRK&#8217;\u00fcn 1928 de Millet Mektepleri Ba\u015f\u00f6\u011fretmenli\u011fini kabul etti\u011fi 24 Kas\u0131m g\u00fcn\u00fc, 1981 y\u0131l\u0131nda\u00a0 ATAT\u00dcRK&#8217;\u00fcn 100.Do\u011fum y\u0131l\u0131nda 24 Kas\u0131m&#8217;\u0131n her y\u0131l &#8220;\u00d6\u011fretmenler G\u00fcn\u00fc&#8221;\u00a0 olarak kutlanmas\u0131 kararla\u015ft\u0131r\u0131lm\u0131\u015ft\u0131r.<\/p>\n\n\n\n<p><strong>YILIN \u00d6\u011eRETMEN\u0130 :<\/strong><\/p>\n\n\n\n<p><strong>RAGIP TEK\u0130N Y\u0131l\u0131n \u00d6\u011fretmeni<\/strong><\/p>\n\n\n\n<p>\u00dcsk\u00fcdar Ac\u0131badem \u0130lkokulu M\u00fcd\u00fcr\u00fc Rag\u0131p Tekin, 24.Kas\u0131m.1990\u00a0 da &#8220;Y\u0131l\u0131n \u00d6\u011fretmeni&#8221; se\u00e7ildi. Rag\u0131p Tekin \u00f6d\u00fcl\u00fcn\u00fc Atat\u00fcrk&#8217;\u00fcn Tarih \u00f6\u011fretmeni olacaks\u0131n dedi\u011fi, T\u00fcrkiye Cumhuriyeti&#8217;nin ilk Tarih \u00d6\u011fretmenlerinden olan Rafet Ang\u0131n&#8217;\u0131n elinden alm\u0131\u015ft\u0131.<\/p>\n","protected":false},"excerpt":{"rendered":"<p>\u00d6\u011fretmenler G\u00fcn\u00fc nas\u0131l do\u011fdu? T\u00fcrkiye&#8217;de her y\u0131l 24 Kas\u0131m g\u00fcn\u00fc &#8220;\u00d6\u011fretmenler G\u00fcn\u00fc&#8221; olarak kutlanmaktad\u0131r. Gazi Mustafa Kemal ATAT\u00dcRK&#8217;\u00fcn 1928 de Millet Mektepleri Ba\u015f\u00f6\u011fretmenli\u011fini kabul etti\u011fi<\/p>\n","protected":false},"author":2,"featured_media":1857,"comment_status":"open","ping_status":"open","sticky":false,"template":"","format":"standard","meta":[],"categories":[1],"tags":[],"_links":{"self":[{"href":"http:\/\/www.maratonturk.com\/index.php?rest_route=\/wp\/v2\/posts\/1855"}],"collection":[{"href":"http:\/\/www.maratonturk.com\/index.php?rest_route=\/wp\/v2\/posts"}],"about":[{"href":"http:\/\/www.maratonturk.com\/index.php?rest_route=\/wp\/v2\/types\/post"}],"author":[{"embeddable":true,"href":"http:\/\/www.maratonturk.com\/index.php?rest_route=\/wp\/v2\/users\/2"}],"replies":[{"embeddable":true,"href":"http:\/\/www.maratonturk.com\/index.php?rest_route=%2Fwp%2Fv2%2Fcomments&post=1855"}],"version-history":[{"count":1,"href":"http:\/\/www.maratonturk.com\/index.php?rest_route=\/wp\/v2\/posts\/1855\/revisions"}],"predecessor-version":[{"id":1858,"href":"http:\/\/www.maratonturk.com\/index.php?rest_route=\/wp\/v2\/posts\/1855\/revisions\/1858"}],"wp:featuredmedia":[{"embeddable":true,"href":"http:\/\/www.maratonturk.com\/index.php?rest_route=\/wp\/v2\/media\/1857"}],"wp:attachment":[{"href":"http:\/\/www.maratonturk.com\/index.php?rest_route=%2Fwp%2Fv2%2Fmedia&parent=1855"}],"wp:term":[{"taxonomy":"category","embeddable":true,"href":"http:\/\/www.maratonturk.com\/index.php?rest_route=%2Fwp%2Fv2%2Fcategories&post=1855"},{"taxonomy":"post_tag","embeddable":true,"href":"http:\/\/www.maratonturk.com\/index.php?rest_route=%2Fwp%2Fv2%2Ftags&post=1855"}],"curies":[{"name":"wp","href":"https:\/\/api.w.org\/{rel}","templated":true}]}}