{"id":1838,"date":"2025-11-10T15:55:02","date_gmt":"2025-11-10T15:55:02","guid":{"rendered":"http:\/\/www.maratonturk.com\/?p=1838"},"modified":"2025-11-10T15:55:02","modified_gmt":"2025-11-10T15:55:02","slug":"yuzlerce-kisi-ataya-saygi-icin-kostu","status":"publish","type":"post","link":"http:\/\/www.maratonturk.com\/?p=1838","title":{"rendered":"<strong>Y\u00fczlerce Ki\u015fi Ata\u2019ya Sayg\u0131 \u0130\u00e7in Ko\u015ftu<\/strong>"},"content":{"rendered":"\n<p><strong>Beylikd\u00fcz\u00fc Belediyesi, T\u00fcrkiye Cumhuriyeti\u2019nin kurucusu Ulu \u00d6nder Gazi Mustafa Kemal Atat\u00fcrk\u2019\u00fcn hayat\u0131n\u0131 kaybedi\u015finin 87.y\u0131l\u0131nda \u201cAta\u2019ya Sayg\u0131 Ko\u015fusu\u201d d\u00fczenledi. Yo\u011fun ilgi g\u00f6ren ko\u015fuya T\u00fcrkiye\u2019nin d\u00f6rt bir yan\u0131ndan 600 sporcu kat\u0131ld\u0131.<\/strong><\/p>\n\n\n\n<p><strong>Haber:<\/strong> Deniz Co\u015fgun<\/p>\n\n\n<div class=\"wp-block-image\">\n<figure class=\"aligncenter size-large\"><img decoding=\"async\" loading=\"lazy\" width=\"1024\" height=\"682\" src=\"http:\/\/www.maratonturk.com\/wp-content\/uploads\/2025\/11\/YUZLERCE-KISI-ATAYA-SAYGI-ICIN-KOSTU-8-1024x682.jpg\" alt=\"\" class=\"wp-image-1840\" srcset=\"http:\/\/www.maratonturk.com\/wp-content\/uploads\/2025\/11\/YUZLERCE-KISI-ATAYA-SAYGI-ICIN-KOSTU-8-1024x682.jpg 1024w, http:\/\/www.maratonturk.com\/wp-content\/uploads\/2025\/11\/YUZLERCE-KISI-ATAYA-SAYGI-ICIN-KOSTU-8-300x200.jpg 300w, http:\/\/www.maratonturk.com\/wp-content\/uploads\/2025\/11\/YUZLERCE-KISI-ATAYA-SAYGI-ICIN-KOSTU-8-768x512.jpg 768w, http:\/\/www.maratonturk.com\/wp-content\/uploads\/2025\/11\/YUZLERCE-KISI-ATAYA-SAYGI-ICIN-KOSTU-8.jpg 1123w\" sizes=\"(max-width: 1024px) 100vw, 1024px\" \/><\/figure><\/div>\n\n\n<p>Beylikd\u00fcz\u00fc\u2019nde 10 Kas\u0131m Atat\u00fcrk\u2019\u00fc Anma G\u00fcn\u00fc etkinlikleri \u201cAta\u2019ya Sayg\u0131 Ko\u015fusu\u201d ile ba\u015flad\u0131. Beylikd\u00fcz\u00fc Belediyesi\u2019nin Ya\u015fam Vadisi\u2019nde d\u00fczenledi\u011fi ko\u015fuya, amat\u00f6r ve profesyonel olmak \u00fczere 600 ki\u015fi kat\u0131ld\u0131. Ko\u015fu \u00f6ncesi Ulu \u00d6nder Mustafa Kemal Atat\u00fcrk ve silah arkada\u015flar\u0131 an\u0131s\u0131na sayg\u0131 duru\u015funun ard\u0131ndan \u0130stiklal Mar\u015f\u0131 okundu. T\u00fcrkiye\u2019nin d\u00f6rt bir yan\u0131ndan kat\u0131l\u0131m\u0131n oldu\u011fu etkinlikte, 6 kilometrelik parkuru tamamlayan t\u00fcm sporculara an\u0131 madalyas\u0131 ve hediye kitleri verildi. Program\u0131n kapan\u0131\u015f t\u00f6reninde hep bir a\u011f\u0131zdan \u0130zmir Mar\u015f\u0131 s\u00f6ylendi. &nbsp;<\/p>\n","protected":false},"excerpt":{"rendered":"<p>Beylikd\u00fcz\u00fc Belediyesi, T\u00fcrkiye Cumhuriyeti\u2019nin kurucusu Ulu \u00d6nder Gazi Mustafa Kemal Atat\u00fcrk\u2019\u00fcn hayat\u0131n\u0131 kaybedi\u015finin 87.y\u0131l\u0131nda \u201cAta\u2019ya Sayg\u0131 Ko\u015fusu\u201d d\u00fczenledi. Yo\u011fun ilgi g\u00f6ren ko\u015fuya T\u00fcrkiye\u2019nin d\u00f6rt bir<\/p>\n","protected":false},"author":2,"featured_media":1840,"comment_status":"open","ping_status":"open","sticky":false,"template":"","format":"standard","meta":[],"categories":[1],"tags":[],"_links":{"self":[{"href":"http:\/\/www.maratonturk.com\/index.php?rest_route=\/wp\/v2\/posts\/1838"}],"collection":[{"href":"http:\/\/www.maratonturk.com\/index.php?rest_route=\/wp\/v2\/posts"}],"about":[{"href":"http:\/\/www.maratonturk.com\/index.php?rest_route=\/wp\/v2\/types\/post"}],"author":[{"embeddable":true,"href":"http:\/\/www.maratonturk.com\/index.php?rest_route=\/wp\/v2\/users\/2"}],"replies":[{"embeddable":true,"href":"http:\/\/www.maratonturk.com\/index.php?rest_route=%2Fwp%2Fv2%2Fcomments&post=1838"}],"version-history":[{"count":1,"href":"http:\/\/www.maratonturk.com\/index.php?rest_route=\/wp\/v2\/posts\/1838\/revisions"}],"predecessor-version":[{"id":1841,"href":"http:\/\/www.maratonturk.com\/index.php?rest_route=\/wp\/v2\/posts\/1838\/revisions\/1841"}],"wp:featuredmedia":[{"embeddable":true,"href":"http:\/\/www.maratonturk.com\/index.php?rest_route=\/wp\/v2\/media\/1840"}],"wp:attachment":[{"href":"http:\/\/www.maratonturk.com\/index.php?rest_route=%2Fwp%2Fv2%2Fmedia&parent=1838"}],"wp:term":[{"taxonomy":"category","embeddable":true,"href":"http:\/\/www.maratonturk.com\/index.php?rest_route=%2Fwp%2Fv2%2Fcategories&post=1838"},{"taxonomy":"post_tag","embeddable":true,"href":"http:\/\/www.maratonturk.com\/index.php?rest_route=%2Fwp%2Fv2%2Ftags&post=1838"}],"curies":[{"name":"wp","href":"https:\/\/api.w.org\/{rel}","templated":true}]}}