{"id":1799,"date":"2025-10-27T10:09:51","date_gmt":"2025-10-27T10:09:51","guid":{"rendered":"http:\/\/www.maratonturk.com\/?p=1799"},"modified":"2025-10-27T10:13:15","modified_gmt":"2025-10-27T10:13:15","slug":"super-ikili","status":"publish","type":"post","link":"http:\/\/www.maratonturk.com\/?p=1799","title":{"rendered":"S\u00dcPER \u0130K\u0130L\u0130"},"content":{"rendered":"\n<figure class=\"wp-block-image size-full is-resized\"><img decoding=\"async\" src=\"http:\/\/www.maratonturk.com\/wp-content\/uploads\/2025\/10\/image.png\" alt=\"\" class=\"wp-image-1769\" width=\"200\" srcset=\"http:\/\/www.maratonturk.com\/wp-content\/uploads\/2025\/10\/image.png 994w, http:\/\/www.maratonturk.com\/wp-content\/uploads\/2025\/10\/image-291x300.png 291w, http:\/\/www.maratonturk.com\/wp-content\/uploads\/2025\/10\/image-768x791.png 768w\" sizes=\"(max-width: 994px) 100vw, 994px\" \/><\/figure>\n\n\n\n<p><strong>RAGIP TEK\u0130N<\/strong><\/p>\n\n\n\n<p><\/p>\n\n\n\n<p><\/p>\n\n\n\n<p><strong>S\u00dcPER \u0130K\u0130L\u0130<\/strong><\/p>\n\n\n\n<p>T\u00fcrkiye Voleybol Federasyonu Ba\u015fkan\u0131 Mehmet Akif \u00dcst\u00fcnda\u011f bence bir voleybol fenomenidir. Benim ya\u015f\u0131mdakiler Akif Ba\u015fkan&#8217;\u0131n hem sporculu\u011funu hem de antren\u00f6rl\u00fc\u011f\u00fcn\u00fc \u00e7ok iyi hat\u0131rlarlar&#8230;<\/p>\n\n\n\n<p>\u0130\u015fte o g\u00fcnlerden bu g\u00fcnlere ba\u015far\u0131larla dolu bir ya\u015fam&#8230;Akif Ba\u015fkan; aya\u011f\u0131nda ki 41 numaral\u0131 ayakkab\u0131lar\u0131yla \u00e7\u0131kt\u0131\u011f\u0131&nbsp; Malatya&#8217;dan, Voleybol&#8217;un Evliya \u00c7elebi&#8217;si gibi y\u0131llar i\u00e7inde T\u00fcrkiye, Avrupa (CEV) ve<br>D\u00fcnya (FIVB)liderleri ile g\u00f6r\u00fc\u015fmelerinde, T\u00fcrkiye&#8217;nin bir &#8221; Voleybol \u00dclkesi &#8221; oldu\u011funu kabul ettirmesi&nbsp; nedeniyle gurur duymayan bir ki\u015fi olabilir mi?<\/p>\n\n\n<div class=\"wp-block-image\">\n<figure class=\"alignleft size-large is-resized\"><img decoding=\"async\" loading=\"lazy\" src=\"http:\/\/www.maratonturk.com\/wp-content\/uploads\/2025\/10\/ATA_9316-742x1024.jpg\" alt=\"\" class=\"wp-image-1801\" width=\"447\" height=\"617\" srcset=\"http:\/\/www.maratonturk.com\/wp-content\/uploads\/2025\/10\/ATA_9316-742x1024.jpg 742w, http:\/\/www.maratonturk.com\/wp-content\/uploads\/2025\/10\/ATA_9316-217x300.jpg 217w, http:\/\/www.maratonturk.com\/wp-content\/uploads\/2025\/10\/ATA_9316-768x1060.jpg 768w, http:\/\/www.maratonturk.com\/wp-content\/uploads\/2025\/10\/ATA_9316-1113x1536.jpg 1113w, http:\/\/www.maratonturk.com\/wp-content\/uploads\/2025\/10\/ATA_9316-1170x1615.jpg 1170w, http:\/\/www.maratonturk.com\/wp-content\/uploads\/2025\/10\/ATA_9316.jpg 1449w\" sizes=\"(max-width: 447px) 100vw, 447px\" \/><\/figure><\/div>\n\n\n<p>Mehmet Akif \u00dcst\u00fcnda\u011f&#8217;\u0131n&nbsp; voleybol bilgisinin yan\u0131nda, yap\u0131lan organizasyonlarda ekonomik g\u00fc\u00e7 olarak yan\u0131na ald\u0131\u011f\u0131 AXA Sigorta A\u015e. Y\u00f6netim Kurulu Ba\u015fkan vekili ve CEO Yavuz \u00d6lken&#8217;in deste\u011fiyle b\u00fcy\u00fck organizasyonlara devam ediyor olmas\u0131 da, Akif Ba\u015fkan&#8217;\u0131n voleybolun S\u00fcper lideri olmas\u0131n\u0131n kan\u0131t\u0131d\u0131r.<\/p>\n\n\n\n<p>Yavuz \u00d6lken; \u0130stanbul Teknik \u00dcnivrsitesi&#8217;nde, y\u00fcksek \u00f6\u011fretimini s\u00fcrd\u00fcr\u00fcrken, bir taraftan da \u0130T\u00dc voleybol tak\u0131m\u0131n\u0131 y\u00f6nlendiren pozisyonda ya\u015fam\u0131na devam etmesi ise ona voleybola olan sevgisini de kazanmas\u0131n\u0131 sa\u011flam\u0131\u015ft\u0131r. \u0130\u015fte AXA Sigorta T\u00fcrkiye CEO Yavuz \u00d6lken&#8217;in bu voleybol sevgisi, ba\u015far\u0131l\u0131 i\u015f hayat\u0131nda da devam\u0131&nbsp; sonras\u0131, AXA Sigorta&#8217;n\u0131n, Voleybol Federasyonu ile i\u015fbirli\u011fine girmesini sa\u011flam\u0131\u015ft\u0131r.<\/p>\n\n\n\n<p>Ayr\u0131ca; Yavuz \u00d6lken&#8217;in, Malatya&#8217;da oynanan \u015eampiyonlar Kupas\u0131 ma\u00e7\u0131nda, yapt\u0131\u011f\u0131 g\u00f6revlendirmeler de; AXA T\u00fcrkiye G\u00fcney Anadolu B\u00f6lge Koordinat\u00f6r\u00fc Cenk Demirci, AXA Sigorta T\u00fcrkiye \u0130cra Kurulu \u00fcyesi Onur Ko\u00e7kar, AXA Sigorta T\u00fcrkiye Marka ve Kurumsal \u0130leti\u015fim M\u00fcd\u00fcr\u00fc Ece Silahtaro\u011flu&#8217;na da dolays\u0131yla voleybol sevgisini a\u015f\u0131lam\u0131\u015ft\u0131r. \u0130\u015fte bu de\u011ferlendirmeler ki\u015finin \u00fcst\u00fcn zeka yetene\u011finin sonucudur.<\/p>\n\n\n\n<p>T\u00fcm bu ba\u015far\u0131lar, Mehmet Akif \u00dcst\u00fcnda\u011f ile Yavuz \u00d6lken ikilisinin zihinsel kabiliyetlerini yans\u0131tmaktad\u0131r.<\/p>\n\n\n\n<p>B\u00f6ylece, AXA Kupa Voley ve AXA \u015eampiyonlar Kupas\u0131 bu &#8220;S\u00fcper \u0130kilinin do\u011fmas\u0131na vesile olmu\u015ftur.. Ba\u015fkalar\u0131n\u0131 bilemem ama! Bence \u00e7ok da iyi olmu\u015ftur&#8230;<\/p>\n\n\n\n<p><\/p>\n\n\n\n<p><strong>Foto\u011fraf:<\/strong> Atakan Divitlio\u011flu<\/p>\n","protected":false},"excerpt":{"rendered":"<p>RAGIP TEK\u0130N S\u00dcPER \u0130K\u0130L\u0130 T\u00fcrkiye Voleybol Federasyonu Ba\u015fkan\u0131 Mehmet Akif \u00dcst\u00fcnda\u011f bence bir voleybol fenomenidir. Benim ya\u015f\u0131mdakiler Akif Ba\u015fkan&#8217;\u0131n hem sporculu\u011funu hem de antren\u00f6rl\u00fc\u011f\u00fcn\u00fc \u00e7ok<\/p>\n","protected":false},"author":2,"featured_media":1800,"comment_status":"open","ping_status":"open","sticky":false,"template":"","format":"standard","meta":[],"categories":[1],"tags":[],"_links":{"self":[{"href":"http:\/\/www.maratonturk.com\/index.php?rest_route=\/wp\/v2\/posts\/1799"}],"collection":[{"href":"http:\/\/www.maratonturk.com\/index.php?rest_route=\/wp\/v2\/posts"}],"about":[{"href":"http:\/\/www.maratonturk.com\/index.php?rest_route=\/wp\/v2\/types\/post"}],"author":[{"embeddable":true,"href":"http:\/\/www.maratonturk.com\/index.php?rest_route=\/wp\/v2\/users\/2"}],"replies":[{"embeddable":true,"href":"http:\/\/www.maratonturk.com\/index.php?rest_route=%2Fwp%2Fv2%2Fcomments&post=1799"}],"version-history":[{"count":2,"href":"http:\/\/www.maratonturk.com\/index.php?rest_route=\/wp\/v2\/posts\/1799\/revisions"}],"predecessor-version":[{"id":1803,"href":"http:\/\/www.maratonturk.com\/index.php?rest_route=\/wp\/v2\/posts\/1799\/revisions\/1803"}],"wp:featuredmedia":[{"embeddable":true,"href":"http:\/\/www.maratonturk.com\/index.php?rest_route=\/wp\/v2\/media\/1800"}],"wp:attachment":[{"href":"http:\/\/www.maratonturk.com\/index.php?rest_route=%2Fwp%2Fv2%2Fmedia&parent=1799"}],"wp:term":[{"taxonomy":"category","embeddable":true,"href":"http:\/\/www.maratonturk.com\/index.php?rest_route=%2Fwp%2Fv2%2Fcategories&post=1799"},{"taxonomy":"post_tag","embeddable":true,"href":"http:\/\/www.maratonturk.com\/index.php?rest_route=%2Fwp%2Fv2%2Ftags&post=1799"}],"curies":[{"name":"wp","href":"https:\/\/api.w.org\/{rel}","templated":true}]}}