{"id":1756,"date":"2025-10-01T15:13:21","date_gmt":"2025-10-01T15:13:21","guid":{"rendered":"http:\/\/www.maratonturk.com\/?p=1756"},"modified":"2025-10-01T15:13:21","modified_gmt":"2025-10-01T15:13:21","slug":"voleybolun-kendisi-burada","status":"publish","type":"post","link":"http:\/\/www.maratonturk.com\/?p=1756","title":{"rendered":"<strong><em>VOLEYBOLUN KEND\u0130S\u0130 BURADA&#8230;<\/em><\/strong>"},"content":{"rendered":"\n<figure class=\"wp-block-image size-large\"><img decoding=\"async\" loading=\"lazy\" width=\"1024\" height=\"749\" src=\"http:\/\/www.maratonturk.com\/wp-content\/uploads\/2025\/10\/Eczacibasi-Spor-Kulubu-2-1024x749.jpg\" alt=\"\" class=\"wp-image-1757\" srcset=\"http:\/\/www.maratonturk.com\/wp-content\/uploads\/2025\/10\/Eczacibasi-Spor-Kulubu-2-1024x749.jpg 1024w, http:\/\/www.maratonturk.com\/wp-content\/uploads\/2025\/10\/Eczacibasi-Spor-Kulubu-2-300x219.jpg 300w, http:\/\/www.maratonturk.com\/wp-content\/uploads\/2025\/10\/Eczacibasi-Spor-Kulubu-2-768x562.jpg 768w, http:\/\/www.maratonturk.com\/wp-content\/uploads\/2025\/10\/Eczacibasi-Spor-Kulubu-2-1536x1123.jpg 1536w, http:\/\/www.maratonturk.com\/wp-content\/uploads\/2025\/10\/Eczacibasi-Spor-Kulubu-2-2048x1498.jpg 2048w, http:\/\/www.maratonturk.com\/wp-content\/uploads\/2025\/10\/Eczacibasi-Spor-Kulubu-2-1170x856.jpg 1170w\" sizes=\"(max-width: 1024px) 100vw, 1024px\" \/><\/figure>\n\n\n\n<p>Sultanlar Ligi ve Avrupa \u015eampiyonlar Ligi&#8217;nin en b\u00fcy\u00fck&nbsp; \u015fampiyonluk adaylar\u0131ndan biri olan ECZACIBA\u015eI DYNAV\u0130T, 2025-2026 sezonu \u00f6ncesinde Kartal\u2019daki yeni salonunda bas\u0131n toplant\u0131s\u0131 ger\u00e7ekle\u015ftirdi. Eczac\u0131ba\u015f\u0131 Spor Kul\u00fcb\u00fc Y\u00f6netim Kurulu Ba\u015fkan\u0131 Faruk ECZACIBA\u015eI\u2019n\u0131n ev sahipli\u011finde, Eczac\u0131ba\u015f\u0131 Spor Kul\u00fcb\u00fc Ba\u015fkan Yard\u0131mc\u0131s\u0131 Erdal KRAMERCAN, Genel Koordinat\u00f6r Ali ATALIK, Medya \u0130leti\u015fim Direkt\u00f6r\u00fc Cem TANRIKILICI, Eczac\u0131ba\u015f\u0131 Spor Kul\u00fcb\u00fc Menajeri Bilun YILMAZ, Eczac\u0131ba\u015f\u0131 Dynavit Ba\u015fantren\u00f6r\u00fc Giulio Cesare BREGOL\u0130, Eczac\u0131ba\u015f\u0131 Dynavit Kaptan\u0131 Simge AK\u00d6Z\u2019\u00fcn kat\u0131l\u0131m\u0131yla ger\u00e7ekle\u015ftirilen bas\u0131n toplant\u0131s\u0131nda yeni sezona dair a\u00e7\u0131klamalarda bulunuldu.<\/p>\n\n\n\n<p><strong>ONLAR NE DED\u0130 ?<\/strong><\/p>\n\n\n\n<figure class=\"wp-block-image size-large is-resized\"><img decoding=\"async\" loading=\"lazy\" src=\"http:\/\/www.maratonturk.com\/wp-content\/uploads\/2025\/10\/faruk-eczacibasi-2024-867x1024.jpg\" alt=\"\" class=\"wp-image-1758\" width=\"259\" height=\"306\" srcset=\"http:\/\/www.maratonturk.com\/wp-content\/uploads\/2025\/10\/faruk-eczacibasi-2024-867x1024.jpg 867w, http:\/\/www.maratonturk.com\/wp-content\/uploads\/2025\/10\/faruk-eczacibasi-2024-254x300.jpg 254w, http:\/\/www.maratonturk.com\/wp-content\/uploads\/2025\/10\/faruk-eczacibasi-2024-768x907.jpg 768w, http:\/\/www.maratonturk.com\/wp-content\/uploads\/2025\/10\/faruk-eczacibasi-2024-1170x1382.jpg 1170w, http:\/\/www.maratonturk.com\/wp-content\/uploads\/2025\/10\/faruk-eczacibasi-2024.jpg 1200w\" sizes=\"(max-width: 259px) 100vw, 259px\" \/><\/figure>\n\n\n\n<p><strong>Eczac\u0131ba\u015f\u0131 Spor Kul\u00fcb\u00fc Y\u00f6netim Kurulu Ba\u015fkan\u0131 Faruk ECZACIBA\u015eI:&nbsp;<\/strong><em>\u201c\u00c7eyrek as\u0131rl\u0131k bir eme\u011fin ard\u0131ndan bug\u00fcn bu salonda sizlerle bulu\u015fmak bizler i\u00e7in b\u00fcy\u00fck bir gurur kayna\u011f\u0131. Son 18 ay boyunca defalarca buraya gelip \u00e7al\u0131\u015fmalar\u0131n ilerleyi\u015fine \u015fahit olduk, hep birlikte heyecanla yeti\u015fmeye \u00e7al\u0131\u015ft\u0131k. Bug\u00fcn g\u00f6rd\u00fc\u011f\u00fcm\u00fcz tablo, bu eme\u011fin ve kararl\u0131l\u0131\u011f\u0131n en somut sonucu. Yeni salonumuz yaln\u0131zca bir bina de\u011fil; ge\u00e7mi\u015fimizi, an\u0131lar\u0131m\u0131z\u0131 ve ba\u015far\u0131lar\u0131m\u0131z\u0131 ta\u015f\u0131yan, gelece\u011fimizi \u00fczerine in\u015fa edece\u011fimiz bir yuva. Bizim i\u00e7in Eczac\u0131ba\u015f\u0131 Spor Kul\u00fcb\u00fc, sadece bir spor kul\u00fcb\u00fc de\u011fil ayn\u0131 zamanda bir d\u00f6n\u00fc\u015f\u00fcm ve misyon arac\u0131d\u0131r. Amac\u0131m\u0131z; altyap\u0131dan A tak\u0131ma uzanan g\u00fc\u00e7l\u00fc bir sistem kurarak daha fazla \u00e7ocu\u011fa ula\u015fmak, nitelikli spor e\u011fitimini yayg\u0131nla\u015ft\u0131rmak ve binlerce gen\u00e7 k\u0131za ilham kayna\u011f\u0131 olmakt\u0131r. Kad\u0131nlar\u0131n potansiyelini ortaya koymak, cesaret ve azmin g\u00fcc\u00fcn\u00fc g\u00f6stermek en b\u00fcy\u00fck sorumlulu\u011fumuz. Yeni salonumuzun da bu vizyonun g\u00fc\u00e7l\u00fc bir g\u00f6stergesi olaca\u011f\u0131na inan\u0131yoruz. Ge\u00e7ti\u011fimiz sezon altyap\u0131 tak\u0131mlar\u0131m\u0131z\u0131n elde etti\u011fi \u015fampiyonluklar, milli formayla sahaya \u00e7\u0131kan gen\u00e7 sporcular\u0131m\u0131z ve A tak\u0131m oyuncular\u0131m\u0131z bizlere gurur verdi. Bu ba\u015far\u0131lar, sistemli \u00e7al\u0131\u015fmalar\u0131m\u0131z\u0131n do\u011fru ilerledi\u011fini g\u00f6steriyor. Yeni kadromuzla birlikte bu sezonda da disiplin, dayan\u0131kl\u0131l\u0131k ve birlikte ba\u015farma k\u00fclt\u00fcr\u00fcyle sahada olaca\u011f\u0131z. Hedefimiz sadece kazanmak de\u011fil, s\u00fcrd\u00fcr\u00fclebilir ba\u015far\u0131y\u0131 altyap\u0131dan en \u00fcst seviyeye uzanan bir yolculukla her sezon bir ad\u0131m daha ileri ta\u015f\u0131makt\u0131r. Bize g\u00fc\u00e7 veren sponsorlar\u0131m\u0131za ayr\u0131ca te\u015fekk\u00fcr etmek istiyorum. Onlar\u0131n deste\u011fiyle kad\u0131n voleybolunu daha geni\u015f kitlelere ula\u015ft\u0131r\u0131yor, bu sporu \u00fclkemizde daha da yayg\u0131nla\u015ft\u0131r\u0131yoruz. Kartal\u2019daki yeni evimiz ise yaln\u0131zca bir spor tesisi de\u011fil; payla\u015fman\u0131n, \u00f6\u011frenmenin ve birlikte ba\u015farman\u0131n mek\u00e2n\u0131 olacak. Hep birlikte yeni sezonda g\u00fczel ba\u015far\u0131lar ya\u015fayaca\u011f\u0131m\u0131za&nbsp;inan\u0131yorum\u201d<\/em>&nbsp;dedi.<\/p>\n\n\n\n<p><strong>Eczac\u0131ba\u015f\u0131 Spor Kul\u00fcb\u00fc Ba\u015fkan Yard\u0131mc\u0131s\u0131 Erdal KARAMERCAN:&nbsp;<\/strong><em>\u201cHepinize geldi\u011finiz i\u00e7in te\u015fekk\u00fcr ediyorum. Bug\u00fcn burada, y\u0131llard\u0131r hayalini kurdu\u011fumuz arenam\u0131zda bulu\u015fmak bizler i\u00e7in tarifsiz bir gurur. 6\u20137 y\u0131l boyunca \u0130stanbul\u2019da uygun yer arad\u0131k, pek \u00e7ok zorluk ya\u015fad\u0131k. Sonunda kendi saham\u0131zda, kendi eme\u011fimizle ve hi\u00e7bir d\u0131\u015f destek almadan bu arenay\u0131 in\u015fa ettik. Bug\u00fcn y\u00fczde y\u00fcz Eczac\u0131ba\u015f\u0131\u2019na ait, uzun y\u0131llar bize hizmet edecek bir salona kavu\u015fman\u0131n mutlulu\u011funu ya\u015f\u0131yoruz. A\u00e7\u0131l\u0131\u015fta eski sporcular\u0131m\u0131z\u0131 g\u00f6rmek ayr\u0131ca \u00e7ok duyguland\u0131r\u0131c\u0131yd\u0131. \u00c7\u00fcnk\u00fc bug\u00fcn Eczac\u0131ba\u015f\u0131\u2019n\u0131n geldi\u011fi noktan\u0131n temellerini onlar att\u0131lar. Zor g\u00fcnlerde bu kul\u00fcb\u00fc ta\u015f\u0131yan, k\u00fclt\u00fcr\u00fcn\u00fc ve ekol\u00fcn\u00fc yaratan onlard\u0131. \u015eampiyonluklar gelir ge\u00e7er; as\u0131l \u00f6nemli olan ortaya koydu\u011fumuz de\u011ferler ve yeti\u015ftirdi\u011fimiz insanlar. Bug\u00fcn Sultanlar Ligi\u2019nde bir\u00e7ok tak\u0131m\u0131n antren\u00f6rleri, oyuncular\u0131 bizim altyap\u0131m\u0131zdan \u00e7\u0131km\u0131\u015f durumda. Bu da bize b\u00fcy\u00fck gurur veriyor. Misyonumuz, spor yoluyla kad\u0131nlar\u0131n topluma kazand\u0131r\u0131lmas\u0131 ve toplumda daha g\u00fc\u00e7l\u00fc roller \u00fcstlenmesi. Bu alanda d\u00fcnyada ilk kez Uluslararas\u0131 Olimpiyat Komitesi taraf\u0131ndan \u00f6d\u00fcllendirilen spor kul\u00fcb\u00fc olduk. Kad\u0131n ve spor dal\u0131nda Eczac\u0131ba\u015f\u0131 Spor Kul\u00fcb\u00fc\u2019n\u00fcn birincilikle ta\u00e7land\u0131r\u0131lmas\u0131, yaln\u0131zca \u00fclkemiz i\u00e7in de\u011fil, d\u00fcnya sporu i\u00e7in de tarihi bir ba\u015far\u0131d\u0131r. Yeni arenam\u0131zda art\u0131k tek bir \u00e7at\u0131 alt\u0131nda, tam bir aile gibi yolumuza devam edece\u011fiz. Hem altyap\u0131m\u0131z hem de A tak\u0131m\u0131m\u0131z i\u00e7in g\u00fc\u00e7l\u00fc bir gelece\u011fi burada hep birlikte&nbsp;in\u015fa&nbsp;edece\u011fiz\u201d&nbsp;<\/em>dedi.<\/p>\n\n\n\n<p><strong>Eczac\u0131ba\u015f\u0131 Dynavit Ba\u015fantren\u00f6r\u00fc Giulio Cesare BREGOL\u0130:&nbsp;<\/strong>\u201c<em>\u00d6ncelikle y\u00f6netim kuruluna, kul\u00fcb\u00fcm\u00fcze ve bana burada \u00e7al\u0131\u015fma, antren\u00f6rl\u00fck yapma, bu salonda i\u015fimi ger\u00e7ekle\u015ftirme ve Sultanlar Ligi gibi b\u00f6ylesine b\u00fcy\u00fck bir \u015fampiyonada yer alma imk\u00e2n\u0131n\u0131 veren herkese te\u015fekk\u00fcr etmek istiyorum. Bu ola\u011fan\u00fcst\u00fc \u00fclkede, hatta bu muhte\u015fem \u015fehirde ya\u015fayabilmekten de ger\u00e7ekten gurur duyuyorum. \u0130lk kez bu salona geldi\u011fim g\u00fcn\u00fc hat\u0131rl\u0131yorum. O zaman yaln\u0131zca bir bina vard\u0131 ama sanki bir tak\u0131m gibi g\u00f6r\u00fcn\u00fcyordu. Bug\u00fcn ise ortaya \u00e7\u0131kan bu b\u00fcy\u00fck eserde eme\u011fi ge\u00e7en herkese te\u015fekk\u00fcr etmeliyim. G\u00f6r\u00fcnmeyen, \u00e7o\u011fu zaman sahne arkas\u0131nda kalan bir\u00e7ok insan var. Onlar, bizim arkam\u0131zdaki gizli kahramanlar. Bu t\u0131pk\u0131 bir tak\u0131m\u0131n veya teknik ekibin i\u015fleyi\u015fine benziyor; herkesin deste\u011fi olmadan ba\u015far\u0131 gelmez. Sonu\u00e7 olarak, bizlere her sabah emek veren, i\u015fimizi en iyi \u015fekilde yapabilmemiz i\u00e7in imk\u00e2n sa\u011flayan t\u00fcm g\u00f6r\u00fcnmez kahramanlara da \u00f6zellikle te\u015fekk\u00fcr ediyorum. \u00c7\u00fcnk\u00fc onlar\u0131 her zaman g\u00f6remesek de, ba\u015far\u0131ya giden yolun temelini onlar olu\u015fturuyor\u201d<\/em>&nbsp;dedi.<\/p>\n\n\n\n<p><strong>Eczac\u0131ba\u015f\u0131 Dynavit Tak\u0131m Kaptan\u0131 Simge AK\u00d6Z:&nbsp;<\/strong><em>\u201cBug\u00fcn yeni atmosferimizde, yeni salonumuzda sizlerle birlikte olmak bizleri ger\u00e7ekten \u00e7ok mutlu ediyor. Salonun t\u00fcm g\u00fczelli\u011fini sizlerden \u00f6nce deneyimleme f\u0131rsat\u0131m\u0131z oldu ve g\u00f6rd\u00fck ki; sadece estetik a\u00e7\u0131dan de\u011fil, bir sporcunun ihtiya\u00e7 duyabilece\u011fi her detay d\u00fc\u015f\u00fcn\u00fclerek tasarlanm\u0131\u015f bir salon buras\u0131. Sporcular\u0131 d\u00fc\u015f\u00fcnen bu anlay\u0131\u015f i\u00e7in Eczac\u0131ba\u015f\u0131 ailesine te\u015fekk\u00fcr ediyorum. \u0130nan\u0131yorum ki bu sezon t\u00fcm enerjimizle sahalar\u0131 dolduracak, hep birlikte g\u00fczel an\u0131lar biriktirece\u011fiz. Hem kendi ad\u0131ma hem de tak\u0131m arkada\u015flar\u0131m ad\u0131na \u00f6ncelikli iste\u011fim; birlik ve beraberlik ortam\u0131n\u0131 korumak ve sahada m\u00fccadeleyi asla eksik etmemek. Kartal\u2019day\u0131z, yeni bir salonday\u0131z ve art\u0131k yeni bir \u00e7evreye de h\u00e2kimiz. Eczac\u0131ba\u015f\u0131\u2019n\u0131n g\u00fc\u00e7l\u00fc kad\u0131nlar\u0131 olarak; d\u00fcnya \u00e7ap\u0131nda ba\u015far\u0131 elde etmi\u015f sporcularla birlikte gen\u00e7 k\u0131zlara \u00f6rnek olabilmek bizler i\u00e7in ayr\u0131 bir sorumluluk ta\u015f\u0131yor. Bunun bilincindeyiz ve elimizden gelenin en iyisini yaparak, voleybolu en g\u00fczel yerlere ta\u015f\u0131mak i\u00e7in bu sezon yine sahalarda&nbsp;olaca\u011f\u0131z\u201d<\/em>&nbsp;dedi.<\/p>\n","protected":false},"excerpt":{"rendered":"<p>Sultanlar Ligi ve Avrupa \u015eampiyonlar Ligi&#8217;nin en b\u00fcy\u00fck&nbsp; \u015fampiyonluk adaylar\u0131ndan biri olan ECZACIBA\u015eI DYNAV\u0130T, 2025-2026 sezonu \u00f6ncesinde Kartal\u2019daki yeni salonunda bas\u0131n toplant\u0131s\u0131 ger\u00e7ekle\u015ftirdi. Eczac\u0131ba\u015f\u0131 Spor<\/p>\n","protected":false},"author":2,"featured_media":1757,"comment_status":"open","ping_status":"open","sticky":false,"template":"","format":"standard","meta":[],"categories":[1],"tags":[],"_links":{"self":[{"href":"http:\/\/www.maratonturk.com\/index.php?rest_route=\/wp\/v2\/posts\/1756"}],"collection":[{"href":"http:\/\/www.maratonturk.com\/index.php?rest_route=\/wp\/v2\/posts"}],"about":[{"href":"http:\/\/www.maratonturk.com\/index.php?rest_route=\/wp\/v2\/types\/post"}],"author":[{"embeddable":true,"href":"http:\/\/www.maratonturk.com\/index.php?rest_route=\/wp\/v2\/users\/2"}],"replies":[{"embeddable":true,"href":"http:\/\/www.maratonturk.com\/index.php?rest_route=%2Fwp%2Fv2%2Fcomments&post=1756"}],"version-history":[{"count":1,"href":"http:\/\/www.maratonturk.com\/index.php?rest_route=\/wp\/v2\/posts\/1756\/revisions"}],"predecessor-version":[{"id":1759,"href":"http:\/\/www.maratonturk.com\/index.php?rest_route=\/wp\/v2\/posts\/1756\/revisions\/1759"}],"wp:featuredmedia":[{"embeddable":true,"href":"http:\/\/www.maratonturk.com\/index.php?rest_route=\/wp\/v2\/media\/1757"}],"wp:attachment":[{"href":"http:\/\/www.maratonturk.com\/index.php?rest_route=%2Fwp%2Fv2%2Fmedia&parent=1756"}],"wp:term":[{"taxonomy":"category","embeddable":true,"href":"http:\/\/www.maratonturk.com\/index.php?rest_route=%2Fwp%2Fv2%2Fcategories&post=1756"},{"taxonomy":"post_tag","embeddable":true,"href":"http:\/\/www.maratonturk.com\/index.php?rest_route=%2Fwp%2Fv2%2Ftags&post=1756"}],"curies":[{"name":"wp","href":"https:\/\/api.w.org\/{rel}","templated":true}]}}