{"id":1727,"date":"2025-09-07T15:15:49","date_gmt":"2025-09-07T15:15:49","guid":{"rendered":"http:\/\/www.maratonturk.com\/?p=1727"},"modified":"2025-09-07T16:08:41","modified_gmt":"2025-09-07T16:08:41","slug":"haber-kritik-ragip-tekin","status":"publish","type":"post","link":"http:\/\/www.maratonturk.com\/?p=1727","title":{"rendered":"HABER-KR\u0130T\u0130K RAGIP TEK\u0130N"},"content":{"rendered":"\n<figure class=\"wp-block-image size-large is-resized\"><img decoding=\"async\" loading=\"lazy\" src=\"http:\/\/www.maratonturk.com\/wp-content\/uploads\/2025\/08\/Dscf0039-kopya-1-994x1024.jpg\" alt=\"\" class=\"wp-image-1703\" width=\"230\" height=\"237\" srcset=\"http:\/\/www.maratonturk.com\/wp-content\/uploads\/2025\/08\/Dscf0039-kopya-1-994x1024.jpg 994w, http:\/\/www.maratonturk.com\/wp-content\/uploads\/2025\/08\/Dscf0039-kopya-1-291x300.jpg 291w, http:\/\/www.maratonturk.com\/wp-content\/uploads\/2025\/08\/Dscf0039-kopya-1-768x791.jpg 768w, http:\/\/www.maratonturk.com\/wp-content\/uploads\/2025\/08\/Dscf0039-kopya-1-1491x1536.jpg 1491w, http:\/\/www.maratonturk.com\/wp-content\/uploads\/2025\/08\/Dscf0039-kopya-1-1988x2048.jpg 1988w, http:\/\/www.maratonturk.com\/wp-content\/uploads\/2025\/08\/Dscf0039-kopya-1-1170x1205.jpg 1170w, http:\/\/www.maratonturk.com\/wp-content\/uploads\/2025\/08\/Dscf0039-kopya-1.jpg 2000w\" sizes=\"(max-width: 230px) 100vw, 230px\" \/><\/figure>\n\n\n\n<p><strong>Rag\u0131p Tekin<\/strong><\/p>\n\n\n\n<p><\/p>\n\n\n\n<p><\/p>\n\n\n\n<p style=\"font-size:30px\"><strong>G\u00d6NL\u00dcM\u00dcN \u015eAMP\u0130YONU..<\/strong>.<\/p>\n\n\n\n<p>FIVB D\u00fcnya&nbsp; Voleybol \u015eampiyonas\u0131&#8217;na kat\u0131lan T\u00fcrkiye Kad\u0131n Milli Tak\u0131m\u0131 tarihinde ilk kez D\u00fcnya \u015eampiyonas\u0131nda final oynama ba\u015far\u0131s\u0131n\u0131 g\u00f6sterdi. Final kar\u015f\u0131la\u015fmas\u0131nda \u0130talya&#8217;y\u0131 \u00e7ok fena sallad\u0131k fakat<br>y\u0131kamad\u0131k. Filenin Sultanlar\u0131 G\u00fcm\u00fc\u015f Madalya&#8217;n\u0131n sahibi oldu. Melissa Vargas ise D\u00fcnya&#8217;n\u0131n &#8220;En iyi pas\u00f6r \u00e7apraz\u0131&#8221; se\u00e7ildi. Gurur duyuyoruz&#8230;<\/p>\n\n\n\n<p>T\u00fcrkiye; Tayland&#8217;da yap\u0131lan 2025 Kad\u0131nlar D\u00fcnya \u015fampiyonas\u0131nda E Grubu&#8217;nda \u0130spanya, Bulgaristan ve Kanada galibiyetleri sonunda Grup birincisi olarak 1\/16 turunda D Grubu ikincisi Slovenya&#8217;y\u0131 3-0 yenerek<br>\u00e7eyrek finale y\u00fckseldi. \u00c7eyrek Final kar\u015f\u0131la\u015fmas\u0131nda ise rakibi Amerika Birle\u015fik Devletleri oldu.<\/p>\n\n\n\n<p>6 Eyl\u00fcl 2025 cumartesi g\u00fcn\u00fc ise Yar\u0131 Final&#8217;de Japonya&#8217;y\u0131 3-1 yenerken, Filenin Sultanlar\u0131&#8217;na inanmayanlar bir kez daha h\u00fcsrana u\u011frad\u0131lar. Evet,  FIVB Milletler Ligi&#8217;nde Japonya Kad\u0131n Milli Tak\u0131m\u0131 ve&nbsp; T\u00fcrk<br>Antren\u00f6r\u00fc Ferhat Akba\u015f kar\u015f\u0131s\u0131nda 3-2 kaybetti\u011fimiz ma\u00e7\u0131n da r\u00f6van\u015f\u0131n\u0131 alm\u0131\u015f olduk&#8230; Nefeslerin tutuldu\u011fu, kalplerin yerinden oynad\u0131\u011f\u0131 kar\u015f\u0131la\u015fman\u0131n kazan\u0131lmas\u0131 sonucunda, T\u00fcrkiye&#8217;nin Voleybol tarihine<br>yazd\u0131rd\u0131\u011f\u0131 ilk finale y\u00fckseli\u015fi oldu.<\/p>\n\n\n\n<p>T\u00fcrkiye Voleybol Federasyonu Ba\u015fkan\u0131 Mehmet Akif \u00dcst\u00fcnda\u011f&#8217;\u0131n oto kontrol\u00fcnde, Antren\u00f6r Daniele Santarelli y\u00f6netiminde ve Eda Erdem D\u00fcndar&#8217;\u0131n kaptanl\u0131\u011f\u0131nda, pas\u00f6rler; Cansu \u00d6zbay, Elif \u015eahin sma\u00e7\u00f6rler;<br>Melissa Vargas, Ebrar Karakurt, \u0130lkin Ayd\u0131n, Yaprak Erkek, Hande Balad\u0131n, Derya Cebecio\u011flu, blok\u00e7ular; Zehra G\u00fcne\u015f, Sinead Jack K\u0131sal, Asl\u0131 Kala\u00e7, Liberolar;&#8221; U\u00e7an Kanarya&#8221; Gizem \u00d6rge, Eyl\u00fcl Yatg\u0131n&#8217;dan olu\u015fan<br>Filenin Sultanlar\u0131 olarak T\u00fcrk Voleybol tarihine Alt\u0131n varakl\u0131 bir sayfa eklemi\u015f oldular. Benim gibi t\u00fcm voleybol sevenleri gururland\u0131ran bir sonuca imza atarak g\u00fczel \u00fclkeme d\u00f6nd\u00fcler&#8230;<\/p>\n\n\n\n<p>\u015eimdi size, T\u00fcrkiye-Japonya ma\u00e7\u0131 ile ilgili bir ka\u00e7 sorum olacak?<\/p>\n\n\n\n<p>1. Japonya antren\u00f6r\u00fc Ferhat Akba\u015f&#8217;\u0131n sol koluna kramp girdi mi? Bilen var m\u0131?<\/p>\n\n\n\n<p>2. A\u011fr\u0131 Da\u011f\u0131&#8217;n\u0131 delmeden ge\u00e7ebilir misiniz? &#8220;G\u00fcne\u015f&#8217;in Do\u011fdu\u011fu \u00dclke&#8221;nin k\u0131zlar\u0131 da Eda Erdem&#8217;in bloklar\u0131n\u0131\u00a0 ge\u00e7emediler. Do\u011fru mu?<\/p>\n\n\n\n<p>3. Voleybol ma\u00e7\u0131nda 21-24 geriden gelerek seti ve ma\u00e7\u0131 27-25 kazanan ba\u015fka kad\u0131n tak\u0131m\u0131n\u0131 biliyor musunuz? S\u00f6yler misiniz?<\/p>\n\n\n\n<p>\u015eimdi soruyorum?&nbsp; Voleybolun T\u00fcrk kad\u0131nlar\u0131 hakk\u0131nda olumsuz ahkam kesenler neredesiniz? Sesleriniz \u00e7\u0131kmaz oldu!!!&nbsp; Sizler,&nbsp; Voleybol Federasyonu Ba\u015fkan\u0131 Mehmet Akif \u00dcst\u00fcnda\u011f&#8217;\u0131 iyi tan\u0131y\u0131n. Ben, Akif ba\u015fkan<br>gibi gibi finale gelene kadar belki kalp spazm\u0131 ge\u00e7irmedim ama, nefes darl\u0131\u011f\u0131 \u00e7ekti\u011fim anlar\u0131 hat\u0131rl\u0131yorum. Zarar yok! \u00c7\u00fcnk\u00fc; &#8220;Filenin Sultanlar\u0131&#8221; G\u00f6nl\u00fcm\u00fcn \u015eampiyonu oldular.<\/p>\n\n\n\n<p>Birileri kabul etmese de art\u0131k biz Voleybol \u00fclkesiyiz. Ba\u015fka s\u00f6ze gerek var m\u0131?<\/p>\n","protected":false},"excerpt":{"rendered":"<p>Rag\u0131p Tekin G\u00d6NL\u00dcM\u00dcN \u015eAMP\u0130YONU&#8230; FIVB D\u00fcnya&nbsp; Voleybol \u015eampiyonas\u0131&#8217;na kat\u0131lan T\u00fcrkiye Kad\u0131n Milli Tak\u0131m\u0131 tarihinde ilk kez D\u00fcnya \u015eampiyonas\u0131nda final oynama ba\u015far\u0131s\u0131n\u0131 g\u00f6sterdi. Final kar\u015f\u0131la\u015fmas\u0131nda \u0130talya&#8217;y\u0131<\/p>\n","protected":false},"author":2,"featured_media":1728,"comment_status":"open","ping_status":"open","sticky":false,"template":"","format":"standard","meta":[],"categories":[1],"tags":[],"_links":{"self":[{"href":"http:\/\/www.maratonturk.com\/index.php?rest_route=\/wp\/v2\/posts\/1727"}],"collection":[{"href":"http:\/\/www.maratonturk.com\/index.php?rest_route=\/wp\/v2\/posts"}],"about":[{"href":"http:\/\/www.maratonturk.com\/index.php?rest_route=\/wp\/v2\/types\/post"}],"author":[{"embeddable":true,"href":"http:\/\/www.maratonturk.com\/index.php?rest_route=\/wp\/v2\/users\/2"}],"replies":[{"embeddable":true,"href":"http:\/\/www.maratonturk.com\/index.php?rest_route=%2Fwp%2Fv2%2Fcomments&post=1727"}],"version-history":[{"count":3,"href":"http:\/\/www.maratonturk.com\/index.php?rest_route=\/wp\/v2\/posts\/1727\/revisions"}],"predecessor-version":[{"id":1732,"href":"http:\/\/www.maratonturk.com\/index.php?rest_route=\/wp\/v2\/posts\/1727\/revisions\/1732"}],"wp:featuredmedia":[{"embeddable":true,"href":"http:\/\/www.maratonturk.com\/index.php?rest_route=\/wp\/v2\/media\/1728"}],"wp:attachment":[{"href":"http:\/\/www.maratonturk.com\/index.php?rest_route=%2Fwp%2Fv2%2Fmedia&parent=1727"}],"wp:term":[{"taxonomy":"category","embeddable":true,"href":"http:\/\/www.maratonturk.com\/index.php?rest_route=%2Fwp%2Fv2%2Fcategories&post=1727"},{"taxonomy":"post_tag","embeddable":true,"href":"http:\/\/www.maratonturk.com\/index.php?rest_route=%2Fwp%2Fv2%2Ftags&post=1727"}],"curies":[{"name":"wp","href":"https:\/\/api.w.org\/{rel}","templated":true}]}}