{"id":1717,"date":"2025-09-02T10:09:37","date_gmt":"2025-09-02T10:09:37","guid":{"rendered":"http:\/\/www.maratonturk.com\/?p=1717"},"modified":"2025-09-02T10:10:37","modified_gmt":"2025-09-02T10:10:37","slug":"bir-mactan-fazlasi-malatya","status":"publish","type":"post","link":"http:\/\/www.maratonturk.com\/?p=1717","title":{"rendered":"B\u0130R MA\u00c7TAN FAZLASI MALATYA"},"content":{"rendered":"\n<p><\/p>\n\n\n\n<p><\/p>\n\n\n\n<figure class=\"wp-block-image size-full\"><img decoding=\"async\" loading=\"lazy\" width=\"200\" height=\"250\" src=\"http:\/\/www.maratonturk.com\/wp-content\/uploads\/2025\/09\/ozlem-onal-erkurt-1672251341.webp\" alt=\"\" class=\"wp-image-1719\"\/><\/figure>\n\n\n\n<p><strong>\u00d6zlem \u00d6nal Erkut<\/strong>                                                                                                                         <\/p>\n\n\n\n<p><strong>Malatyatime<\/strong><\/p>\n\n\n\n<p><\/p>\n\n\n\n<p><strong>B\u0130R MA\u00c7TAN FAZLASI<\/strong><\/p>\n\n\n\n<p>Bazen bir ma\u00e7, sadece topun fileye \u00e7arpma sesi de\u011fildir. Trib\u00fcnlerden y\u00fckselen alk\u0131\u015f, asl\u0131nda bir \u015fehrin yeniden <strong>\u201cBen buraday\u0131m!\u201d<\/strong> deyi\u015fidir. Malatya\u2019n\u0131n ev sahipli\u011fi yapt\u0131\u011f\u0131 o milli kar\u015f\u0131la\u015fma, i\u015fte tam da b\u00f6yle bir tabloydu. Trib\u00fcnler doldu, g\u00f6n\u00fcller ta\u015ft\u0131. O g\u00fcn, sporcular\u0131n att\u0131\u011f\u0131 her say\u0131 asl\u0131nda bizim umudumuza yaz\u0131ld\u0131. \u00c7ocuklar\u0131n g\u00f6z\u00fcndeki \u0131\u015f\u0131lt\u0131, gen\u00e7lerin sesindeki heyecan, b\u00fcy\u00fcklerin y\u00fcz\u00fcndeki gurur birbirine kar\u0131\u015ft\u0131. Hep birlikte g\u00f6rd\u00fck ki; voleybol sahas\u0131 sadece sporun de\u011fil, gelece\u011fe dair inanc\u0131m\u0131z\u0131n da oyun alan\u0131yd\u0131. Deprem binalar\u0131m\u0131z\u0131 y\u0131kt\u0131 belki ama co\u015fkumuzu y\u0131kamad\u0131. Malatya, aya\u011fa kalkarken en g\u00fczel ilac\u0131n spor ve sanat oldu\u011funu bir kez daha hat\u0131rlatt\u0131. \u00c7\u00fcnk\u00fc biliyoruz: Trib\u00fcnlerde g\u00fclen y\u00fczlerin oldu\u011fu yerde, karanl\u0131k sokaklar \u0131\u015f\u0131k bulur. O g\u00fcn bir ma\u00e7 kazand\u0131k belki ama asl\u0131nda daha b\u00fcy\u00fck bir \u015fey kazand\u0131k: Umudu diri tutmay\u0131. Ve i\u015fte o y\u00fczden, Malatya\u2019n\u0131n sesi sadece sahadan de\u011fil, kalplerimizden y\u00fckseldi. Bug\u00fcn Malatya\u2019da oynanan milli voleybol ma\u00e7\u0131nda, sahadaki m\u00fccadele kadar trib\u00fcnlerdeki co\u015fku da haf\u0131zalara kaz\u0131nd\u0131. Depremin izlerini silmeye \u00e7al\u0131\u015fan bu \u015fehrin sporla yeniden nefes ald\u0131\u011f\u0131n\u0131 g\u00f6rmek hepimize umut verdi. File \u00f6n\u00fcnde y\u00fckselen her sma\u00e7, asl\u0131nda Malatya\u2019n\u0131n yeniden aya\u011fa kalk\u0131\u015f\u0131n\u0131n sembol\u00fc gibiydi. B\u00f6ylesi anlaml\u0131 bir organizasyonun Malatya\u2019da ger\u00e7ekle\u015fmesinde b\u00fcy\u00fck eme\u011fi olan, ayn\u0131 zamanda Malatyal\u0131 hem\u015fehrimiz olan <strong>Federasyon Ba\u015fkan\u0131m\u0131z Say\u0131n Mehmet Akif \u00dcst\u00fcnda\u011f<\/strong>\u2019a g\u00f6n\u00fclden te\u015fekk\u00fcr ediyoruz. Onun vizyonu ve deste\u011fiyle, spor sadece bir m\u00fcsabaka de\u011fil; bir \u015fehre moral, bir millete birlik, gen\u00e7lerimize ise ilham oldu.<\/p>\n\n\n\n<p>Sa\u011f olsun, var olsun!<\/p>\n","protected":false},"excerpt":{"rendered":"<p>\u00d6zlem \u00d6nal Erkut Malatyatime B\u0130R MA\u00c7TAN FAZLASI Bazen bir ma\u00e7, sadece topun fileye \u00e7arpma sesi de\u011fildir. Trib\u00fcnlerden y\u00fckselen alk\u0131\u015f, asl\u0131nda bir \u015fehrin yeniden \u201cBen buraday\u0131m!\u201d<\/p>\n","protected":false},"author":2,"featured_media":1718,"comment_status":"open","ping_status":"open","sticky":false,"template":"","format":"standard","meta":[],"categories":[1],"tags":[],"_links":{"self":[{"href":"http:\/\/www.maratonturk.com\/index.php?rest_route=\/wp\/v2\/posts\/1717"}],"collection":[{"href":"http:\/\/www.maratonturk.com\/index.php?rest_route=\/wp\/v2\/posts"}],"about":[{"href":"http:\/\/www.maratonturk.com\/index.php?rest_route=\/wp\/v2\/types\/post"}],"author":[{"embeddable":true,"href":"http:\/\/www.maratonturk.com\/index.php?rest_route=\/wp\/v2\/users\/2"}],"replies":[{"embeddable":true,"href":"http:\/\/www.maratonturk.com\/index.php?rest_route=%2Fwp%2Fv2%2Fcomments&post=1717"}],"version-history":[{"count":5,"href":"http:\/\/www.maratonturk.com\/index.php?rest_route=\/wp\/v2\/posts\/1717\/revisions"}],"predecessor-version":[{"id":1724,"href":"http:\/\/www.maratonturk.com\/index.php?rest_route=\/wp\/v2\/posts\/1717\/revisions\/1724"}],"wp:featuredmedia":[{"embeddable":true,"href":"http:\/\/www.maratonturk.com\/index.php?rest_route=\/wp\/v2\/media\/1718"}],"wp:attachment":[{"href":"http:\/\/www.maratonturk.com\/index.php?rest_route=%2Fwp%2Fv2%2Fmedia&parent=1717"}],"wp:term":[{"taxonomy":"category","embeddable":true,"href":"http:\/\/www.maratonturk.com\/index.php?rest_route=%2Fwp%2Fv2%2Fcategories&post=1717"},{"taxonomy":"post_tag","embeddable":true,"href":"http:\/\/www.maratonturk.com\/index.php?rest_route=%2Fwp%2Fv2%2Ftags&post=1717"}],"curies":[{"name":"wp","href":"https:\/\/api.w.org\/{rel}","templated":true}]}}