{"id":1711,"date":"2025-08-19T12:12:37","date_gmt":"2025-08-19T12:12:37","guid":{"rendered":"http:\/\/www.maratonturk.com\/?p=1711"},"modified":"2025-08-19T13:06:38","modified_gmt":"2025-08-19T13:06:38","slug":"ozel-soylesi","status":"publish","type":"post","link":"http:\/\/www.maratonturk.com\/?p=1711","title":{"rendered":"\u00d6ZEL S\u00d6YLE\u015e\u0130\u00a0"},"content":{"rendered":"\n<p><\/p>\n\n\n\n<figure class=\"wp-block-image size-full\"><img decoding=\"async\" loading=\"lazy\" width=\"167\" height=\"167\" src=\"http:\/\/www.maratonturk.com\/wp-content\/uploads\/2025\/07\/image.png\" alt=\"\" class=\"wp-image-1656\" srcset=\"http:\/\/www.maratonturk.com\/wp-content\/uploads\/2025\/07\/image.png 167w, http:\/\/www.maratonturk.com\/wp-content\/uploads\/2025\/07\/image-150x150.png 150w\" sizes=\"(max-width: 167px) 100vw, 167px\" \/><\/figure>\n\n\n\n<p><\/p>\n\n\n\n<p>Abdullah Erg\u00fcn<\/p>\n\n\n\n<p>Malatya NET Gazetesi Spor Yazar\u0131<\/p>\n\n\n\n<p>MARATONT\u00dcRK Malatya Temsilcisi<\/p>\n\n\n\n<p><\/p>\n\n\n\n<p><strong>T\u00fcrk Voleybolunun Efsanesi Semih Oktay ile T\u00fcrkiye-Danimarka \u00d6ncesi S\u00f6yle\u015fi<\/strong><\/p>\n\n\n\n<p>T\u00fcrk voleybolunun unutulmaz isimlerinden Semih Oktay ile, T\u00fcrkiye-Danimarka ma\u00e7\u0131 \u00f6ncesi kamp yap\u0131lan otelde bir araya geldik. Milli formayla tam 181 kez ter d\u00f6ken Oktay, kariyerinde say\u0131s\u0131z ba\u015far\u0131ya imza atm\u0131\u015f ve voleybol sahalar\u0131n\u0131n efsanesi olarak an\u0131l\u0131yor. Bug\u00fcn ise bu deneyimini Erkek Milli Voleybol Tak\u0131mlar\u0131 Koordinat\u00f6r\u00fc olarak gen\u00e7 nesle aktar\u0131yor.<\/p>\n\n\n\n<figure class=\"wp-block-image size-large\"><img decoding=\"async\" loading=\"lazy\" width=\"1024\" height=\"731\" src=\"http:\/\/www.maratonturk.com\/wp-content\/uploads\/2025\/08\/de6b5cfb-02e4-4697-b70a-b6456ff638e8-1024x731.jpeg\" alt=\"\" class=\"wp-image-1713\" srcset=\"http:\/\/www.maratonturk.com\/wp-content\/uploads\/2025\/08\/de6b5cfb-02e4-4697-b70a-b6456ff638e8-1024x731.jpeg 1024w, http:\/\/www.maratonturk.com\/wp-content\/uploads\/2025\/08\/de6b5cfb-02e4-4697-b70a-b6456ff638e8-300x214.jpeg 300w, http:\/\/www.maratonturk.com\/wp-content\/uploads\/2025\/08\/de6b5cfb-02e4-4697-b70a-b6456ff638e8-768x548.jpeg 768w, http:\/\/www.maratonturk.com\/wp-content\/uploads\/2025\/08\/de6b5cfb-02e4-4697-b70a-b6456ff638e8-1536x1096.jpeg 1536w, http:\/\/www.maratonturk.com\/wp-content\/uploads\/2025\/08\/de6b5cfb-02e4-4697-b70a-b6456ff638e8-1170x835.jpeg 1170w, http:\/\/www.maratonturk.com\/wp-content\/uploads\/2025\/08\/de6b5cfb-02e4-4697-b70a-b6456ff638e8.jpeg 1600w\" sizes=\"(max-width: 1024px) 100vw, 1024px\" \/><\/figure>\n\n\n\n<p>1967 y\u0131l\u0131nda Ankara Atat\u00fcrk Lisesi\u2019nde okurken yap\u0131lan se\u00e7melerle d\u00f6nemin Sosyal Sigortalar Kurumu (SGK) tak\u0131m\u0131na kat\u0131lan Semih Oktay, 1969 y\u0131l\u0131nda profesyonel voleybola ad\u0131m att\u0131. Kariyeri boyunca TED Ankara Kolejliler, \u0130stanbul Belediyesi (B\u00fcy\u00fck\u015fehir olmadan \u00f6nce) B\u00fcy\u00fckdere Kolejliler, \u0130stanbul, Galatasaray ve son olarak Ar\u00e7elik tak\u0131mlar\u0131nda forma giydi.<\/p>\n\n\n\n<p>\u201cHer forma, her ma\u00e7 bana ayr\u0131 bir heyecan katt\u0131\u201d diyen Oktay, milli tak\u0131m tecr\u00fcbesini ve saha i\u00e7indeki birikimini art\u0131k koordinat\u00f6r olarak yeni nesil oyunculara aktar\u0131yor.<\/p>\n\n\n\n<p><strong>\u00a0Malatya&#8217;ya Te\u015fekk\u00fcr: Bu Co\u015fku Bizi Her Zaman Etkiledi!<\/strong><\/p>\n\n\n\n<p><strong>Abdullah Erg\u00fcn:<\/strong> Danimarka grupta \u00fc\u00e7te \u00fc\u00e7 yapt\u0131. Bizim a\u00e7\u0131m\u0131zdan tablo nas\u0131l g\u00f6r\u00fcn\u00fcyor? Bu ma\u00e7 \u201ctamam m\u0131, devam m\u0131\u201d niteli\u011finde mi, yoksa ikinci olsak da \u015fans\u0131m\u0131z var m\u0131?<\/p>\n\n\n\n<p><strong>Semih Oktay:<\/strong> Danimarka\u2019n\u0131n iki ma\u00e7\u0131 kazand\u0131\u011f\u0131n\u0131 biliyoruz. \u015eimdi bize kar\u015f\u0131 oynayacaklar ve ard\u0131ndan kendi sahalar\u0131nda Macaristan ile kar\u015f\u0131la\u015facaklar. Biz de Macaristan\u2019\u0131 deplasmanda yenmeyi hedefliyoruz. Sistem \u015f\u00f6yle i\u015fliyor: Yedi grup var; grup birincileri do\u011frudan \u015fampiyonaya gidiyor. Ayr\u0131ca en iyi be\u015f grup ikincisi de turnuvaya kat\u0131labiliyor. Yani hem grup birincili\u011fi \u015fans\u0131m\u0131z var, hem de en iyi ikincilerden biri olma ihtimalimiz y\u00fcksek.<\/p>\n\n\n\n<p><strong>Abdullah Erg\u00fcn:<\/strong> Danimarka grupta \u00fc\u00e7te \u00fc\u00e7 yapt\u0131. Bizim a\u00e7\u0131m\u0131zdan tablo nas\u0131l g\u00f6r\u00fcn\u00fcyor? Bu ma\u00e7 \u201ctamam m\u0131, devam m\u0131\u201d niteli\u011finde mi, yoksa ikinci olsak da \u015fans\u0131m\u0131z var m\u0131?<\/p>\n\n\n\n<p><strong>Semih Oktay:<\/strong> Danimarka\u2019n\u0131n iki ma\u00e7\u0131 kazand\u0131\u011f\u0131n\u0131 biliyoruz. \u015eimdi bize kar\u015f\u0131 oynayacaklar ve ard\u0131ndan kendi sahalar\u0131nda Macaristan ile kar\u015f\u0131la\u015facaklar. Biz de Macaristan\u2019\u0131 deplasmanda yenmeyi hedefliyoruz. Sistem \u015f\u00f6yle i\u015fliyor: Yedi grup var; grup birincileri do\u011frudan \u015fampiyonaya gidiyor. Ayr\u0131ca en iyi be\u015f grup ikincisi de turnuvaya kat\u0131labiliyor. Yani hem grup birincili\u011fi \u015fans\u0131m\u0131z var, hem de en iyi ikincilerden biri olma ihtimalimiz y\u00fcksek.<\/p>\n\n\n\n<p><\/p>\n\n\n\n<p><strong>Foto:<\/strong> Mehmet Emin G\u00f6resiye<\/p>\n","protected":false},"excerpt":{"rendered":"<p>Abdullah Erg\u00fcn Malatya NET Gazetesi Spor Yazar\u0131 MARATONT\u00dcRK Malatya Temsilcisi T\u00fcrk Voleybolunun Efsanesi Semih Oktay ile T\u00fcrkiye-Danimarka \u00d6ncesi S\u00f6yle\u015fi T\u00fcrk voleybolunun unutulmaz isimlerinden Semih Oktay<\/p>\n","protected":false},"author":2,"featured_media":1712,"comment_status":"open","ping_status":"open","sticky":false,"template":"","format":"standard","meta":[],"categories":[1],"tags":[],"_links":{"self":[{"href":"http:\/\/www.maratonturk.com\/index.php?rest_route=\/wp\/v2\/posts\/1711"}],"collection":[{"href":"http:\/\/www.maratonturk.com\/index.php?rest_route=\/wp\/v2\/posts"}],"about":[{"href":"http:\/\/www.maratonturk.com\/index.php?rest_route=\/wp\/v2\/types\/post"}],"author":[{"embeddable":true,"href":"http:\/\/www.maratonturk.com\/index.php?rest_route=\/wp\/v2\/users\/2"}],"replies":[{"embeddable":true,"href":"http:\/\/www.maratonturk.com\/index.php?rest_route=%2Fwp%2Fv2%2Fcomments&post=1711"}],"version-history":[{"count":2,"href":"http:\/\/www.maratonturk.com\/index.php?rest_route=\/wp\/v2\/posts\/1711\/revisions"}],"predecessor-version":[{"id":1716,"href":"http:\/\/www.maratonturk.com\/index.php?rest_route=\/wp\/v2\/posts\/1711\/revisions\/1716"}],"wp:featuredmedia":[{"embeddable":true,"href":"http:\/\/www.maratonturk.com\/index.php?rest_route=\/wp\/v2\/media\/1712"}],"wp:attachment":[{"href":"http:\/\/www.maratonturk.com\/index.php?rest_route=%2Fwp%2Fv2%2Fmedia&parent=1711"}],"wp:term":[{"taxonomy":"category","embeddable":true,"href":"http:\/\/www.maratonturk.com\/index.php?rest_route=%2Fwp%2Fv2%2Fcategories&post=1711"},{"taxonomy":"post_tag","embeddable":true,"href":"http:\/\/www.maratonturk.com\/index.php?rest_route=%2Fwp%2Fv2%2Ftags&post=1711"}],"curies":[{"name":"wp","href":"https:\/\/api.w.org\/{rel}","templated":true}]}}