{"id":1685,"date":"2025-08-15T10:01:34","date_gmt":"2025-08-15T10:01:34","guid":{"rendered":"http:\/\/www.maratonturk.com\/?p=1685"},"modified":"2025-08-17T13:47:09","modified_gmt":"2025-08-17T13:47:09","slug":"malatyadan-filenin-efelerine-buyuk-destek","status":"publish","type":"post","link":"http:\/\/www.maratonturk.com\/?p=1685","title":{"rendered":"Malatya\u2019dan Filenin Efelerine B\u00fcy\u00fck Destek"},"content":{"rendered":"\n<figure class=\"wp-block-image size-full\"><img decoding=\"async\" loading=\"lazy\" width=\"167\" height=\"167\" src=\"http:\/\/www.maratonturk.com\/wp-content\/uploads\/2025\/07\/image.png\" alt=\"\" class=\"wp-image-1656\" srcset=\"http:\/\/www.maratonturk.com\/wp-content\/uploads\/2025\/07\/image.png 167w, http:\/\/www.maratonturk.com\/wp-content\/uploads\/2025\/07\/image-150x150.png 150w\" sizes=\"(max-width: 167px) 100vw, 167px\" \/><\/figure>\n\n\n\n<p><strong>Abdullah Erg\u00fcn<\/strong><\/p>\n\n\n\n<p>Malatya NET Gazetesi<\/p>\n\n\n\n<p>Spor Yazar\u0131<\/p>\n\n\n\n<p><\/p>\n\n\n\n<p><\/p>\n\n\n\n<p><strong>MALATYA&#8217;dan Filenin Efeleri&#8217;ne b\u00fcy\u00fck destek.<\/strong><\/p>\n\n\n\n<p>A Milli Erkek Voleybol Tak\u0131m\u0131m\u0131z, Malatya\u2019da oynanan tarihi kar\u015f\u0131la\u015fmada Danimarka\u2019y\u0131 3-2 ma\u011flup ederek 2026 CEV Avrupa \u015eampiyonas\u0131 bileti ald\u0131. Ma\u00e7 hem spor hem de duygu dolu anlara sahne oldu. A Milli Erkek Voleybol Tak\u0131m\u0131m\u0131z, 2026 CEV Avrupa Voleybol \u015eampiyonas\u0131 Elemeleri A Grubu d\u00f6rd\u00fcnc\u00fc ma\u00e7\u0131nda, 6 \u015eubat depremlerinde b\u00fcy\u00fck yara alan Malatya\u2019da a\u011f\u0131rlad\u0131\u011f\u0131 Danimarka\u2019y\u0131 3-2 ma\u011flup ederek Avrupa \u015eampiyonas\u0131\u2019na kat\u0131lma hakk\u0131n\u0131 elde etti.<\/p>\n\n\n\n<figure class=\"wp-block-image size-large\"><img decoding=\"async\" loading=\"lazy\" width=\"1024\" height=\"731\" src=\"http:\/\/www.maratonturk.com\/wp-content\/uploads\/2025\/08\/089a8a2c-e89a-453c-af7e-5e94160893c4-1024x731.jpeg\" alt=\"\" class=\"wp-image-1687\" srcset=\"http:\/\/www.maratonturk.com\/wp-content\/uploads\/2025\/08\/089a8a2c-e89a-453c-af7e-5e94160893c4-1024x731.jpeg 1024w, http:\/\/www.maratonturk.com\/wp-content\/uploads\/2025\/08\/089a8a2c-e89a-453c-af7e-5e94160893c4-300x214.jpeg 300w, http:\/\/www.maratonturk.com\/wp-content\/uploads\/2025\/08\/089a8a2c-e89a-453c-af7e-5e94160893c4-768x548.jpeg 768w, http:\/\/www.maratonturk.com\/wp-content\/uploads\/2025\/08\/089a8a2c-e89a-453c-af7e-5e94160893c4-1536x1096.jpeg 1536w, http:\/\/www.maratonturk.com\/wp-content\/uploads\/2025\/08\/089a8a2c-e89a-453c-af7e-5e94160893c4-1170x835.jpeg 1170w, http:\/\/www.maratonturk.com\/wp-content\/uploads\/2025\/08\/089a8a2c-e89a-453c-af7e-5e94160893c4.jpeg 1600w\" sizes=\"(max-width: 1024px) 100vw, 1024px\" \/><\/figure>\n\n\n\n<p>Orduzu P\u0131narba\u015f\u0131 Spor Salonu\u2019nda oynanan kar\u015f\u0131la\u015fma, Malatya\u2019da d\u00fczenlenen ilk milli voleybol ma\u00e7\u0131 olarak tarihe ge\u00e7ti. Ma\u00e7 \u00f6ncesinde ve s\u0131ras\u0131nda trib\u00fcnlerdeki co\u015fku, kar\u015f\u0131la\u015fmaya damgas\u0131n\u0131 vurdu. Malatyal\u0131 voleybolseverler, saatler \u00f6ncesinden salonu doldurarak \u201cFilenin Efeleri\u201dne b\u00fcy\u00fck destek verdi.<\/p>\n\n\n\n<p><strong>Duygusal Anlar ve Anlaml\u0131 Jestler<\/strong><\/p>\n\n\n\n<figure class=\"wp-block-image size-large\"><img decoding=\"async\" loading=\"lazy\" width=\"1024\" height=\"731\" src=\"http:\/\/www.maratonturk.com\/wp-content\/uploads\/2025\/08\/6a9d99fb-026e-400c-9369-c755af25d692-1024x731.jpeg\" alt=\"\" class=\"wp-image-1688\" srcset=\"http:\/\/www.maratonturk.com\/wp-content\/uploads\/2025\/08\/6a9d99fb-026e-400c-9369-c755af25d692-1024x731.jpeg 1024w, http:\/\/www.maratonturk.com\/wp-content\/uploads\/2025\/08\/6a9d99fb-026e-400c-9369-c755af25d692-300x214.jpeg 300w, http:\/\/www.maratonturk.com\/wp-content\/uploads\/2025\/08\/6a9d99fb-026e-400c-9369-c755af25d692-768x548.jpeg 768w, http:\/\/www.maratonturk.com\/wp-content\/uploads\/2025\/08\/6a9d99fb-026e-400c-9369-c755af25d692-1536x1096.jpeg 1536w, http:\/\/www.maratonturk.com\/wp-content\/uploads\/2025\/08\/6a9d99fb-026e-400c-9369-c755af25d692-1170x835.jpeg 1170w, http:\/\/www.maratonturk.com\/wp-content\/uploads\/2025\/08\/6a9d99fb-026e-400c-9369-c755af25d692.jpeg 1600w\" sizes=\"(max-width: 1024px) 100vw, 1024px\" \/><\/figure>\n\n\n\n<p>Kar\u015f\u0131la\u015fma \u00f6ncesinde, milli formaya veda eden tecr\u00fcbeli oyuncu <strong>Arslan Ek\u015fi<\/strong> i\u00e7in \u00f6zel bir t\u00f6ren d\u00fczenlendi. <strong>T\u00fcrkiye Voleybol Federasyonu Ba\u015fkan\u0131 Mehmet Akif \u00dcst\u00fcnda\u011f<\/strong>, Ek\u015fi\u2019ye milli ma\u00e7ta giydi\u011fi forma, \u00e7i\u00e7ek ve plaket takdim etti. Trib\u00fcnler, bu anlarda ayakta alk\u0131\u015flarla tecr\u00fcbeli pas\u00f6re veda etti. <strong>Malatya B\u00fcy\u00fck\u015fehir Belediye Ba\u015fkan\u0131 Sami Er<\/strong>, iki tak\u0131m kaptan\u0131na da kentin simgesi olan kuru kay\u0131s\u0131 ikram\u0131nda bulunarak, dostluk ve misafirperverlik mesaj\u0131 verdi.<\/p>\n\n\n\n<figure class=\"wp-block-image size-large\"><img decoding=\"async\" loading=\"lazy\" width=\"1024\" height=\"731\" src=\"http:\/\/www.maratonturk.com\/wp-content\/uploads\/2025\/08\/e7c0feae-1a4a-43c7-bf06-54e94e45303d-1024x731.jpeg\" alt=\"\" class=\"wp-image-1689\" srcset=\"http:\/\/www.maratonturk.com\/wp-content\/uploads\/2025\/08\/e7c0feae-1a4a-43c7-bf06-54e94e45303d-1024x731.jpeg 1024w, http:\/\/www.maratonturk.com\/wp-content\/uploads\/2025\/08\/e7c0feae-1a4a-43c7-bf06-54e94e45303d-300x214.jpeg 300w, http:\/\/www.maratonturk.com\/wp-content\/uploads\/2025\/08\/e7c0feae-1a4a-43c7-bf06-54e94e45303d-768x548.jpeg 768w, http:\/\/www.maratonturk.com\/wp-content\/uploads\/2025\/08\/e7c0feae-1a4a-43c7-bf06-54e94e45303d-1536x1096.jpeg 1536w, http:\/\/www.maratonturk.com\/wp-content\/uploads\/2025\/08\/e7c0feae-1a4a-43c7-bf06-54e94e45303d-1170x835.jpeg 1170w, http:\/\/www.maratonturk.com\/wp-content\/uploads\/2025\/08\/e7c0feae-1a4a-43c7-bf06-54e94e45303d.jpeg 1600w\" sizes=\"(max-width: 1024px) 100vw, 1024px\" \/><\/figure>\n\n\n\n<figure class=\"wp-block-image size-large\"><img decoding=\"async\" loading=\"lazy\" width=\"1024\" height=\"731\" src=\"http:\/\/www.maratonturk.com\/wp-content\/uploads\/2025\/08\/c9ba26af-ba0e-41d9-841a-663b6cbadea0-1024x731.jpeg\" alt=\"\" class=\"wp-image-1690\" srcset=\"http:\/\/www.maratonturk.com\/wp-content\/uploads\/2025\/08\/c9ba26af-ba0e-41d9-841a-663b6cbadea0-1024x731.jpeg 1024w, http:\/\/www.maratonturk.com\/wp-content\/uploads\/2025\/08\/c9ba26af-ba0e-41d9-841a-663b6cbadea0-300x214.jpeg 300w, http:\/\/www.maratonturk.com\/wp-content\/uploads\/2025\/08\/c9ba26af-ba0e-41d9-841a-663b6cbadea0-768x548.jpeg 768w, http:\/\/www.maratonturk.com\/wp-content\/uploads\/2025\/08\/c9ba26af-ba0e-41d9-841a-663b6cbadea0-1536x1096.jpeg 1536w, http:\/\/www.maratonturk.com\/wp-content\/uploads\/2025\/08\/c9ba26af-ba0e-41d9-841a-663b6cbadea0-1170x835.jpeg 1170w, http:\/\/www.maratonturk.com\/wp-content\/uploads\/2025\/08\/c9ba26af-ba0e-41d9-841a-663b6cbadea0.jpeg 1600w\" sizes=\"(max-width: 1024px) 100vw, 1024px\" \/><\/figure>\n\n\n\n<p><strong>Ma\u00e7\u0131n Hik\u00e2yesi<\/strong><\/p>\n\n\n\n<p>B\u00fcy\u00fck \u00e7eki\u015fmeye sahne olan kar\u015f\u0131la\u015fmada konuk ekip Danimarka, g\u00fc\u00e7l\u00fc h\u00fccumlar\u0131yla dikkat \u00e7ekerken Jakobsen \u00f6ne \u00e7\u0131kan isim oldu. A Milli Tak\u0131m\u0131m\u0131zda ise <strong>Adis Lagumdzija, Efe Mand\u0131rac\u0131<\/strong> ve <strong>Mert Matic<\/strong> performanslar\u0131yla ma\u00e7a damga vuran oyuncular olarak \u00f6ne \u00e7\u0131kt\u0131. Setler boyunca ba\u015fa ba\u015f bir m\u00fccadele ya\u015fand\u0131 ve son seti alan milli tak\u0131m\u0131m\u0131z, Malatya\u2019daki bu anlaml\u0131 g\u00fcnde zaferini ilan etti.<\/p>\n\n\n\n<p><strong>Ma\u00e7tan Notlar<\/strong><\/p>\n\n\n\n<ul>\n<li>Orduzu P\u0131narba\u015f\u0131 Spor Salonu, bu kar\u015f\u0131la\u015fmayla birlikte resmi a\u00e7\u0131l\u0131\u015f\u0131n\u0131 yapt\u0131. Trib\u00fcnlerdeki atmosfer sporcular\u0131 motive ederken, salonun modern yap\u0131s\u0131 tam not ald\u0131.<\/li>\n\n\n\n<li>Ancak, havaland\u0131rma sisteminin tam kapasite devreye girmemesi, internet ve telefon \u015febekesi sorunlar\u0131n\u0131n ma\u00e7 boyunca s\u00fcrmesi dikkat \u00e7ekti.<\/li>\n\n\n\n<li>Salonda su s\u0131k\u0131nt\u0131s\u0131 ya\u015fand\u0131. \uf0b7 Seyircilerin b\u00fcy\u00fck \u00e7o\u011funlu\u011funu gen\u00e7ler ve \u00e7ocuklar olu\u015fturdu, bu da milli tak\u0131ma olan yeni nesil ilgisini g\u00f6zler \u00f6n\u00fcne serdi.<\/li>\n\n\n\n<li>Tek b\u00fcfenin bulunmas\u0131, yo\u011fun kalabal\u0131k nedeniyle zaman zaman uzun kuyruklara ve tepkilere neden oldu.<\/li>\n\n\n\n<li>Ma\u00e7\u0131n en ilgin\u00e7 anlar\u0131ndan biri ise Danimarka yedek kul\u00fcbesinin, ellerindeki sular\u0131 trib\u00fcnlerdeki voleybolseverlere ikram etmesi oldu. Bu jest hem trib\u00fcnlerden hem de sosyal medyadan takdir toplad\u0131.<\/li>\n<\/ul>\n\n\n\n<p><strong>Malatya \u0130\u00e7in Anlam\u0131 B\u00fcy\u00fck<\/strong><\/p>\n\n\n\n<figure class=\"wp-block-image size-large\"><img decoding=\"async\" loading=\"lazy\" width=\"1024\" height=\"731\" src=\"http:\/\/www.maratonturk.com\/wp-content\/uploads\/2025\/08\/0b716de3-ea2b-4b2e-af94-b8cc2a03793c-1024x731.jpeg\" alt=\"\" class=\"wp-image-1691\" srcset=\"http:\/\/www.maratonturk.com\/wp-content\/uploads\/2025\/08\/0b716de3-ea2b-4b2e-af94-b8cc2a03793c-1024x731.jpeg 1024w, http:\/\/www.maratonturk.com\/wp-content\/uploads\/2025\/08\/0b716de3-ea2b-4b2e-af94-b8cc2a03793c-300x214.jpeg 300w, http:\/\/www.maratonturk.com\/wp-content\/uploads\/2025\/08\/0b716de3-ea2b-4b2e-af94-b8cc2a03793c-768x548.jpeg 768w, http:\/\/www.maratonturk.com\/wp-content\/uploads\/2025\/08\/0b716de3-ea2b-4b2e-af94-b8cc2a03793c-1536x1096.jpeg 1536w, http:\/\/www.maratonturk.com\/wp-content\/uploads\/2025\/08\/0b716de3-ea2b-4b2e-af94-b8cc2a03793c-1170x835.jpeg 1170w, http:\/\/www.maratonturk.com\/wp-content\/uploads\/2025\/08\/0b716de3-ea2b-4b2e-af94-b8cc2a03793c.jpeg 1600w\" sizes=\"(max-width: 1024px) 100vw, 1024px\" \/><\/figure>\n\n\n\n<p>Bu kar\u015f\u0131la\u015fma, deprem sonras\u0131 yaralar\u0131n\u0131 sarmaya \u00e7al\u0131\u015fan Malatya i\u00e7in moral ve birlik mesaj\u0131 ta\u015f\u0131d\u0131. Trib\u00fcnlerdeki co\u015fku, sadece bir spor m\u00fcsabakas\u0131n\u0131n \u00f6tesinde, \u015fehrin yeniden aya\u011fa kalkma iradesini yans\u0131tt\u0131. Hem voleybolcular hem de taraftarlar i\u00e7in unutulmaz bir g\u00fcn olarak haf\u0131zalara kaz\u0131nd\u0131.<\/p>\n\n\n\n<p><span style=\"color: rgb(34, 34, 34); font-family: Arial, Helvetica, sans-serif; font-size: small; white-space-collapse: collapse;\"><strong>Foto\u011fraflar:<\/strong> Mehmet Emin G\u00f6resiye<\/span><\/p>\n","protected":false},"excerpt":{"rendered":"<p>Abdullah Erg\u00fcn Malatya NET Gazetesi Spor Yazar\u0131 MALATYA&#8217;dan Filenin Efeleri&#8217;ne b\u00fcy\u00fck destek. A Milli Erkek Voleybol Tak\u0131m\u0131m\u0131z, Malatya\u2019da oynanan tarihi kar\u015f\u0131la\u015fmada Danimarka\u2019y\u0131 3-2 ma\u011flup ederek<\/p>\n","protected":false},"author":2,"featured_media":1686,"comment_status":"open","ping_status":"open","sticky":false,"template":"","format":"standard","meta":[],"categories":[1],"tags":[],"_links":{"self":[{"href":"http:\/\/www.maratonturk.com\/index.php?rest_route=\/wp\/v2\/posts\/1685"}],"collection":[{"href":"http:\/\/www.maratonturk.com\/index.php?rest_route=\/wp\/v2\/posts"}],"about":[{"href":"http:\/\/www.maratonturk.com\/index.php?rest_route=\/wp\/v2\/types\/post"}],"author":[{"embeddable":true,"href":"http:\/\/www.maratonturk.com\/index.php?rest_route=\/wp\/v2\/users\/2"}],"replies":[{"embeddable":true,"href":"http:\/\/www.maratonturk.com\/index.php?rest_route=%2Fwp%2Fv2%2Fcomments&post=1685"}],"version-history":[{"count":2,"href":"http:\/\/www.maratonturk.com\/index.php?rest_route=\/wp\/v2\/posts\/1685\/revisions"}],"predecessor-version":[{"id":1706,"href":"http:\/\/www.maratonturk.com\/index.php?rest_route=\/wp\/v2\/posts\/1685\/revisions\/1706"}],"wp:featuredmedia":[{"embeddable":true,"href":"http:\/\/www.maratonturk.com\/index.php?rest_route=\/wp\/v2\/media\/1686"}],"wp:attachment":[{"href":"http:\/\/www.maratonturk.com\/index.php?rest_route=%2Fwp%2Fv2%2Fmedia&parent=1685"}],"wp:term":[{"taxonomy":"category","embeddable":true,"href":"http:\/\/www.maratonturk.com\/index.php?rest_route=%2Fwp%2Fv2%2Fcategories&post=1685"},{"taxonomy":"post_tag","embeddable":true,"href":"http:\/\/www.maratonturk.com\/index.php?rest_route=%2Fwp%2Fv2%2Ftags&post=1685"}],"curies":[{"name":"wp","href":"https:\/\/api.w.org\/{rel}","templated":true}]}}