{"id":1670,"date":"2025-08-02T11:02:49","date_gmt":"2025-08-02T11:02:49","guid":{"rendered":"http:\/\/www.maratonturk.com\/?p=1670"},"modified":"2025-08-04T06:30:02","modified_gmt":"2025-08-04T06:30:02","slug":"haber-kritik","status":"publish","type":"post","link":"http:\/\/www.maratonturk.com\/?p=1670","title":{"rendered":"Neden Vak\u0131fbank?"},"content":{"rendered":"\n<figure class=\"wp-block-image size-full is-resized\"><img decoding=\"async\" loading=\"lazy\" src=\"http:\/\/www.maratonturk.com\/wp-content\/uploads\/2025\/08\/image.png\" alt=\"\" class=\"wp-image-1672\" width=\"121\" height=\"146\" srcset=\"http:\/\/www.maratonturk.com\/wp-content\/uploads\/2025\/08\/image.png 851w, http:\/\/www.maratonturk.com\/wp-content\/uploads\/2025\/08\/image-249x300.png 249w, http:\/\/www.maratonturk.com\/wp-content\/uploads\/2025\/08\/image-768x924.png 768w\" sizes=\"(max-width: 121px) 100vw, 121px\" \/><\/figure>\n\n\n\n<p><strong>RAGIP TEK\u0130N<\/strong>\u00a0<\/p>\n\n\n\n<p><\/p>\n\n\n\n<p><strong>NEDEN VAKIFBANK <\/strong>?\u00a0<br>FIVB Voleybol Kad\u0131nlar D\u00fcnya \u015eampiyonas\u0131 22 A\u011fustos 2025 g\u00fcn\u00fc Tayland&#8217;da ba\u015fl\u0131yor. D\u00fcnya&#8217;n\u0131n b\u00fct\u00fcn star sporcular\u0131 orada olacak.\u00a0O starlardan biri de T\u0130JANA BOSKOV\u0130C: (Bosna Hersek as\u0131ll\u0131 S\u0131rbistan tabiyetinde ki y\u0131ld\u0131z sporcu)\u00a0<br>\u00a0<\/p>\n\n\n\n<p><strong>BOSKOV\u0130C BELEK&#8217;TE&#8230;<\/strong>\u00a0<br>Tijana Boskovic, S\u0131rbistan Kad\u0131n Voleybol Tak\u0131m\u0131yla Antalya\/Belek&#8217;te&#8230; S\u0131rbistan antren\u00f6r Zoran Terzic\u00a0 y\u00f6netiminde,Tayland&#8217;da yap\u0131lacak FIVB Kad\u0131nlar Voleybol D\u00fcnya \u015fampiyonas\u0131 i\u00e7in Belek&#8217;te \u00e7al\u0131\u015fmalar\u0131n\u0131 s\u00fcrd\u00fcr\u00fcyor.\u00a0<br>\u00a0<br>Tijana Boskovic; \u00fclkesinde Meridyen Sport&#8217;a yapt\u0131\u011f\u0131 a\u00e7\u0131klamalarda Vak\u0131fbank Kad\u0131n Voleybol Tak\u0131m\u0131&#8217;na neden transfer oldu\u011funu a\u00e7\u0131klam\u0131\u015f.\u00a0<br>\u00a0<br>&#8220;Bir \u015feyleri de\u011fi\u015fme zaman\u0131 geldi\u011fini hissettim. Vak\u0131fbank&#8217;a gitmeye karar vermemdeki as\u0131l sebeplerden birincisi, S\u0131rbistan Kad\u0131n Milli Tak\u0131m\u0131&#8217;nda iki sene onunla \u00e7al\u0131\u015fma f\u0131rsat\u0131 buldu\u011fum ve b\u00fcy\u00fck bir bilgi birikimine sahip oldu\u011funa ve Vak\u0131fbank Kad\u0131n voleybol tak\u0131m\u0131 ile ola\u011fan\u00fcst\u00fc i\u015fler yapt\u0131\u011f\u0131n\u0131 g\u00f6rd\u00fc\u011f\u00fcm antren\u00f6r Giovanni Guidetti olmu\u015ftur.\u00a0Yeni bir forma giymek, yeni bir meydan okuma anlam\u0131na gelir.&#8221; Demi\u015f. \u00a0\u015eimdi soruyorum? Tijana Boskovic acaba kime meydan okumu\u015f?\u00a0<br>\u00a0<br><strong>\u0130DD\u0130A!<\/strong>\u00a0<br>Tijana Boskovic&#8217;in, Eczac\u0131ba\u015f\u0131 Kad\u0131n Voleybol Tak\u0131m\u0131&#8217;n\u0131n turuncu-beyaz formas\u0131n\u0131 s\u0131rt\u0131ndan \u00e7\u0131karmas\u0131n\u0131n esas sebebinin ise, 2015-2016 sezonu Eczac\u0131ba\u015f\u0131&#8217;na geldi\u011finden beri T\u00fcrkiye Kad\u0131nlar Ligi&#8217;nde \u015fampiyon olamamas\u0131 nedeniyle sar\u0131-siyahl\u0131 formay\u0131 tercih etti\u011fi iddia ediliyor. Tijana Boskovic&#8217;in Eczac\u0131ba\u015f\u0131 Spor Kul\u00fcb\u00fc&#8217;nden ayr\u0131ld\u0131\u011f\u0131 g\u00fcn yap\u0131lan veda t\u00f6reninde, Ba\u015fkan Faruk Eczac\u0131ba\u015f\u0131&#8217;n\u0131n vefan\u0131n bir semt olmad\u0131\u011f\u0131n\u0131 g\u00f6stermesine ra\u011fmen, bu iddian\u0131n neden ortaya at\u0131ld\u0131\u011f\u0131 merak konusu oldu!\u00a0<br>\u00a0<br>Ger\u00e7ekte; Eczac\u0131ba\u015f\u0131 Kad\u0131n voleybol tak\u0131m\u0131 2013 y\u0131l\u0131ndan beri 13 senedir,final oynamas\u0131na ra\u011fmen Kad\u0131nlar Ligi&#8217;nde lider olamad\u0131\u011f\u0131 g\u00f6r\u00fcl\u00fcyor&#8230;\u00a0<br>\u00a0<br>Ne diyelim?\u00a0 Bizden, s\u00f6ylenen iddialar\u0131 g\u00fcndeme getirmek !\u00a0<\/p>\n","protected":false},"excerpt":{"rendered":"<p>RAGIP TEK\u0130N\u00a0 NEDEN VAKIFBANK ?\u00a0FIVB Voleybol Kad\u0131nlar D\u00fcnya \u015eampiyonas\u0131 22 A\u011fustos 2025 g\u00fcn\u00fc Tayland&#8217;da ba\u015fl\u0131yor. D\u00fcnya&#8217;n\u0131n b\u00fct\u00fcn star sporcular\u0131 orada olacak.\u00a0O starlardan biri de T\u0130JANA<\/p>\n","protected":false},"author":2,"featured_media":1671,"comment_status":"open","ping_status":"open","sticky":false,"template":"","format":"standard","meta":[],"categories":[1],"tags":[],"_links":{"self":[{"href":"http:\/\/www.maratonturk.com\/index.php?rest_route=\/wp\/v2\/posts\/1670"}],"collection":[{"href":"http:\/\/www.maratonturk.com\/index.php?rest_route=\/wp\/v2\/posts"}],"about":[{"href":"http:\/\/www.maratonturk.com\/index.php?rest_route=\/wp\/v2\/types\/post"}],"author":[{"embeddable":true,"href":"http:\/\/www.maratonturk.com\/index.php?rest_route=\/wp\/v2\/users\/2"}],"replies":[{"embeddable":true,"href":"http:\/\/www.maratonturk.com\/index.php?rest_route=%2Fwp%2Fv2%2Fcomments&post=1670"}],"version-history":[{"count":2,"href":"http:\/\/www.maratonturk.com\/index.php?rest_route=\/wp\/v2\/posts\/1670\/revisions"}],"predecessor-version":[{"id":1676,"href":"http:\/\/www.maratonturk.com\/index.php?rest_route=\/wp\/v2\/posts\/1670\/revisions\/1676"}],"wp:featuredmedia":[{"embeddable":true,"href":"http:\/\/www.maratonturk.com\/index.php?rest_route=\/wp\/v2\/media\/1671"}],"wp:attachment":[{"href":"http:\/\/www.maratonturk.com\/index.php?rest_route=%2Fwp%2Fv2%2Fmedia&parent=1670"}],"wp:term":[{"taxonomy":"category","embeddable":true,"href":"http:\/\/www.maratonturk.com\/index.php?rest_route=%2Fwp%2Fv2%2Fcategories&post=1670"},{"taxonomy":"post_tag","embeddable":true,"href":"http:\/\/www.maratonturk.com\/index.php?rest_route=%2Fwp%2Fv2%2Ftags&post=1670"}],"curies":[{"name":"wp","href":"https:\/\/api.w.org\/{rel}","templated":true}]}}