{"id":1655,"date":"2025-07-19T09:49:59","date_gmt":"2025-07-19T09:49:59","guid":{"rendered":"http:\/\/www.maratonturk.com\/?p=1655"},"modified":"2025-07-19T15:31:56","modified_gmt":"2025-07-19T15:31:56","slug":"kullerinden-dogan-sehir","status":"publish","type":"post","link":"http:\/\/www.maratonturk.com\/?p=1655","title":{"rendered":"K\u00dcLLER\u0130NDEN DO\u011eAN \u015eEH\u0130R !"},"content":{"rendered":"\n<figure class=\"wp-block-image size-full is-resized\"><img decoding=\"async\" loading=\"lazy\" src=\"http:\/\/www.maratonturk.com\/wp-content\/uploads\/2025\/07\/image.png\" alt=\"\" class=\"wp-image-1656\" width=\"154\" height=\"154\" srcset=\"http:\/\/www.maratonturk.com\/wp-content\/uploads\/2025\/07\/image.png 167w, http:\/\/www.maratonturk.com\/wp-content\/uploads\/2025\/07\/image-150x150.png 150w\" sizes=\"(max-width: 154px) 100vw, 154px\" \/><\/figure>\n\n\n\n<h2>Abdullah Erg\u00fcn <\/h2>\n\n\n\n<p>Malatya NET Gazetesi<\/p>\n\n\n\n<p>Spor Yazar\u0131<\/p>\n\n\n\n<p><\/p>\n\n\n\n<p><\/p>\n\n\n\n<p>Malatya\u2026<br>Bir zamanlar kay\u0131s\u0131 bah\u00e7elerinin kokusu sokaklara kar\u0131\u015fan, yaz ak\u015famlar\u0131nda \u00e7ocuklar\u0131n kahkahalar\u0131yla dolup ta\u015fan kadim \u015fehir\u2026<br>Ama 6 \u015eubat&#8217;ta iki kez sars\u0131ld\u0131.<br>Beton y\u0131\u011f\u0131nlar\u0131n\u0131n alt\u0131nda kalan yaln\u0131zca binalar de\u011fildi; hayaller, hat\u0131ralar ve bir \u015fehrin ruhu da enkaz\u0131n alt\u0131nda kald\u0131.<br>Sokaklar sustu. \u0130nsanlar sustu. Umut sustu.<br>Ve ard\u0131ndan bir ba\u015fka felaket geldi. Zirai don, kentin en b\u00fcy\u00fck ge\u00e7im kayna\u011f\u0131 olan kay\u0131s\u0131 bah\u00e7elerini kavurdu. Malatya yaln\u0131zca evlerini de\u011fil; toprakla kurdu\u011fu o kadim ba\u011f\u0131 da kaybetti.<br>Ama Malatya\u2019n\u0131n kalbi h\u00e2l\u00e2 at\u0131yor.<br>Y\u0131k\u0131nt\u0131lar aras\u0131nda filizlenen bir umut var.<br>Ve \u015fimdi, bu umut parkelerin \u00fczerinde yeniden ye\u015feriyor.<br>________________________________________<br>13 A\u011fustos g\u00fcn\u00fc\u2026<br>Orduzu P\u0131narba\u015f\u0131\u2019n\u0131n yepyeni salonunda fileye de\u011fen her top bir dua gibi y\u00fckselecek g\u00f6\u011fe.<br>Her sma\u00e7 yaln\u0131zca rakip sahaya de\u011fil; geride kalan ac\u0131lara da \u00e7arpacak.<br>Her say\u0131, trib\u00fcnlerde oturan binlerce y\u00fcre\u011fe \u201cBiz buraday\u0131z!\u201d dedirtecek.<br>Bu, yaln\u0131zca bir spor kar\u015f\u0131la\u015fmas\u0131 de\u011fil.<br>Bu; bir \u015fehrin k\u00fcllerinden yeniden do\u011fu\u015funun, yeniden aya\u011fa kalk\u0131\u015f\u0131n\u0131n ve yeniden \u201cnefes al\u0131yoruz\u201d deyi\u015finin hik\u00e2yesi.<br>________________________________________<br>Malatya i\u00e7in voleybol art\u0131k bir oyun de\u011fil; bir umut manifestosu.<br>T\u00fcrkiye Voleybol Federasyonu Ba\u015fkan\u0131 Mehmet Akif \u00dcst\u00fcnda\u011f, memleketine olan sevgisini her f\u0131rsatta dile getiriyor. \u0130ki b\u00fcy\u00fck felaketin ard\u0131ndan milli ma\u00e7\u0131n Malatya\u2019ya al\u0131nmas\u0131yla ilgili s\u00f6zleri y\u00fcrekleri \u0131s\u0131t\u0131yor:<br>\u201cBen hem\u015ferilerimin salonu t\u0131ka basa dolduracaklar\u0131na ve ma\u00e7a b\u00fcy\u00fck ilgi g\u00f6stereceklerine y\u00fcrekten inan\u0131yorum. Daha \u00f6nce Malatya\u2019da oynanan Slovakya milli ma\u00e7\u0131n\u0131n yan\u0131 s\u0131ra T\u00fcrkiye Kupas\u0131 final ma\u00e7lar\u0131na olan ilgi, bir Malatyal\u0131 olarak beni mutlu etmi\u015fti. Bunlar gurur verici. Ama as\u0131l mutlulu\u011fumuz, voleybolun Malatya\u2019da bir yeniden do\u011fu\u015fun simgesi olmas\u0131.\u201d<br>\u201cFilenin Sultanlar\u0131\u201dn\u0131n \u00fclke genelinde yaratt\u0131\u011f\u0131 r\u00fczg\u00e2r, Malatya\u2019da \u201cFilenin Prensesleri\u201d slogan\u0131yla dalga dalga b\u00fcy\u00fcyor. Malatya Gen\u00e7lik ve Spor Kul\u00fcb\u00fc\u2019n\u00fcn \u00e7abalar\u0131, bu r\u00fczg\u00e2r\u0131 kal\u0131c\u0131 bir f\u0131rt\u0131naya d\u00f6n\u00fc\u015ft\u00fcr\u00fcyor.<br>________________________________________<br>Ve o ak\u015fam\u2026<br>Trib\u00fcnlerden y\u00fckselecek tezah\u00fcratlar, kay\u0131s\u0131 bah\u00e7elerini dolduran yaz r\u00fczg\u00e2r\u0131 gibi sokaklara dolacak.<br>Depremde sessizle\u015fen duvarlar\u0131n yerine, binlerce alk\u0131\u015fla \u00f6r\u00fclen yeni bir umut duvar\u0131 y\u00fckselecek.<br>Malatya Voleybol \u0130l Temsilcisi ve ulusal hakem Furkan Salduz\u2019un s\u00f6zleri de tam kalbe dokunuyor:<br>\u201cBu sadece bir m\u00fcsabaka de\u011fil. \u015eehrimizin sosyal ve k\u00fclt\u00fcrel anlamda da yeniden nefes alaca\u011f\u0131 bir ba\u015flang\u0131\u00e7.\u201d<br>Belki bir topun fileyi a\u015f\u0131p rakip sahaya d\u00fc\u015fmesiyle ba\u015flayan o anlar, bir \u015fehrin kalbinde bamba\u015fka anlamlar kazanacak.<br>\u00c7\u00fcnk\u00fc bazen bir top, sadece bir oyun arac\u0131 de\u011fildir\u2026<br>Bazen bir top, bir \u015fehrin k\u00fcllerinden do\u011fmas\u0131na vesile olan ilk k\u0131v\u0131lc\u0131md\u0131r.<br>________________________________________<br>13 A\u011fustos: Malatya\u2019n\u0131n s\u0131nav\u0131, Malatya\u2019n\u0131n umudu.<br>Ve o g\u00fcn bu \u015fehir yeniden hayk\u0131racak:<br>\u201cBiz buraday\u0131z. Y\u0131k\u0131lmad\u0131k. Yeniden do\u011fduk.\u201d<\/p>\n","protected":false},"excerpt":{"rendered":"<p>Abdullah Erg\u00fcn Malatya NET Gazetesi Spor Yazar\u0131 Malatya\u2026Bir zamanlar kay\u0131s\u0131 bah\u00e7elerinin kokusu sokaklara kar\u0131\u015fan, yaz ak\u015famlar\u0131nda \u00e7ocuklar\u0131n kahkahalar\u0131yla dolup ta\u015fan kadim \u015fehir\u2026Ama 6 \u015eubat&#8217;ta iki<\/p>\n","protected":false},"author":2,"featured_media":1659,"comment_status":"open","ping_status":"open","sticky":false,"template":"","format":"standard","meta":[],"categories":[1],"tags":[],"_links":{"self":[{"href":"http:\/\/www.maratonturk.com\/index.php?rest_route=\/wp\/v2\/posts\/1655"}],"collection":[{"href":"http:\/\/www.maratonturk.com\/index.php?rest_route=\/wp\/v2\/posts"}],"about":[{"href":"http:\/\/www.maratonturk.com\/index.php?rest_route=\/wp\/v2\/types\/post"}],"author":[{"embeddable":true,"href":"http:\/\/www.maratonturk.com\/index.php?rest_route=\/wp\/v2\/users\/2"}],"replies":[{"embeddable":true,"href":"http:\/\/www.maratonturk.com\/index.php?rest_route=%2Fwp%2Fv2%2Fcomments&post=1655"}],"version-history":[{"count":2,"href":"http:\/\/www.maratonturk.com\/index.php?rest_route=\/wp\/v2\/posts\/1655\/revisions"}],"predecessor-version":[{"id":1658,"href":"http:\/\/www.maratonturk.com\/index.php?rest_route=\/wp\/v2\/posts\/1655\/revisions\/1658"}],"wp:featuredmedia":[{"embeddable":true,"href":"http:\/\/www.maratonturk.com\/index.php?rest_route=\/wp\/v2\/media\/1659"}],"wp:attachment":[{"href":"http:\/\/www.maratonturk.com\/index.php?rest_route=%2Fwp%2Fv2%2Fmedia&parent=1655"}],"wp:term":[{"taxonomy":"category","embeddable":true,"href":"http:\/\/www.maratonturk.com\/index.php?rest_route=%2Fwp%2Fv2%2Fcategories&post=1655"},{"taxonomy":"post_tag","embeddable":true,"href":"http:\/\/www.maratonturk.com\/index.php?rest_route=%2Fwp%2Fv2%2Ftags&post=1655"}],"curies":[{"name":"wp","href":"https:\/\/api.w.org\/{rel}","templated":true}]}}