{"id":1641,"date":"2025-07-14T14:42:43","date_gmt":"2025-07-14T14:42:43","guid":{"rendered":"http:\/\/www.maratonturk.com\/?p=1641"},"modified":"2025-07-14T16:12:09","modified_gmt":"2025-07-14T16:12:09","slug":"acik-tesekkur","status":"publish","type":"post","link":"http:\/\/www.maratonturk.com\/?p=1641","title":{"rendered":"A\u00c7IK TE\u015eEKK\u00dcR"},"content":{"rendered":"\n<p><strong>Rag\u0131p Tekin<\/strong><\/p>\n\n\n\n<p><strong>A\u00c7IK TE\u015eEKK\u00dcR<\/strong>.<strong>.<\/strong>.\u00a0<br><strong>\u00a0<br><\/strong>Karde\u015fim, Osman Atakan Tekin, 2 Haziran 2025 g\u00fcn\u00fc vefat etti. Cenazesi\u00a0\u00dcsk\u00fcdar Do\u011fanc\u0131lar Camisinden kald\u0131r\u0131larak Karaca Ahmet Mezarl\u0131\u011f\u0131ndaki\u00a0aile kabristan\u0131nda topra\u011fa verildi. Allah rahmet eylesin.\u00a0<br>\u00a0<br>Aile efrad\u0131na ve O Ac\u0131 g\u00fcnde, bilhassa; D\u00fcnya \u015eampiyonu apoleti \u00fcst\u00fcnde\u00a0bulunan Balkan Maraton \u015fampiyonu, <strong>&#8220;Hayat Bir Maraton&#8221;<\/strong> kitab\u0131n yazar\u0131,\u00a0Ankara&#8217;dan gelerek karde\u015fimin sa\u011fl\u0131k sorunlar\u0131 ile ba\u015f\u0131ndan sonuna kadar\u00a0ilgilenen <strong>Gen\u00e7lik ve Spor Bakanl\u0131\u011f\u0131,Uluslararas\u0131 Organizasyonlar ve D\u0131\u015f<\/strong>\u00a0<br><strong>\u0130li\u015fkiler Genel M\u00fcd\u00fcrl\u00fc\u011f\u00fc-\u015eube M\u00fcd\u00fcr\u00fc Haydar Do\u011fan&#8217;a<\/strong>, ben \u0130stanbul\u00a0Atletizm Ajan\u0131 (Atletizm \u0130l Temsilcisi) oldu\u011fum s\u00fcre i\u00e7inde 400 metre\u00a0Engelli ko\u015fan ve T\u00fcrkiye \u015eampiyonu, \u015fimdi ise Atletizm Federasyonu\u00a0Ba\u015fkan\u0131 olan <strong>Dr.Ahmet Karada\u011f&#8217;a<\/strong>, benim d\u00f6nemimde 1500, 5 bin, 10bin\u00a0metre\u00a0ko\u015fan ba\u015far\u0131l\u0131 atlet, \u015fimdi Atletizm \u0130l temsilcisi <strong>\u015eevket Ustao\u011flu<\/strong>&#8216;na,1500, 5 bin ko\u015fan <strong>Necati \u00c7eteci&#8217;<\/strong>ye, Galatasaray sporcu ve antren\u00f6r\u00fc olan efsane isim <strong>Hilmi Ok<\/strong>&#8216;un ye\u011feni Beylerbeyli olanlar\u0131 bir araya getiren <strong>Halim Ok&#8217;<\/strong>a, T\u00fcrkiye Olimpiyat Komitesi eski genel sekreteri, Atletizm Vakf\u0131 Ba\u015fkan\u0131 ve orta mesafe ko\u015fucusu <strong>Ne\u015fe<\/strong>\u00a0<strong>G\u00fcndo\u011fan<\/strong>&#8216;a, \u0130stabul Gen\u00e7lik Spor B\u00f6lge m\u00fcd\u00fcrl\u00fc\u011f\u00fc Atletizm Ajanl\u0131\u011f\u0131nda\u00a0beraber \u00e7al\u0131\u015fma imkan\u0131 buldu\u011fum Galatasaray&#8217;\u0131n Konyal\u0131 atleti <strong>Ahmet<\/strong>\u00a0<strong>Keten<\/strong>&#8216;e\u00a0Kanada kurulu\u015fu olan Neta\u015f fabrikas\u0131ndaki\u00a0 ve Fenerbah\u00e7eli eski atletler\u00a0grubundaki \u00e7o\u011funun ismini bilemedi\u011fim arkada\u015flar\u0131na,\u00a0<br>\u00a0<br>Be\u015f k\u0131tada Maraton ko\u015fmas\u0131na ra\u011fmen 80 ya\u015f\u0131nda sa\u011fl\u0131k sorunlar\u0131 ile\u00a0kar\u015f\u0131la\u015fan, bu durumu \u00f6\u011frenerek evde ve Fatih Sultan Mehmet E\u011fitim\u00a0Hastanesinde olmak \u00fczere tedavi s\u00fcrecinde ilgisini ve deste\u011fini\u00a0<br>esirgemeyen eski atlet, <strong>Masterler Uzun Atlama Rekortmeni Uzman N\u00f6rolog\u00a0Dr. \u00c7i\u011fdem \u00c7emberci&#8217;<\/strong>ye. E\u015fi akademisyen <strong>Triatloncu Utku Erya\u015far<\/strong>&#8216;a&#8230;\u00a0<br>\u00a0<br>Osman Atakan Tekin&#8217;in, rahats\u0131zl\u0131\u011f\u0131n\u0131 yurt d\u0131\u015f\u0131nda iken \u00f6\u011frenen, yazd\u0131\u011f\u0131\u00a0mesajla <strong><em>&#8220;Bizim, yapmam\u0131z gereken bir \u015fey var m\u0131?<\/em><\/strong>.&#8221;diyen <strong>Eczac\u0131ba\u015f\u0131<\/strong>\u00a0<strong>Holding Y\u00f6netim Kurulu Ba\u015fkan Yard\u0131mc\u0131s\u0131 Faruk Eczac\u0131ba\u015f\u0131<\/strong>&#8216;na&#8230;\u00a0<br>\u00a0<br>Osman&#8217;\u0131n sa\u011fl\u0131k sorunlar\u0131 nedeniyle hastanede acil bak\u0131ma al\u0131nmas\u0131na\u00a0benden \u00f6nce haberleri olan, ayr\u0131ca bana da haber veren Beylerbeyli\u00a0karde\u015flerim Boks\u00f6r <strong>Cengiz ile Hasan Turan<\/strong>&#8216;a&#8230;\u00a0<br>\u00a0<br>&#8220;Duydu\u011fumuz do\u011fru mu? &#8220;diyerek, beni telefonla arayan dostumuz Bolu-Gerede&#8217;den <strong>Kara Bilal&#8217;in o\u011flu Durmu\u015f<\/strong>&#8216;a&#8230;\u00a0<br>\u00a0<br><strong><em>&#8220;Ankara&#8217;dan abim gelmi\u015f&#8221; \u00d6mer Giraygil&#8217;e..<\/em><\/strong>.\u00a0<br>\u00a0<br>T\u00fcrkiye Voleybol Federasyonu Ba\u015fkan vekili, vefakar dostum <strong>Alper Sedat<\/strong>\u00a0<strong>Aslanda\u015f<\/strong>&#8216;a&#8230;\u00a0<br>\u00a0<br>Karde\u015fim, Osman&#8217;\u0131n vefat\u0131n\u0131 \u00f6\u011frenerek <em>&#8220;Ba\u015f\u0131n\u0131z Sa\u011f Olsun&#8221;<\/em> diyerek\u00a0ac\u0131m\u0131za ortak olan t\u00fcm de\u011ferli dostlar\u0131ma&#8230;O Ac\u0131 g\u00fcn\u00fcm\u00fczde bizi yaln\u0131z\u00a0b\u0131rakmayan herkese en az\u00a0 bir <strong>TE\u015eEKK\u00dcR\u00dcM <\/strong>olacak.\u00a0<br>\u00a0<br>Osman&#8217;\u0131n vefat\u0131 nedeniyle dostlar\u0131n\u0131n yazd\u0131klar\u0131 y\u00fczlerce mesajlar\u0131\u00a0okudum ve gurur duydum. Spor camias\u0131nda b\u0131rakt\u0131\u011f\u0131 <em><strong>&#8220;Bir Ho\u015f Seda&#8221;<\/strong><\/em> her\u00a0\u015feye bedeldir bence&#8230;\u00a0<br>\u00a0<br>O g\u00fcn\u00fcn an\u0131s\u0131na g\u00f6nderdikleri \u00e7elenk ve <strong>TED <\/strong>ile <strong>\u00c7YDD&#8217;<\/strong>ne yapt\u0131klar\u0131\u00a0ba\u011f\u0131\u015flar i\u00e7in: <strong><em>\u00dcsk\u00fcdar Belediye Ba\u015fkan\u0131 Sinem Dedeta\u015f&#8217;a, T\u00fcrkiye<\/em><\/strong>\u00a0<strong><em>Atletizm Federasyonu&#8217;na, Spor \u0130stanbul Genel M\u00fcd\u00fcr\u00fc Renay Onur&#8217;a,<\/em><\/strong>\u00a0<br><strong><em>T\u00fcrkiye Atletizm Vakf\u0131 Ba\u015fkan\u0131 Ne\u015fe G\u00fcndo\u011fan&#8217;a, Fenerbah\u00e7e Spor<\/em><\/strong>\u00a0<strong><em>Kul\u00fcb\u00fc&#8217;ne, FB Spor Kul\u00fcb\u00fc Y\u00fcksek Divan Kurulu&#8217;na, FB Spor Kul\u00fcb\u00fc<\/em><\/strong>\u00a0<strong><em>Disiplin Kurulu \u00fcyesi Turgut G\u00fcr&#8217;e, Fenerbah\u00e7eli Sporcular Derne\u011fi&#8217;ne,<\/em><\/strong>\u00a0<br><strong><em>Fenerbah\u00e7e Atletizm \u015eubesi&#8217;ne, Fenerbah\u00e7e Spor Kul\u00fcb\u00fc Y\u00fcksek Divan<\/em><\/strong>\u00a0<strong><em>Kurulu \u00fcyesi Dr. Bizden Zeren Titiz&#8217;e, \u0130stanbul Masterler Atletizm Spor<\/em><\/strong>\u00a0<strong><em>Kul\u00fcb\u00fc&#8217;ne,\u00a0 Vefa K\u00fc\u00e7\u00fck Ailesi&#8217;ne,Halim Ok&#8217;a, Ayla Timu\u00e7in&#8217;e, Zeynep<\/em><\/strong>\u00a0<strong><em>\u00d6zuzun&#8217;a, Nazmi Mente\u015f&#8217;e, Turan Demirel&#8217;e, Suavi Eman Ailesi&#8217;ne, Reyhan<\/em><\/strong>\u00a0<br><strong><em>Ege&#8217;ye, Ali Kemal Duraner&#8217;e, D\u00fcndar Ak\u00e7akoca ve Ailesi&#8217;ne<\/em><\/strong> ne kadar\u00a0te\u015fekk\u00fcr etsem azd\u0131r.\u00a0<br>\u00a0<br>Bu arada; g\u00f6nl\u00fcmden ge\u00e7en ki\u015filerden birilerini de cenazede g\u00f6remedi\u011fim\u00a0i\u00e7in ayr\u0131ca \u00fcz\u00fcld\u00fcm. Belki, haberleri olmam\u0131\u015ft\u0131r diyerek kendimi teselli\u00a0ediyorum&#8230;\u00a0<br>\u00a0<br>Ben ve Osman Atakan Tekin; ya\u015fant\u0131m\u0131z\u0131n 75 senelik b\u00f6l\u00fcm\u00fcn\u00fc babas\u0131z\u00a0ge\u00e7irerek b\u00fcy\u00fcd\u00fck. Bu zaman dilimi i\u00e7inde, g\u00fczel ve h\u00fcz\u00fcnl\u00fc g\u00fcnleri\u00a0beraber ya\u015fad\u0131k. Do\u011fanc\u0131lar Camisi &#8220;Musalla Ta\u015f\u0131nda&#8217; ki &#8220;Fenerbah\u00e7e\u00a0Bayraklar\u0131 ile \u00f6rt\u00fcl\u00fc tabutu ba\u015f\u0131nda, o g\u00fcnler bir filim \u015feridi gibi\u00a0g\u00f6z\u00fcm\u00fcn \u00f6n\u00fcnden ge\u00e7iverdi. Osman ile yapaca\u011f\u0131m\u0131z daha \u00e7ok projeler\u00a0vard\u0131. MaratonT\u00fcrk gibi hepsi \u00f6ks\u00fcz kald\u0131. Ben ise\u00a0 83 ya\u015f\u0131mda hayat\u0131ma\u00a0kald\u0131\u011f\u0131m yerden devam ediyorum. Erken gittin be Osman&#8230; Daha ko\u015facak \u00e7ok\u00a0yol vard\u0131&#8230;\u00a0<\/p>\n\n\n\n<p>&nbsp;<br>T\u00fcm de\u011ferli dostlara sa\u011fl\u0131kl\u0131 uzun \u00f6m\u00fcrler dilerim. Kal\u0131n sa\u011fl\u0131cakla&#8230;<\/p>\n","protected":false},"excerpt":{"rendered":"<p>Rag\u0131p Tekin A\u00c7IK TE\u015eEKK\u00dcR&#8230;\u00a0\u00a0Karde\u015fim, Osman Atakan Tekin, 2 Haziran 2025 g\u00fcn\u00fc vefat etti. Cenazesi\u00a0\u00dcsk\u00fcdar Do\u011fanc\u0131lar Camisinden kald\u0131r\u0131larak Karaca Ahmet Mezarl\u0131\u011f\u0131ndaki\u00a0aile kabristan\u0131nda topra\u011fa verildi. Allah rahmet<\/p>\n","protected":false},"author":2,"featured_media":1642,"comment_status":"open","ping_status":"open","sticky":false,"template":"","format":"standard","meta":[],"categories":[1],"tags":[],"_links":{"self":[{"href":"http:\/\/www.maratonturk.com\/index.php?rest_route=\/wp\/v2\/posts\/1641"}],"collection":[{"href":"http:\/\/www.maratonturk.com\/index.php?rest_route=\/wp\/v2\/posts"}],"about":[{"href":"http:\/\/www.maratonturk.com\/index.php?rest_route=\/wp\/v2\/types\/post"}],"author":[{"embeddable":true,"href":"http:\/\/www.maratonturk.com\/index.php?rest_route=\/wp\/v2\/users\/2"}],"replies":[{"embeddable":true,"href":"http:\/\/www.maratonturk.com\/index.php?rest_route=%2Fwp%2Fv2%2Fcomments&post=1641"}],"version-history":[{"count":7,"href":"http:\/\/www.maratonturk.com\/index.php?rest_route=\/wp\/v2\/posts\/1641\/revisions"}],"predecessor-version":[{"id":1651,"href":"http:\/\/www.maratonturk.com\/index.php?rest_route=\/wp\/v2\/posts\/1641\/revisions\/1651"}],"wp:featuredmedia":[{"embeddable":true,"href":"http:\/\/www.maratonturk.com\/index.php?rest_route=\/wp\/v2\/media\/1642"}],"wp:attachment":[{"href":"http:\/\/www.maratonturk.com\/index.php?rest_route=%2Fwp%2Fv2%2Fmedia&parent=1641"}],"wp:term":[{"taxonomy":"category","embeddable":true,"href":"http:\/\/www.maratonturk.com\/index.php?rest_route=%2Fwp%2Fv2%2Fcategories&post=1641"},{"taxonomy":"post_tag","embeddable":true,"href":"http:\/\/www.maratonturk.com\/index.php?rest_route=%2Fwp%2Fv2%2Ftags&post=1641"}],"curies":[{"name":"wp","href":"https:\/\/api.w.org\/{rel}","templated":true}]}}