{"id":1623,"date":"2025-07-04T05:43:44","date_gmt":"2025-07-04T05:43:44","guid":{"rendered":"http:\/\/www.maratonturk.com\/?p=1623"},"modified":"2025-07-04T05:43:45","modified_gmt":"2025-07-04T05:43:45","slug":"red-bull-sporcusu-deniz-oncu-moto2-hollanda-ayaginda-mucadele-edecek","status":"publish","type":"post","link":"http:\/\/www.maratonturk.com\/?p=1623","title":{"rendered":"<strong>Red Bull Sporcusu Deniz \u00d6nc\u00fc, Moto2 Hollanda Aya\u011f\u0131nda M\u00fccadele Edecek<\/strong>"},"content":{"rendered":"\n<p><strong>Red Bull sporcusu ve Moto2&#8217;nin y\u0131ld\u0131z isimlerinden Deniz \u00d6nc\u00fc, bu hafta Moto2 D\u00fcnya \u015eampiyonas\u0131&#8217;n\u0131n Hollanda&#8217;da d\u00fczenlenen onuncu aya\u011f\u0131 Hollanda Grand Prix&#8217;sinde pistte \u00e7\u0131k\u0131yor. Deniz \u00d6nc\u00fc, \u0130spanya&#8217;da d\u00fczenlenen sekizinci aya\u011f\u0131 birinci bitirerek, tarihi bir zafer elde etmi\u015fti.<\/strong><\/p>\n\n\n\n<figure class=\"wp-block-image size-large\"><img decoding=\"async\" loading=\"lazy\" width=\"1024\" height=\"683\" src=\"http:\/\/www.maratonturk.com\/wp-content\/uploads\/2025\/07\/1751012403_Deniz_O__ncu___2-1024x683.jpg\" alt=\"\" class=\"wp-image-1624\" srcset=\"http:\/\/www.maratonturk.com\/wp-content\/uploads\/2025\/07\/1751012403_Deniz_O__ncu___2-1024x683.jpg 1024w, http:\/\/www.maratonturk.com\/wp-content\/uploads\/2025\/07\/1751012403_Deniz_O__ncu___2-300x200.jpg 300w, http:\/\/www.maratonturk.com\/wp-content\/uploads\/2025\/07\/1751012403_Deniz_O__ncu___2-768x512.jpg 768w, http:\/\/www.maratonturk.com\/wp-content\/uploads\/2025\/07\/1751012403_Deniz_O__ncu___2-1536x1024.jpg 1536w, http:\/\/www.maratonturk.com\/wp-content\/uploads\/2025\/07\/1751012403_Deniz_O__ncu___2-2048x1365.jpg 2048w, http:\/\/www.maratonturk.com\/wp-content\/uploads\/2025\/07\/1751012403_Deniz_O__ncu___2-1170x780.jpg 1170w\" sizes=\"(max-width: 1024px) 100vw, 1024px\" \/><\/figure>\n\n\n\n<p>Red Bull \u015fampiyonu Deniz \u00d6nc\u00fc, Moto2 D\u00fcnya \u015eampiyonas\u0131&#8217;nda bu sezon yar\u0131\u015ft\u0131\u011f\u0131 bu hafta sonunda Hollanda&#8217;da m\u00fccadele edecek. Deniz \u00d6nc\u00fc, Hollanda Grand Prix&#8217;sinde Red Bull KTM Ajo tak\u0131m\u0131 ad\u0131na piste \u00e7\u0131kacak.<\/p>\n\n\n\n<p>Hen\u00fcz ikinci Moto2 sezonunu ge\u00e7iren Deniz \u00d6nc\u00fc, yar\u0131\u015ft\u0131\u011f\u0131 eski deneyimle birlikte istikrar\u0131n\u0131 art\u0131r\u0131yor. \u0130spanya&#8217;da d\u00fczenlenen organizasyonun sekizinci aya\u011f\u0131n\u0131 birinci bitirerek T\u00fcrkiye&#8217;ye ilk Moto2 galibiyetini getiren Deniz, Hollanda aya\u011f\u0131nda da g\u00fc\u00e7l\u00fc bir performans g\u00f6stermeyi hedefliyor.<\/p>\n\n\n\n<p>Hollanda&#8217;n\u0131n Assen kentiyle ayn\u0131 ad\u0131 ta\u015f\u0131yan 4,5 kilometrelik pist yap\u0131lacak Moto2 D\u00fcnya \u015eampiyonas\u0131&#8217;n\u0131n onuncu aya\u011f\u0131nda Deniz, bug\u00fcn serbest antrenmanlara kat\u0131larak (28 Haziran Cumartesi g\u00fcn\u00fc) yar\u0131\u015flara kat\u0131lacak. Deniz \u00d6nc\u00fc, 29 Haziran Pazar g\u00fcn\u00fc TS\u0130 13.15&#8217;te 22 turluk ana yar\u0131\u015fta m\u00fccadele edecek.<\/p>\n","protected":false},"excerpt":{"rendered":"<p>Red Bull sporcusu ve Moto2&#8217;nin y\u0131ld\u0131z isimlerinden Deniz \u00d6nc\u00fc, bu hafta Moto2 D\u00fcnya \u015eampiyonas\u0131&#8217;n\u0131n Hollanda&#8217;da d\u00fczenlenen onuncu aya\u011f\u0131 Hollanda Grand Prix&#8217;sinde pistte \u00e7\u0131k\u0131yor. Deniz \u00d6nc\u00fc,<\/p>\n","protected":false},"author":2,"featured_media":1625,"comment_status":"open","ping_status":"open","sticky":false,"template":"","format":"standard","meta":[],"categories":[1],"tags":[],"_links":{"self":[{"href":"http:\/\/www.maratonturk.com\/index.php?rest_route=\/wp\/v2\/posts\/1623"}],"collection":[{"href":"http:\/\/www.maratonturk.com\/index.php?rest_route=\/wp\/v2\/posts"}],"about":[{"href":"http:\/\/www.maratonturk.com\/index.php?rest_route=\/wp\/v2\/types\/post"}],"author":[{"embeddable":true,"href":"http:\/\/www.maratonturk.com\/index.php?rest_route=\/wp\/v2\/users\/2"}],"replies":[{"embeddable":true,"href":"http:\/\/www.maratonturk.com\/index.php?rest_route=%2Fwp%2Fv2%2Fcomments&post=1623"}],"version-history":[{"count":1,"href":"http:\/\/www.maratonturk.com\/index.php?rest_route=\/wp\/v2\/posts\/1623\/revisions"}],"predecessor-version":[{"id":1626,"href":"http:\/\/www.maratonturk.com\/index.php?rest_route=\/wp\/v2\/posts\/1623\/revisions\/1626"}],"wp:featuredmedia":[{"embeddable":true,"href":"http:\/\/www.maratonturk.com\/index.php?rest_route=\/wp\/v2\/media\/1625"}],"wp:attachment":[{"href":"http:\/\/www.maratonturk.com\/index.php?rest_route=%2Fwp%2Fv2%2Fmedia&parent=1623"}],"wp:term":[{"taxonomy":"category","embeddable":true,"href":"http:\/\/www.maratonturk.com\/index.php?rest_route=%2Fwp%2Fv2%2Fcategories&post=1623"},{"taxonomy":"post_tag","embeddable":true,"href":"http:\/\/www.maratonturk.com\/index.php?rest_route=%2Fwp%2Fv2%2Ftags&post=1623"}],"curies":[{"name":"wp","href":"https:\/\/api.w.org\/{rel}","templated":true}]}}