{"id":1583,"date":"2025-06-21T09:34:44","date_gmt":"2025-06-21T09:34:44","guid":{"rendered":"http:\/\/www.maratonturk.com\/?p=1583"},"modified":"2025-06-21T10:02:19","modified_gmt":"2025-06-21T10:02:19","slug":"cumhurbaskani-recep-tayyip-erdogan-ile-voleybol","status":"publish","type":"post","link":"http:\/\/www.maratonturk.com\/?p=1583","title":{"rendered":"CUMHURBA\u015eKANI RECEP TAYY\u0130P ERDO\u011eAN \u0130LE VOLEYBOL&#8230;"},"content":{"rendered":"\n<p>Cumhurba\u015fkan\u0131m\u0131z Say\u0131n Recep Tayyip Erdo\u011fan, Voleybol Milletler Ligi 2. hafta ma\u00e7lar\u0131 kapsam\u0131nda \u0130stanbul&#8217;da bulunan A Milli Kad\u0131n Voleybol Tak\u0131m\u0131m\u0131z ile bir araya geldi\u011fi programda, T\u00fcrkiye Voleybol Federasyonu Ba\u015fkan\u0131 Mehmet Akif \u00dcst\u00fcnda\u011f ile de \u00f6zel bir g\u00f6r\u00fc\u015fme ger\u00e7ekle\u015ftirdi. G\u00f6r\u00fc\u015fmede TC Gen\u00e7lik ve Spor Bakan\u0131 Say\u0131n Dr. Osman A\u015fk\u0131n Bak da yer ald\u0131.<\/p>\n\n\n\n<p>Cumhurba\u015fkan\u0131m\u0131z Erdo\u011fan, k\u0131sa bir s\u00fcre \u00f6nce Uluslararas\u0131 Voleybol Federasyonu (FIVB) D\u00fcnya Voleybol Konseyi Ba\u015fkanl\u0131\u011f\u0131 g\u00f6revine se\u00e7ilen TVF Ba\u015fkan\u0131 Mehmet Akif \u00dcst\u00fcnda\u011f&#8217;\u0131 bu \u00f6nemli uluslararas\u0131 ba\u015far\u0131dan dolay\u0131 tebrik etti.<\/p>\n\n\n\n<p>T\u00fcrk\u00fcn\u00fcn voleybolu son y\u0131llarda hem sahadaki ba\u015far\u0131lar\u0131yla hem de y\u00f6netim d\u00fczeyindeki temsil g\u00fcc\u00fcyle d\u00fcnya \u00e7ap\u0131nda b\u00fcy\u00fck bir sayg\u0131nl\u0131k kazand\u0131ran Erdo\u011fan, \u00dcst\u00fcnda\u011f&#8217;\u0131n bu g\u00f6reve kazanan\u0131n T\u00fcrkiye ad\u0131na gurur verici oldu\u011funu ifade etti.<\/p>\n\n\n\n<p>FIVB tarihinde bu unvana sahip ilk T\u00fcrk spor y\u00f6neticisi olan Mehmet Akif \u00dcst\u00fcnda\u011f&#8217;\u0131n, d\u00fcnya voleybolunun \u00f6nemli rol oynayaca\u011f\u0131na inand\u0131\u011f\u0131n\u0131 dile getiren Cumhurba\u015fkan\u0131m\u0131z, T\u00fcrkiye Voleybol Federasyonu&#8217;na ve y\u00f6netimde ba\u015far\u0131lar diledi.<\/p>\n\n\n\n<figure class=\"wp-block-image size-large\"><img decoding=\"async\" loading=\"lazy\" width=\"1024\" height=\"724\" src=\"http:\/\/www.maratonturk.com\/wp-content\/uploads\/2025\/06\/Cumhurbaskanimiz-Erdogan-Ustundag_Kabul-1-1024x724.jpeg\" alt=\"\" class=\"wp-image-1584\" srcset=\"http:\/\/www.maratonturk.com\/wp-content\/uploads\/2025\/06\/Cumhurbaskanimiz-Erdogan-Ustundag_Kabul-1-1024x724.jpeg 1024w, http:\/\/www.maratonturk.com\/wp-content\/uploads\/2025\/06\/Cumhurbaskanimiz-Erdogan-Ustundag_Kabul-1-300x212.jpeg 300w, http:\/\/www.maratonturk.com\/wp-content\/uploads\/2025\/06\/Cumhurbaskanimiz-Erdogan-Ustundag_Kabul-1-768x543.jpeg 768w, http:\/\/www.maratonturk.com\/wp-content\/uploads\/2025\/06\/Cumhurbaskanimiz-Erdogan-Ustundag_Kabul-1-1170x827.jpeg 1170w, http:\/\/www.maratonturk.com\/wp-content\/uploads\/2025\/06\/Cumhurbaskanimiz-Erdogan-Ustundag_Kabul-1.jpeg 1344w\" sizes=\"(max-width: 1024px) 100vw, 1024px\" \/><\/figure>\n","protected":false},"excerpt":{"rendered":"<p>Cumhurba\u015fkan\u0131m\u0131z Say\u0131n Recep Tayyip Erdo\u011fan, Voleybol Milletler Ligi 2. hafta ma\u00e7lar\u0131 kapsam\u0131nda \u0130stanbul&#8217;da bulunan A Milli Kad\u0131n Voleybol Tak\u0131m\u0131m\u0131z ile bir araya geldi\u011fi programda, T\u00fcrkiye<\/p>\n","protected":false},"author":2,"featured_media":1585,"comment_status":"open","ping_status":"open","sticky":false,"template":"","format":"standard","meta":[],"categories":[1],"tags":[],"_links":{"self":[{"href":"http:\/\/www.maratonturk.com\/index.php?rest_route=\/wp\/v2\/posts\/1583"}],"collection":[{"href":"http:\/\/www.maratonturk.com\/index.php?rest_route=\/wp\/v2\/posts"}],"about":[{"href":"http:\/\/www.maratonturk.com\/index.php?rest_route=\/wp\/v2\/types\/post"}],"author":[{"embeddable":true,"href":"http:\/\/www.maratonturk.com\/index.php?rest_route=\/wp\/v2\/users\/2"}],"replies":[{"embeddable":true,"href":"http:\/\/www.maratonturk.com\/index.php?rest_route=%2Fwp%2Fv2%2Fcomments&post=1583"}],"version-history":[{"count":1,"href":"http:\/\/www.maratonturk.com\/index.php?rest_route=\/wp\/v2\/posts\/1583\/revisions"}],"predecessor-version":[{"id":1586,"href":"http:\/\/www.maratonturk.com\/index.php?rest_route=\/wp\/v2\/posts\/1583\/revisions\/1586"}],"wp:featuredmedia":[{"embeddable":true,"href":"http:\/\/www.maratonturk.com\/index.php?rest_route=\/wp\/v2\/media\/1585"}],"wp:attachment":[{"href":"http:\/\/www.maratonturk.com\/index.php?rest_route=%2Fwp%2Fv2%2Fmedia&parent=1583"}],"wp:term":[{"taxonomy":"category","embeddable":true,"href":"http:\/\/www.maratonturk.com\/index.php?rest_route=%2Fwp%2Fv2%2Fcategories&post=1583"},{"taxonomy":"post_tag","embeddable":true,"href":"http:\/\/www.maratonturk.com\/index.php?rest_route=%2Fwp%2Fv2%2Ftags&post=1583"}],"curies":[{"name":"wp","href":"https:\/\/api.w.org\/{rel}","templated":true}]}}