{"id":1565,"date":"2025-06-16T11:59:13","date_gmt":"2025-06-16T11:59:13","guid":{"rendered":"http:\/\/www.maratonturk.com\/?p=1565"},"modified":"2025-06-16T11:59:13","modified_gmt":"2025-06-16T11:59:13","slug":"deniz-kizi-kadin-yelken-kupasi-10-yilinda","status":"publish","type":"post","link":"http:\/\/www.maratonturk.com\/?p=1565","title":{"rendered":"DEN\u0130Z KIZI KADIN YELKEN KUPASI 10. YILINDA"},"content":{"rendered":"\n<figure class=\"wp-block-image\"><img decoding=\"async\" src=\"http:\/\/news.sportopia.com.tr\/wp-content\/uploads\/2025\/06\/1750067189_DENIZ_KIZI_FOTO__1_-1024x804.jpg\" alt=\"\" class=\"wp-image-59\"\/><\/figure>\n\n\n\n<p><strong>Bug\u00fcne kadar yakla\u015f\u0131k 1.000 ki\u015finin yelkenle bulu\u015ftu\u011fu Deniz K\u0131z\u0131 Kad\u0131n Yelken Kupas\u0131 18 Ekim\u2019de 10. kez ger\u00e7ekle\u015fecek. Kurumsal, bireysel ve \u00fcniversite kad\u0131n yelken tak\u0131mlar\u0131n\u0131n yar\u0131\u015faca\u011f\u0131 Kupa ile kad\u0131nlar\u0131n yelken sporundaki ba\u015far\u0131s\u0131 bir kez daha g\u00f6zlere serilirken her sene oldu\u011fu gibi \u201c\u0130yili\u011fe Yelken\u201d a\u00e7\u0131l\u0131yor.<\/strong><\/p>\n\n\n\n<p>T\u00fcrkiye\u2019nin ilk ve tek kad\u0131n yat yelken yar\u0131\u015f\u0131 olan Deniz K\u0131z\u0131 Kad\u0131n Yelken Kupas\u0131, 10 y\u0131ld\u0131r&nbsp;kad\u0131nlar\u0131n yelken sporuna olan ilgisini art\u0131rma, tak\u0131m olu\u015fturma, odaklanma, hedefe ula\u015fma, zor ko\u015fullarla m\u00fccadele etme ve do\u011fa ile b\u00fct\u00fcnle\u015fme yetene\u011fi geli\u015ftirme, kad\u0131n yar\u0131\u015f\u0131 ve sosyal sorumluluk bilincini yans\u0131tma misyonu ile d\u00fczenleniyor. Bu m\u00fccadele s\u00fcrecinde Deniz K\u0131z\u0131 Kad\u0131n Yelken Kupas\u0131\u2019na kurumsal, bireysel ve \u00fcniversite kad\u0131n yelken tak\u0131mlar\u0131 ile uluslararas\u0131 kad\u0131n yelken tak\u0131mlar\u0131 da kat\u0131labiliyor.<\/p>\n\n\n<div class=\"wp-block-image\">\n<figure class=\"alignleft is-resized\"><img decoding=\"async\" loading=\"lazy\" src=\"http:\/\/news.sportopia.com.tr\/wp-content\/uploads\/2025\/06\/1750067180_DEN__Z_KIZI_LOGO_RENKL__-1024x425.png\" alt=\"\" class=\"wp-image-60\" width=\"409\" height=\"170\"\/><\/figure><\/div>\n\n\n<p>Bug\u00fcne kadar 49 kurumsal, 16 bireysel ve 7 \u00fcniversiteli kad\u0131n yelken tak\u0131m\u0131n\u0131n kat\u0131ld\u0131\u011f\u0131 Kupa bu y\u0131l&nbsp;<strong>18 Ekim Cumartesi<\/strong>&nbsp;g\u00fcn\u00fc Kalam\u0131\u015f \u2013 Adalar parkurunda ger\u00e7ekle\u015fecek. Deniz operasyonu BAU Uluslararas\u0131 Yelken Kul\u00fcb\u00fc (BAUISC)<strong>&nbsp;<\/strong>taraf\u0131ndan y\u00fcr\u00fct\u00fclecek Kupa\u2019ya en az 16 saat s\u00fcren temel yelken e\u011fitimi s\u0131ras\u0131nda kad\u0131n yelken tak\u0131mlar\u0131 kat\u0131labilecek.<\/p>\n\n\n\n<p>Kurumsal dayan\u0131\u015fmay\u0131, bireysel cesareti ve gen\u00e7li\u011fin enerjisini bir araya getiren kupa,&nbsp;<strong>10 y\u0131lda yakla\u015f\u0131k 1.000 kad\u0131n yelkenciyi denizle bulu\u015fturan<\/strong>&nbsp;Deniz K\u0131z\u0131 Kad\u0131n Yelken Kupas\u0131, sosyal sorumluluk boyutu ile \u00f6ne \u00e7\u0131k\u0131yor. Kupa; ilk kez ger\u00e7ekle\u015ftirildi\u011fi 2016 y\u0131l\u0131ndan bu yana her y\u0131l \u201c&nbsp;<strong>\u0130yili\u011fe Yelken A\u00e7\u0131yoruz<\/strong>&nbsp;\u201d mottosuyla kad\u0131n veya \u00e7ocuk odakl\u0131 \u00e7al\u0131\u015fmalar ger\u00e7ekle\u015ftiren sayg\u0131n bir sivil topluma ev sahipli\u011fi yapt\u0131. Deniz K\u0131z\u0131 Kad\u0131n Yelken Kupas\u0131 10. senesinde T\u00fcrkiye\u2019nin sayg\u0131n sivil toplum olaylar\u0131na destek olmaya devam edecek.<\/p>\n\n\n\n<p>Kupaya 9 y\u0131l boyunca&nbsp;<strong>Anadolu Hayat Emeklilik, Ar\u00e7elik, Arel Denizcilik, AkpaChemicals, Akk\u00f6k Holding, Alize, Atak Akademi, Bah\u00e7e\u015fehir \u00dcniversitesi, Bo\u011fazi\u00e7i \u00dcniversitesi, Burgan Bank, Borusan Otomotiv, Borusan Holding, BSH Ev Aletleri, Do\u011fu\u015f Grubu, Do\u011fu\u015f \u00dcniversitesi, Dunapack Packaging, Edenred, Eker, ET\u0130, Fiba Faktoring, Ford Otosan, Fora Marine, Gemini, Garanti BBVA, Garanti Emeklilik, GlaxoSmithKline, Hepsiburada, \u00d6zay Hukuk, Innova, \u0130stabul Teknik \u00dcniversitesi, \u0130YK, Kad\u0131n Yelkenciler SKD, Kotex, Lipton, Logo, Make-A-Wish T\u00fcrkiye, Mare Sailing, Mercedes Benz T\u00fcrkiye, Media Markt, Mersin Rotaken Kul\u00fcb\u00fc, MSI, Nissan, Organik Kimya, Pegasus, Permolit Team Bayanlar First, Pfizer, Piri Reis \u00dcniversitesi, Polat Enerji, Ravago, Sahibinden.com, Samsun Yelken Spor Kul\u00fcb\u00fc, Shape Clup Bonetastic, \u015eenpili\u00e7 RC Girls, T\u00fcpra\u015f, T\u00fcrk Telekom ve T\u00fcrk Deniz Kuvvetleri\u2019nin<\/strong>&nbsp;yer ald\u0131\u011f\u0131 pek \u00e7ok kurum ve ekip kat\u0131ld\u0131.<\/p>\n\n\n\n<p>Kupa, ge\u00e7ti\u011fimiz y\u0131llarda Anadolu\u2019nun kad\u0131n yelkencilerinin de \u0130stanbul\u2019daki yar\u0131\u015fmalar\u0131na vesile oldu. Samsun, Van, \u0130zmir ve Mersin\u2019den kat\u0131lan kad\u0131n yelkenciler kupaya ayr\u0131 bir renk katt\u0131.<\/p>\n\n\n\n<p>10. ya\u015f\u0131n\u0131 kutlayan Kupa, bu y\u0131l da kad\u0131nlar\u0131n dayan\u0131\u015fmas\u0131yla, cesaret ve kolektif g\u00fcc\u00fcyle ayakta g\u00f6r\u00fcnmeye devam edecek. Kupaya kay\u0131t olmak i\u00e7in&nbsp;<a href=\"http:\/\/www.denizkiziyelkenkupasi.com\/\" target=\"_blank\" rel=\"noreferrer noopener\">www.denizkiziyelkenkupasi.com<\/a>&nbsp;adresini ziyaret edebilir veya 0216 418 33 34 telefondan bilgi alabilirsiniz.<\/p>\n","protected":false},"excerpt":{"rendered":"<p>Bug\u00fcne kadar yakla\u015f\u0131k 1.000 ki\u015finin yelkenle bulu\u015ftu\u011fu Deniz K\u0131z\u0131 Kad\u0131n Yelken Kupas\u0131 18 Ekim\u2019de 10. kez ger\u00e7ekle\u015fecek. Kurumsal, bireysel ve \u00fcniversite kad\u0131n yelken tak\u0131mlar\u0131n\u0131n yar\u0131\u015faca\u011f\u0131<\/p>\n","protected":false},"author":2,"featured_media":1566,"comment_status":"open","ping_status":"open","sticky":false,"template":"","format":"standard","meta":[],"categories":[1],"tags":[],"_links":{"self":[{"href":"http:\/\/www.maratonturk.com\/index.php?rest_route=\/wp\/v2\/posts\/1565"}],"collection":[{"href":"http:\/\/www.maratonturk.com\/index.php?rest_route=\/wp\/v2\/posts"}],"about":[{"href":"http:\/\/www.maratonturk.com\/index.php?rest_route=\/wp\/v2\/types\/post"}],"author":[{"embeddable":true,"href":"http:\/\/www.maratonturk.com\/index.php?rest_route=\/wp\/v2\/users\/2"}],"replies":[{"embeddable":true,"href":"http:\/\/www.maratonturk.com\/index.php?rest_route=%2Fwp%2Fv2%2Fcomments&post=1565"}],"version-history":[{"count":1,"href":"http:\/\/www.maratonturk.com\/index.php?rest_route=\/wp\/v2\/posts\/1565\/revisions"}],"predecessor-version":[{"id":1567,"href":"http:\/\/www.maratonturk.com\/index.php?rest_route=\/wp\/v2\/posts\/1565\/revisions\/1567"}],"wp:featuredmedia":[{"embeddable":true,"href":"http:\/\/www.maratonturk.com\/index.php?rest_route=\/wp\/v2\/media\/1566"}],"wp:attachment":[{"href":"http:\/\/www.maratonturk.com\/index.php?rest_route=%2Fwp%2Fv2%2Fmedia&parent=1565"}],"wp:term":[{"taxonomy":"category","embeddable":true,"href":"http:\/\/www.maratonturk.com\/index.php?rest_route=%2Fwp%2Fv2%2Fcategories&post=1565"},{"taxonomy":"post_tag","embeddable":true,"href":"http:\/\/www.maratonturk.com\/index.php?rest_route=%2Fwp%2Fv2%2Ftags&post=1565"}],"curies":[{"name":"wp","href":"https:\/\/api.w.org\/{rel}","templated":true}]}}