{"id":1547,"date":"2025-05-02T12:04:54","date_gmt":"2025-05-02T12:04:54","guid":{"rendered":"http:\/\/www.maratonturk.com\/?p=1547"},"modified":"2025-05-02T12:23:46","modified_gmt":"2025-05-02T12:23:46","slug":"cev-kadinlar-final-four-voleybol-maclari-yarin-istanbulda-basliyor-cev-womens-final-four-volleyball-matches-start-in-istanbul-tomorrow","status":"publish","type":"post","link":"http:\/\/www.maratonturk.com\/?p=1547","title":{"rendered":"CEV Kad\u0131nlar Final Four Voleybol Ma\u00e7lar\u0131 Yar\u0131n \u0130stanbul&#8217;da Ba\u015fl\u0131yor \/ CEV Women&#8217;s Final Four Volleyball Matches Start in Istanbul Tomorrow"},"content":{"rendered":"\n<p>Avrupa\u2019n\u0131n kul\u00fcpler d\u00fczeyindeki en \u00f6nemli organizasyonu 2025 CEV Kad\u0131nlar \u015eampiyonlar Ligi D\u00f6rtl\u00fc Finali&#8217;nin bas\u0131n toplant\u0131s\u0131 yap\u0131ld\u0131.<\/p>\n\n\n\n<p>\u0130stanbul&#8217;un ev sahipli\u011finde 3-4 May\u0131s 2025 tarihlerinde \u00dclker Spor ve Etkinlik Salonu&#8217;nda d\u00fczenlenecek organizasyonun bas\u0131n toplant\u0131s\u0131na; TVF Ba\u015fkan\u0131 Mehmet Akif \u00dcst\u00fcnda\u011f, CEV Ba\u015fkan\u0131 Roko Sikiric, organizasyonda m\u00fccadele edecek tak\u0131mlar\u0131n ba\u015fantren\u00f6rleri ve kaptanlar\u0131 kat\u0131ld\u0131.<\/p>\n\n\n\n<p>TVF Ba\u015fkan\u0131 Mehmet Akif \u00dcst\u00fcnda\u011f yapt\u0131\u011f\u0131 konu\u015fmada \u015funlar\u0131 s\u00f6yledi:<\/p>\n\n\n\n<p>&#8220;\u00dclkemizin ev sahipli\u011finde d\u00fczenlenecek Avrupa&#8217;n\u0131n kul\u00fcpler d\u00fczeyindeki en prestijli organizasyonu olan Kad\u0131nlar CEV \u015eampiyonlar Ligi D\u00f6rtl\u00fc Finali&#8217;nin bas\u0131n toplant\u0131s\u0131na hepiniz ho\u015f geldiniz. T\u00fcrkiye Voleybol Federasyonu olarak bu D\u00f6rtl\u00fc Finali&#8217;nin \u00f6nemini \u00e7ok iyi biliyoruz ve m\u00fcmk\u00fcn olan en iyi organizasyonu sa\u011flamak i\u00e7in \u00e7ok \u00e7al\u0131\u015ft\u0131k. Bu etkinli\u011fe \u0130stanbul&#8217;da ev sahipli\u011fi yapmaktan gurur duyuyoruz ve bir T\u00fcrk tak\u0131m\u0131n\u0131n kat\u0131lmas\u0131ndan da ayn\u0131 derecede gurur duyuyoruz. Umar\u0131m kat\u0131lan t\u00fcm tak\u0131mlar, sporcular, antren\u00f6rler ve taraftarlar, bu organizasyonun sonuna kadar keyif al\u0131r. Bug\u00fcn T\u00fcrk voleybolunun neler yapt\u0131\u011f\u0131n\u0131, nereye geldi\u011fini hep birlikte g\u00f6r\u00fcyoruz. Bu sadece kul\u00fcp ve milli tak\u0131mlar\u0131m\u0131z\u0131n elde etti\u011fi ba\u015far\u0131larla de\u011fil kurumsall\u0131k, ekonomi, altyap\u0131s\u0131yla, her \u015feyiyle m\u00fckemmel bir \u00fclkeden bahsediyoruz. Umar\u0131m bundan \u00f6nceki organizasyonlarda da ispatlad\u0131\u011f\u0131m\u0131z gibi iyi bir ev sahipli\u011fi yapar\u0131z. Bize bu g\u00fczel organizasyonlar\u0131n yap\u0131lmas\u0131nda her daim deste\u011fini veren Cumhurba\u015fkan\u0131m\u0131z Say\u0131n Recep Tayyip Erdo\u011fan&#8217;a ve Gen\u00e7lik ve Spor Bakan\u0131 Dr. Osman A\u015fk\u0131n Bak&#8217;a te\u015fekk\u00fcr ediyorum. Bir te\u015fekk\u00fcr\u00fc de sizleriniz huzurunuzda Fenerbah\u00e7e Spor Kul\u00fcb\u00fc Ba\u015fkan\u0131 Ali Ko\u00e7&#8217;a etmek istiyorum. Bizlere salon ve ev sahipli\u011fi konusunda destek verdi\u011fi i\u00e7in te\u015fekk\u00fcr ediyorum. D\u00f6rtl\u00fc Final&#8217;de \u00fclkemizi temsil edecek Vak\u0131fBank&#8217;a \u015fimdiden ba\u015far\u0131lar diliyorum.&#8221;<\/p>\n\n\n\n<p>CEV Ba\u015fkan\u0131 Roko Sikiric ise; &#8220;T\u00fcrkiye Voleybol Federasyonu&#8217;na en i\u00e7ten \u015f\u00fckranlar\u0131m\u0131 sunuyorum. Birlikte, bu etkinli\u011fin bug\u00fcne kadar d\u00fczenledi\u011fimiz en iyi Final Four olmas\u0131n\u0131 ve yeni bir standart olu\u015fturmas\u0131n\u0131 sa\u011flamak i\u00e7in elimizden gelen \u00e7abay\u0131 g\u00f6steriyoruz. T\u00fcrkiye Voleybol Federasyonu Ba\u015fkan\u0131 Mehmet Akif \u00dcst\u00fcnda\u011f da bizi bu g\u00fczel \u015fehirde a\u011f\u0131rlad\u0131\u011f\u0131 i\u00e7in te\u015fekk\u00fcr ediyorum. Ayr\u0131ca bu sezon kat\u0131lan t\u00fcm kul\u00fcplere ve tak\u0131mlar\u0131n\u0131n ba\u015far\u0131l\u0131 olmas\u0131 i\u00e7in ellerinden geleni yapan antren\u00f6rlere de te\u015fekk\u00fcr etmek istiyorum. Hepsinden \u00f6nemlisi, sporumuzun ger\u00e7ek y\u0131ld\u0131zlar\u0131 olan sporcular\u0131 onurland\u0131rmak istiyorum. Sizi ve ba\u015far\u0131lar\u0131n\u0131z\u0131 kutlamak i\u00e7in buraday\u0131z. Sizin yerinizde bulunmu\u015f biri olarak, voleybolu y\u00fcceltmek i\u00e7in yapt\u0131\u011f\u0131n\u0131z fedakarl\u0131klar\u0131 anl\u0131yorum&#8221; dedi.<\/p>\n\n\n\n<p>Vak\u0131fBank Ba\u015fantren\u00f6r\u00fc Giovanni Guidetti, &#8220;Tak\u0131m\u0131m\u0131 tebrik etmek istiyorum. Sezon ba\u015f\u0131nda kimse Vak\u0131fBank&#8217;\u0131n buraya gelebilece\u011fini d\u00fc\u015f\u00fcnm\u00fcyordu. S\u0131k\u0131 \u00e7al\u0131\u015fmalar\u0131 ve performanslar\u0131 sayesinde, b\u00f6yle harika bir gruba ko\u00e7luk yapt\u0131\u011f\u0131m i\u00e7in \u015fansl\u0131y\u0131m. T\u00fcrkiye&#8217;yi \u0130stanbul&#8217;da temsil etmekten gurur duyuyoruz&#8221; dedi.<\/p>\n\n\n\n<p>Vak\u0131fBank Kaptan\u0131 Zehra G\u00fcne\u015f de &#8220;Yo\u011fun bir sezon ge\u00e7irdik. Kupay\u0131 evimize g\u00f6t\u00fcrmek istiyoruz. Sezonun en \u00f6nemli k\u0131sm\u0131na geldik. Yar\u0131n \u00e7ok \u00f6nemli bir ma\u00e7a \u00e7\u0131kaca\u011f\u0131z. Eminim ki sahada g\u00fc\u00e7l\u00fc olan taraf kazanacak.&#8221;<\/p>\n\n\n\n<p>Numia Vero Volley Milano Kaptan\u0131 Alessia Orro; &#8220;Bu sezon Conegliano&#8217;ya kar\u015f\u0131 bir\u00e7ok kez oynad\u0131k. D\u00fcnyan\u0131n en iyilerinden biri olan tak\u0131mlar\u0131n\u0131 tan\u0131yoruz ve g\u00fc\u00e7l\u00fc bir ma\u00e7 \u00e7\u0131kararak izleyen herkese harika bir g\u00f6steri sunmay\u0131 umuyoruz&#8221; \u015feklinde konu\u015ftu.<\/p>\n\n\n\n<p>A.Carraro Imoco Conegliano Kaptan\u0131 Joanna Wolosz ise &#8220;Burada olmak, Final Four format\u0131na geri d\u00f6nmek \u00e7ok g\u00fczel. Uzun bir sezon oldu. \u00c7ok \u015fey kazand\u0131k ama bizi ayaklar\u0131m\u0131z\u0131n \u00fczerinde tutan ve odaklanmam\u0131z\u0131 sa\u011flayan harika bir ko\u00e7umuz var. Bu uzun bir yolculu\u011fun son haftas\u0131 ve kolay olmayaca\u011f\u0131n\u0131 bilsek de iyi bir \u015fekilde bitirmeyi umuyoruz.&#8221; ifadelerini kulland\u0131.<\/p>\n\n\n\n<p>Savino Del Bene Scandicci Ba\u015fantren\u00f6r\u00fc Marco Gaspari de &#8220;Bu etkinlik kul\u00fcp i\u00e7in inan\u0131lmaz bir \u015fey. Bu bizim ilk Final Four&#8217;umuz. Kar\u015f\u0131m\u0131zda 2011&#8217;den bu yana \u015fampiyonlu\u011fu alt\u0131 kez kazanm\u0131\u015f bir tak\u0131m var, bu y\u00fczden \u00e7ok \u00f6zel bir ma\u00e7 olacak&#8221; dedi.<\/p>\n\n\n\n<p>2025 CEV Kad\u0131nlar \u015eampiyonlar Ligi D\u00f6rtl\u00fc Finali&#8217;nde \u00fclkemizi Vak\u0131fBank temsil edecek. Organizasyonda temsilcimizin yan\u0131 s\u0131ra \u0130talya&#8217;dan A.Carraro Imoco Conegliano, Numia Vero Volley Milano ve Savino Del Bene Scandicci tak\u0131mlar\u0131 m\u00fccadele edecek.<\/p>\n\n\n\n<p>2025 CEV Kad\u0131nlar \u015eampiyonlar Ligi D\u00f6rtl\u00fc Finali&#8217;nin ma\u00e7 program\u0131 \u015fu \u015fekilde:<\/p>\n\n\n\n<p>3 May\u0131s Cumartesi<\/p>\n\n\n\n<p>16.00 Numia Vero Volley Milano &#8211; A.Carraro Imoco Conegliano (Tivibu Spor)<\/p>\n\n\n\n<p>19.00 Vak\u0131fBank &#8211; Savino Del Bene Scandicci (Tivibu Spor)<\/p>\n\n\n\n<p>4 May\u0131s Pazar<\/p>\n\n\n\n<p>16.00 \u00dc\u00e7\u00fcnc\u00fcl\u00fck Ma\u00e7\u0131<\/p>\n\n\n\n<p>19.00 Final Ma\u00e7\u0131<\/p>\n\n\n\n<p>&#8230;&#8230;&#8230;&#8230;&#8230;&#8230;&#8230;&#8230;&#8230;&#8230;&#8230;&#8230;&#8230;&#8230;&#8230;&#8230;&#8230;&#8230;&#8230;&#8230;&#8230;&#8230;&#8230;&#8230;&#8230;&#8230;&#8230;&#8230;&#8230;&#8230;&#8230;&#8230;&#8230;&#8230;&#8230;&#8230;&#8230;&#8230;&#8230;&#8230;&#8230;&#8230;&#8230;&#8230;&#8230;&#8230;&#8230;<\/p>\n\n\n\n<p><strong>CEV President Roko Sikiri\u0107: \u201cWe want to ensure that this Final Four is setting a new standard\u201d<\/strong><\/p>\n\n\n\n<p>The stage is set for one of the most highly anticipated events on the European volleyball calendar, as Istanbul prepares to host the CEV Champions League Women Final Four, with four fantastic matches scheduled for Saturday and Sunday at the \u00dclker Sports Arena.<\/p>\n\n\n\n<p>With the continent\u2019s top clubs converging to fight for the coveted title and anticipation building ahead of the most prestigious weekend in Europe\u2019s premier competition, the Final Four officially got underway with a high-profile opening press conference in Istanbul.<\/p>\n\n\n\n<p>Attending were Mr. Roko Sikiri\u0107, President of the CEV, Mr. Mehmet Akif \u00dcst\u00fcnda\u011f, President of the Turkish Volleyball Federation, as well as the coaches and captains of all four participating teams \u2013 A. Carraro Imoco Conegliano, Allianz Vero Volley Milano, VakifBank Istanbul, and Savino Del Bene Scandicci.<\/p>\n\n\n\n<p>\u201cIn the name of the European Volleyball Confederation, I would like to express my gratitude for the support provided throughout this season. With over 120 countries broadcasting this event, it is a testament to the importance of the CEV Champions League Women \u2013 the best competition in the world,\u201d said CEV President Mr. Roko Sikiri\u0107.<\/p>\n\n\n\n<p>\u201cI would like to express my sincere gratitude to the Turkish Volleyball Federation. Together, we are putting in our best efforts to ensure that this event is the best Final Four we have ever organized, setting a new standard. I would also like to thank the President of the Turkish Volleyball Federation for hosting us in this beautiful city,\u201d he added.<\/p>\n\n\n\n<p>Interest in this edition of the Final Four has been unprecedented, with a record-breaking number of more than 230 media applications submitted. The four teams are now ready to battle it out in front of a packed arena in Istanbul, with millions more watching around the globe.<\/p>\n\n\n\n<p>\u201cI also want to thank all the clubs who participated this season, and the coaches who gave their best to help their teams succeed. Above all, I want to honour the athletes \u2013 the real stars of our sport. We are here to celebrate you and your achievements. As someone who has been in your shoes, I understand the sacrifices you make to elevate volleyball,\u201d Mr. Sikiri\u0107 concluded.<\/p>\n\n\n\n<p>The floor was then passed to Mr. Mehmet Akif \u00dcst\u00fcnda\u011f, President of the Turkish Volleyball Federation (TVF), who underlined the federation\u2019s commitment:<\/p>\n\n\n\n<p>\u201cI would like to extend a warm welcome to everyone present here \u2013 from the CEV, to the teams, and to the members of the press covering this event. At the Turkish Volleyball Federation, we fully understand the importance of this Final Four and have worked hard to ensure the best possible organization. I also want to thank Fenerbah\u00e7e Sports Club for providing the \u00dclker Sports Arena,\u201d said Mr. \u00dcst\u00fcnda\u011f.<br>He continued:<\/p>\n\n\n\n<p>\u201cWe are proud to host this event here in Istanbul, and equally proud to have a Turkish team participating. I hope that everyone involved \u2013 the teams, athletes, coaches, and fans \u2013 enjoys this event to the fullest.\u201d<\/p>\n\n\n\n<p><a href=\"https:\/\/championsleague.cev.eu\/en\/articles\/2025\/cev-president-roko-sikiric-we-want-to-ensure-that-this-final-four-is-setting-a-new-standard\/\">https:\/\/championsleague.cev.eu\/en\/articles\/2025\/cev-president-roko-sikiric-we-want-to-ensure-that-this-final-four-is-setting-a-new-standard\/<\/a><\/p>\n\n\n<div class=\"wp-block-image\">\n<figure class=\"aligncenter size-large\"><img decoding=\"async\" loading=\"lazy\" width=\"1024\" height=\"574\" src=\"http:\/\/www.maratonturk.com\/wp-content\/uploads\/2025\/05\/image-1024x574.png\" alt=\"\" class=\"wp-image-1548\" srcset=\"http:\/\/www.maratonturk.com\/wp-content\/uploads\/2025\/05\/image-1024x574.png 1024w, http:\/\/www.maratonturk.com\/wp-content\/uploads\/2025\/05\/image-300x168.png 300w, http:\/\/www.maratonturk.com\/wp-content\/uploads\/2025\/05\/image-768x431.png 768w, http:\/\/www.maratonturk.com\/wp-content\/uploads\/2025\/05\/image.png 1066w\" sizes=\"(max-width: 1024px) 100vw, 1024px\" \/><\/figure><\/div>","protected":false},"excerpt":{"rendered":"<p>Avrupa\u2019n\u0131n kul\u00fcpler d\u00fczeyindeki en \u00f6nemli organizasyonu 2025 CEV Kad\u0131nlar \u015eampiyonlar Ligi D\u00f6rtl\u00fc Finali&#8217;nin bas\u0131n toplant\u0131s\u0131 yap\u0131ld\u0131. \u0130stanbul&#8217;un ev sahipli\u011finde 3-4 May\u0131s 2025 tarihlerinde \u00dclker Spor<\/p>\n","protected":false},"author":1,"featured_media":1548,"comment_status":"open","ping_status":"open","sticky":false,"template":"","format":"standard","meta":[],"categories":[2],"tags":[],"_links":{"self":[{"href":"http:\/\/www.maratonturk.com\/index.php?rest_route=\/wp\/v2\/posts\/1547"}],"collection":[{"href":"http:\/\/www.maratonturk.com\/index.php?rest_route=\/wp\/v2\/posts"}],"about":[{"href":"http:\/\/www.maratonturk.com\/index.php?rest_route=\/wp\/v2\/types\/post"}],"author":[{"embeddable":true,"href":"http:\/\/www.maratonturk.com\/index.php?rest_route=\/wp\/v2\/users\/1"}],"replies":[{"embeddable":true,"href":"http:\/\/www.maratonturk.com\/index.php?rest_route=%2Fwp%2Fv2%2Fcomments&post=1547"}],"version-history":[{"count":2,"href":"http:\/\/www.maratonturk.com\/index.php?rest_route=\/wp\/v2\/posts\/1547\/revisions"}],"predecessor-version":[{"id":1551,"href":"http:\/\/www.maratonturk.com\/index.php?rest_route=\/wp\/v2\/posts\/1547\/revisions\/1551"}],"wp:featuredmedia":[{"embeddable":true,"href":"http:\/\/www.maratonturk.com\/index.php?rest_route=\/wp\/v2\/media\/1548"}],"wp:attachment":[{"href":"http:\/\/www.maratonturk.com\/index.php?rest_route=%2Fwp%2Fv2%2Fmedia&parent=1547"}],"wp:term":[{"taxonomy":"category","embeddable":true,"href":"http:\/\/www.maratonturk.com\/index.php?rest_route=%2Fwp%2Fv2%2Fcategories&post=1547"},{"taxonomy":"post_tag","embeddable":true,"href":"http:\/\/www.maratonturk.com\/index.php?rest_route=%2Fwp%2Fv2%2Ftags&post=1547"}],"curies":[{"name":"wp","href":"https:\/\/api.w.org\/{rel}","templated":true}]}}