{"id":1538,"date":"2025-04-28T13:12:29","date_gmt":"2025-04-28T13:12:29","guid":{"rendered":"http:\/\/www.maratonturk.com\/?p=1538"},"modified":"2025-04-28T21:31:02","modified_gmt":"2025-04-28T21:31:02","slug":"uluslararasi-voleybol-hakemi-caner-cildirden-mesaj-var","status":"publish","type":"post","link":"http:\/\/www.maratonturk.com\/?p=1538","title":{"rendered":"Uluslararas\u0131 Voleybol Hakemi Caner \u00c7\u0130LD\u0130R&#8217;den Mesaj Var . . ."},"content":{"rendered":"<div class=\"wp-block-image\">\n<figure class=\"aligncenter size-full is-resized\"><img decoding=\"async\" loading=\"lazy\" src=\"http:\/\/www.maratonturk.com\/wp-content\/uploads\/2025\/04\/image-22.png\" alt=\"\" class=\"wp-image-1543\" width=\"581\" height=\"382\"\/><\/figure><\/div>\n\n\n<p class=\"has-text-align-left\">De\u011ferli Rag\u0131p Tekin Hocam,<\/p>\n\n\n\n<p class=\"has-text-align-left\">2024-2025 sezonu Vodafone Sultanlar Ligi \u00f6d\u00fcl t\u00f6reninde, voleybol camias\u0131n\u0131n haf\u0131zas\u0131nda \u00f6zel bir yeri olan merhum Metin G\u00f6rg\u00fcn\u2019\u00fcn an\u0131s\u0131na verilen Bas\u0131n ve \u0130leti\u015fim \u00d6d\u00fcl\u00fc\u2019ne lay\u0131k g\u00f6r\u00fclmenizi b\u00fcy\u00fck bir mutluluk ve gururla \u00f6\u011frendim.<\/p>\n\n\n\n<p class=\"has-text-align-left\">T\u00fcrk voleyboluna adanm\u0131\u015f hayat\u0131n\u0131z\u0131n, bu camiaya olan katk\u0131lar\u0131n\u0131z\u0131n bu anlaml\u0131 \u00f6d\u00fclle ta\u00e7land\u0131r\u0131lmas\u0131, sizin gibi mesle\u011fine g\u00f6n\u00fclden ba\u011fl\u0131 bir isme yak\u0131\u015f\u0131r bir takdir olmu\u015f.<\/p>\n\n\n\n<p class=\"has-text-align-left\">Bu \u00f6zel \u00f6d\u00fcl vesilesiyle sizi en i\u00e7ten dileklerimle kutlar\u0131m.<\/p>\n\n\n\n<p class=\"has-text-align-left\">2023 y\u0131l\u0131nda Maratont\u00fcrk dergisinde gelecek vaad eden hakem kategorisinde bana da yer vermi\u015ftiniz&nbsp;<img decoding=\"async\" alt=\"\ud83d\ude4f\ud83c\udffb\" src=\"https:\/\/fonts.gstatic.com\/s\/e\/notoemoji\/16.0\/1f64f_1f3fb\/72.png\"><\/p>\n\n\n\n<p class=\"has-text-align-left\">Sayg\u0131 ve sevgilerimle,<\/p>\n\n\n\n<p class=\"has-text-align-left\">Caner \u00c7\u0130LD\u0130R<\/p>\n\n\n\n<p class=\"has-text-align-left\">Uluslararas\u0131 Voleybol Hakemi<\/p>\n","protected":false},"excerpt":{"rendered":"<p>De\u011ferli Rag\u0131p Tekin Hocam, 2024-2025 sezonu Vodafone Sultanlar Ligi \u00f6d\u00fcl t\u00f6reninde, voleybol camias\u0131n\u0131n haf\u0131zas\u0131nda \u00f6zel bir yeri olan merhum Metin G\u00f6rg\u00fcn\u2019\u00fcn an\u0131s\u0131na verilen Bas\u0131n ve<\/p>\n","protected":false},"author":1,"featured_media":1543,"comment_status":"open","ping_status":"open","sticky":false,"template":"","format":"standard","meta":[],"categories":[2],"tags":[],"_links":{"self":[{"href":"http:\/\/www.maratonturk.com\/index.php?rest_route=\/wp\/v2\/posts\/1538"}],"collection":[{"href":"http:\/\/www.maratonturk.com\/index.php?rest_route=\/wp\/v2\/posts"}],"about":[{"href":"http:\/\/www.maratonturk.com\/index.php?rest_route=\/wp\/v2\/types\/post"}],"author":[{"embeddable":true,"href":"http:\/\/www.maratonturk.com\/index.php?rest_route=\/wp\/v2\/users\/1"}],"replies":[{"embeddable":true,"href":"http:\/\/www.maratonturk.com\/index.php?rest_route=%2Fwp%2Fv2%2Fcomments&post=1538"}],"version-history":[{"count":4,"href":"http:\/\/www.maratonturk.com\/index.php?rest_route=\/wp\/v2\/posts\/1538\/revisions"}],"predecessor-version":[{"id":1546,"href":"http:\/\/www.maratonturk.com\/index.php?rest_route=\/wp\/v2\/posts\/1538\/revisions\/1546"}],"wp:featuredmedia":[{"embeddable":true,"href":"http:\/\/www.maratonturk.com\/index.php?rest_route=\/wp\/v2\/media\/1543"}],"wp:attachment":[{"href":"http:\/\/www.maratonturk.com\/index.php?rest_route=%2Fwp%2Fv2%2Fmedia&parent=1538"}],"wp:term":[{"taxonomy":"category","embeddable":true,"href":"http:\/\/www.maratonturk.com\/index.php?rest_route=%2Fwp%2Fv2%2Fcategories&post=1538"},{"taxonomy":"post_tag","embeddable":true,"href":"http:\/\/www.maratonturk.com\/index.php?rest_route=%2Fwp%2Fv2%2Ftags&post=1538"}],"curies":[{"name":"wp","href":"https:\/\/api.w.org\/{rel}","templated":true}]}}