{"id":1491,"date":"2025-04-26T13:24:30","date_gmt":"2025-04-26T13:24:30","guid":{"rendered":"http:\/\/www.maratonturk.com\/?p=1491"},"modified":"2025-04-26T14:28:38","modified_gmt":"2025-04-26T14:28:38","slug":"ragip-tekin-basin-odulu","status":"publish","type":"post","link":"http:\/\/www.maratonturk.com\/?p=1491","title":{"rendered":"RAGIP TEK\u0130N \/ BASIN \u00d6D\u00dcL\u00dc"},"content":{"rendered":"\n<p><strong>BASIN-\u0130LET\u0130\u015e\u0130M \u00d6D\u00dcL\u00dc RAGIP TEK\u0130N&#8217;\u0130N &#8230;<\/strong><\/p>\n\n\n\n<p>2024-2025 Voleybol Sezonu Sportsnet Group Y\u00f6netim Kurulu karar\u0131 sonras\u0131,\u00a0T\u00fcrk voleyboluna ve voleybol ileti\u015fimine b\u00fcy\u00fck katk\u0131 sa\u011flam\u0131\u015f\u00a0ve 2022 y\u0131l\u0131nda kaybetti\u011fimiz merhum Metin G\u00f6rg\u00fcn an\u0131s\u0131na ilk kez<br>verilen 2024-2025 Sezonu &#8220;Bas\u0131n ve \u0130leti\u015fim&#8221; \u00f6d\u00fcl\u00fc MaratonT\u00fcrk Spor Sitesi Edit\u00f6r\u00fc, &#8220;Bir Bilen&#8221; voleybol yazar\u0131 Rag\u0131p TEK\u0130N&#8217;e verildi.<\/p>\n\n\n\n<p>Rag\u0131p TEK\u0130N&#8217;e \u00f6d\u00fcl\u00fcn\u00fc Sportsnet Group Y\u00f6netim Kurulu Ba\u015fkan yard\u0131mc\u0131s\u0131 Arzu SAVA\u015e verdi.<\/p>\n\n\n\n<figure class=\"wp-block-image size-large\"><img decoding=\"async\" loading=\"lazy\" width=\"1024\" height=\"541\" src=\"http:\/\/www.maratonturk.com\/wp-content\/uploads\/2025\/04\/image-16-1024x541.png\" alt=\"\" class=\"wp-image-1492\" srcset=\"http:\/\/www.maratonturk.com\/wp-content\/uploads\/2025\/04\/image-16-1024x541.png 1024w, http:\/\/www.maratonturk.com\/wp-content\/uploads\/2025\/04\/image-16-300x159.png 300w, http:\/\/www.maratonturk.com\/wp-content\/uploads\/2025\/04\/image-16-768x406.png 768w, http:\/\/www.maratonturk.com\/wp-content\/uploads\/2025\/04\/image-16-1536x812.png 1536w, http:\/\/www.maratonturk.com\/wp-content\/uploads\/2025\/04\/image-16-1170x619.png 1170w, http:\/\/www.maratonturk.com\/wp-content\/uploads\/2025\/04\/image-16.png 1719w\" sizes=\"(max-width: 1024px) 100vw, 1024px\" \/><figcaption class=\"wp-element-caption\">R<strong>ag\u0131p TEK\u0130N ve Sportsnet Group Y\u00f6netim Kurulu Ba\u015fkan yard\u0131mc\u0131s\u0131 Arzu SAVA\u015e<\/strong><\/figcaption><\/figure>\n\n\n\n<p>RAGIP TEK\u0130N \u00a0 \u00a0 \u00a0 \u00a0 \u00a0 \u00a0 \u00a0 \u00a0 \u00a0 \u00a0 \u00a0 \u00a0 \u00a0 \u00a0 \u00a0 T E \u015e E K K \u00dc R :<\/p>\n\n\n\n<p>Sportsnet Group Y\u00f6netim Kurulu Ba\u015fkan\u0131 ve T\u00fcrkiye Olimpiyat Komitesi Ba\u015fkan\u0131 Ahmet G\u00dcL\u00dcM&#8217;e, Sportsnet Group Ba\u015fkan Yard\u0131mc\u0131s\u0131 Arzu SAVA\u015e&#8217;a, Sportsnet Group Y\u00f6netim Kurulu \u00fcyelerine,<\/p>\n\n\n\n<p>T\u00fcrkiye Voleybol Federasyonu Ba\u015fkan\u0131 Mehmet Akif \u00dcST\u00dcNDA\u011e&#8217;a, TVF Ba\u015fkan vekili Alper Sedat ASLANDA\u015e&#8217;a, TVF Milli Tak\u0131mlar ve Teknik Kuruldan sorumlu Asba\u015fkan Semih OKTAY&#8217;a,\u00a0TVF Y\u00f6netim kurulu \u00fcyesi \u0130lker D\u0130N\u00c7AY&#8217;a, TVF Kurumsal \u0130leti\u015fim ve Pazarlama Direkt\u00f6r\u00fc Sezgin EREN&#8217;e, TVF Medya ve \u0130leti\u015fim Y\u00f6netmeni Murat Y\u00dcCEK\u00d6K&#8217;e, TVF Bas\u0131n \u0130leti\u015fim g\u00f6revlisi Burak GENG\u00d6N\u00dcL&#8217;e,\u00a0Burhan Felek Voleybol Salonu Amiri Co\u015fkun KADAYIF\u00c7I&#8217;ya, TVF ula\u015f\u0131m ara\u00e7 kaptanlar\u0131na,<\/p>\n\n\n\n<p>Anadolu Ajans\u0131 Spor Servisi M\u00fcd\u00fcr Yard\u0131mc\u0131s\u0131 Mehmet Fatih DUMAN&#8217;a,<\/p>\n\n\n\n<p>De\u011ferli karde\u015fim Cenk \u00dcST\u00dcNDA\u011e&#8217;a,<\/p>\n\n\n\n<p>Voleybol bran\u015f\u0131n\u0131n \u00e7ok ba\u015far\u0131l\u0131 5 hakeminden biri olarak kabul etti\u011fim &#8220;Uluslaras\u0131 Voleybol Hakemi Caner \u00c7\u0130LD\u0130R&#8217;e,<\/p>\n\n\n\n<p>Ayr\u0131ca;\u00a0 \u00d6d\u00fcl T\u00f6reni sonunda, Ankara&#8217;dan arayan TVF Uluslararas\u0131 \u0130li\u015fkiler ve Organizasyonlar Direkt\u00f6r\u00fc\u00a0 Nil\u00fcfer SH\u0130MONSKY&#8217;e, Halkbank Voleybol Tak\u0131m\u0131 Medya ve \u0130leti\u015fim Sorumlusu Hasan KULA\u00c7&#8217;a ve mesaj<br>g\u00f6nderen de\u011ferli dostlar\u0131ma da ancak bir TE\u015eEKK\u00dcR\u00dcM olacak. \u00a0 \u00a0 \u00a0 \u00a0 \u00a0 \u00a0<br><\/p>\n\n\n\n<p>NOT: Sa\u011fl\u0131k sorunlar\u0131m nedeniyle (maske) Doktorumun direktiflerine g\u00f6re hareket ediyorum.<\/p>\n","protected":false},"excerpt":{"rendered":"<p>BASIN-\u0130LET\u0130\u015e\u0130M \u00d6D\u00dcL\u00dc RAGIP TEK\u0130N&#8217;\u0130N &#8230; 2024-2025 Voleybol Sezonu Sportsnet Group Y\u00f6netim Kurulu karar\u0131 sonras\u0131,\u00a0T\u00fcrk voleyboluna ve voleybol ileti\u015fimine b\u00fcy\u00fck katk\u0131 sa\u011flam\u0131\u015f\u00a0ve 2022 y\u0131l\u0131nda kaybetti\u011fimiz merhum<\/p>\n","protected":false},"author":1,"featured_media":1492,"comment_status":"open","ping_status":"open","sticky":false,"template":"","format":"standard","meta":[],"categories":[2],"tags":[],"_links":{"self":[{"href":"http:\/\/www.maratonturk.com\/index.php?rest_route=\/wp\/v2\/posts\/1491"}],"collection":[{"href":"http:\/\/www.maratonturk.com\/index.php?rest_route=\/wp\/v2\/posts"}],"about":[{"href":"http:\/\/www.maratonturk.com\/index.php?rest_route=\/wp\/v2\/types\/post"}],"author":[{"embeddable":true,"href":"http:\/\/www.maratonturk.com\/index.php?rest_route=\/wp\/v2\/users\/1"}],"replies":[{"embeddable":true,"href":"http:\/\/www.maratonturk.com\/index.php?rest_route=%2Fwp%2Fv2%2Fcomments&post=1491"}],"version-history":[{"count":9,"href":"http:\/\/www.maratonturk.com\/index.php?rest_route=\/wp\/v2\/posts\/1491\/revisions"}],"predecessor-version":[{"id":1506,"href":"http:\/\/www.maratonturk.com\/index.php?rest_route=\/wp\/v2\/posts\/1491\/revisions\/1506"}],"wp:featuredmedia":[{"embeddable":true,"href":"http:\/\/www.maratonturk.com\/index.php?rest_route=\/wp\/v2\/media\/1492"}],"wp:attachment":[{"href":"http:\/\/www.maratonturk.com\/index.php?rest_route=%2Fwp%2Fv2%2Fmedia&parent=1491"}],"wp:term":[{"taxonomy":"category","embeddable":true,"href":"http:\/\/www.maratonturk.com\/index.php?rest_route=%2Fwp%2Fv2%2Fcategories&post=1491"},{"taxonomy":"post_tag","embeddable":true,"href":"http:\/\/www.maratonturk.com\/index.php?rest_route=%2Fwp%2Fv2%2Ftags&post=1491"}],"curies":[{"name":"wp","href":"https:\/\/api.w.org\/{rel}","templated":true}]}}