{"id":1471,"date":"2025-04-23T13:13:51","date_gmt":"2025-04-23T13:13:51","guid":{"rendered":"http:\/\/www.maratonturk.com\/?p=1471"},"modified":"2025-04-24T13:00:20","modified_gmt":"2025-04-24T13:00:20","slug":"nese-gundogan-turkiye-atletizm-vakfinin-yeni-baskani","status":"publish","type":"post","link":"http:\/\/www.maratonturk.com\/?p=1471","title":{"rendered":"Ne\u015fe G\u00fcndo\u011fan, T\u00fcrkiye Atletizm Vakf\u0131 Yeni Ba\u015fkan\u0131"},"content":{"rendered":"\n<p><\/p>\n\n\n\n<p>T\u00fcrkiye Atletizm Vakf\u0131\u2019n\u0131n \u0130stanbul Atak\u00f6y Atletizm Salonu\u2019nda 16 Nisan 2025 \u00c7ar\u015famba g\u00fcn\u00fc ger\u00e7ekle\u015fen 2024-2025 Ola\u011fan Genel Kurulu\u2019nda Ne\u015fe G\u00fcndo\u011fan Ba\u015fkanl\u0131\u011fa se\u00e7ildi.<\/p>\n\n\n\n<p>Divan Kurulu Ba\u015fkanl\u0131\u011f\u0131\u2019n\u0131 Prof. Dr. Hasan Kasap, Ba\u015fkan Yard\u0131mc\u0131l\u0131\u011f\u0131n\u0131 Turan Faruk Yara\u015f ve Katipli\u011fini Banu Tuncal\u0131\u2019n\u0131n yapt\u0131\u011f\u0131 Ola\u011fan Genel Kurul toplant\u0131s\u0131nda 2024 TAV Faaliyet Raporlar\u0131 ve Denetleme Kurulu raporlar\u0131 g\u00f6r\u00fc\u015f\u00fclerek onayland\u0131.<\/p>\n\n\n\n<figure class=\"wp-block-image size-large\"><img decoding=\"async\" loading=\"lazy\" width=\"1024\" height=\"452\" src=\"http:\/\/www.maratonturk.com\/wp-content\/uploads\/2025\/04\/image-8-1024x452.png\" alt=\"\" class=\"wp-image-1475\" srcset=\"http:\/\/www.maratonturk.com\/wp-content\/uploads\/2025\/04\/image-8-1024x452.png 1024w, http:\/\/www.maratonturk.com\/wp-content\/uploads\/2025\/04\/image-8-300x132.png 300w, http:\/\/www.maratonturk.com\/wp-content\/uploads\/2025\/04\/image-8-768x339.png 768w, http:\/\/www.maratonturk.com\/wp-content\/uploads\/2025\/04\/image-8-1170x516.png 1170w, http:\/\/www.maratonturk.com\/wp-content\/uploads\/2025\/04\/image-8.png 1192w\" sizes=\"(max-width: 1024px) 100vw, 1024px\" \/><\/figure>\n\n\n\n<p>T\u00fcrkiye Atletizm E\u011fitim ve Yard\u0131mla\u015fma Vakf\u0131\u2019n\u0131n yap\u0131lan se\u00e7im sonucunda TAV 2025 \u2013 2027 Kurullar\u0131 a\u015fa\u011f\u0131daki \u015fekilde olu\u015ftu:<\/p>\n\n\n\n<p>Ba\u015fkan: Ne\u015fe G\u00fcndo\u011fan<br>Ba\u015fkan Yard\u0131mc\u0131s\u0131: S. M\u00fcnir Yara\u015f<br>Genel Sekreter: Asl\u0131 Ergen\u00e7<br>Sayman \u00dcye: M. Murat A\u011fca<br>\u00dcyeler: M. \u0130pek \u00d6zg\u00fcden \u00d6zen, Ay\u015feg\u00fcl Baklac\u0131, C. \u0130zzet T\u00fcrkkal, Aycan Kurtcan, \u00d6mer Yavru<br>Yedek \u00dcyeler: Necati \u00c7eteci, Can Korkmazo\u011flu, Na\u011fme Y\u00fccet\u00fcrk, Esen K\u0131z\u0131lda\u011f Kale, Banu Tuncal\u0131<\/p>\n\n\n\n<p>Denetleme Kurulu:<br>Asil \u00dcyeler: \u0130lhan A\u011f\u0131rba\u015f, Nursel G\u00fclay, Salih Natur<br>Yedek \u00dcyeler: R\u0131dvan Do\u011fan, Fato\u015f T\u00fcrkkal, Turan Faruk Yara\u015f<\/p>\n\n\n\n<p><\/p>\n\n\n\n<p><\/p>\n\n\n\n<figure class=\"wp-block-image size-full\"><img decoding=\"async\" loading=\"lazy\" width=\"642\" height=\"331\" src=\"http:\/\/www.maratonturk.com\/wp-content\/uploads\/2025\/04\/image-7.png\" alt=\"\" class=\"wp-image-1472\" srcset=\"http:\/\/www.maratonturk.com\/wp-content\/uploads\/2025\/04\/image-7.png 642w, http:\/\/www.maratonturk.com\/wp-content\/uploads\/2025\/04\/image-7-300x155.png 300w\" sizes=\"(max-width: 642px) 100vw, 642px\" \/><\/figure>\n\n\n\n<p><\/p>\n\n\n\n<p><\/p>\n","protected":false},"excerpt":{"rendered":"<p>T\u00fcrkiye Atletizm Vakf\u0131\u2019n\u0131n \u0130stanbul Atak\u00f6y Atletizm Salonu\u2019nda 16 Nisan 2025 \u00c7ar\u015famba g\u00fcn\u00fc ger\u00e7ekle\u015fen 2024-2025 Ola\u011fan Genel Kurulu\u2019nda Ne\u015fe G\u00fcndo\u011fan Ba\u015fkanl\u0131\u011fa se\u00e7ildi. Divan Kurulu Ba\u015fkanl\u0131\u011f\u0131\u2019n\u0131 Prof.<\/p>\n","protected":false},"author":1,"featured_media":1472,"comment_status":"open","ping_status":"open","sticky":false,"template":"","format":"standard","meta":[],"categories":[2],"tags":[],"_links":{"self":[{"href":"http:\/\/www.maratonturk.com\/index.php?rest_route=\/wp\/v2\/posts\/1471"}],"collection":[{"href":"http:\/\/www.maratonturk.com\/index.php?rest_route=\/wp\/v2\/posts"}],"about":[{"href":"http:\/\/www.maratonturk.com\/index.php?rest_route=\/wp\/v2\/types\/post"}],"author":[{"embeddable":true,"href":"http:\/\/www.maratonturk.com\/index.php?rest_route=\/wp\/v2\/users\/1"}],"replies":[{"embeddable":true,"href":"http:\/\/www.maratonturk.com\/index.php?rest_route=%2Fwp%2Fv2%2Fcomments&post=1471"}],"version-history":[{"count":3,"href":"http:\/\/www.maratonturk.com\/index.php?rest_route=\/wp\/v2\/posts\/1471\/revisions"}],"predecessor-version":[{"id":1476,"href":"http:\/\/www.maratonturk.com\/index.php?rest_route=\/wp\/v2\/posts\/1471\/revisions\/1476"}],"wp:featuredmedia":[{"embeddable":true,"href":"http:\/\/www.maratonturk.com\/index.php?rest_route=\/wp\/v2\/media\/1472"}],"wp:attachment":[{"href":"http:\/\/www.maratonturk.com\/index.php?rest_route=%2Fwp%2Fv2%2Fmedia&parent=1471"}],"wp:term":[{"taxonomy":"category","embeddable":true,"href":"http:\/\/www.maratonturk.com\/index.php?rest_route=%2Fwp%2Fv2%2Fcategories&post=1471"},{"taxonomy":"post_tag","embeddable":true,"href":"http:\/\/www.maratonturk.com\/index.php?rest_route=%2Fwp%2Fv2%2Ftags&post=1471"}],"curies":[{"name":"wp","href":"https:\/\/api.w.org\/{rel}","templated":true}]}}