{"id":1353,"date":"2025-03-12T11:29:51","date_gmt":"2025-03-12T11:29:51","guid":{"rendered":"http:\/\/www.maratonturk.com\/?p=1353"},"modified":"2025-03-12T13:37:29","modified_gmt":"2025-03-12T13:37:29","slug":"atletizm-federasyonu-ile-yesilay-arasinda-isbirligi","status":"publish","type":"post","link":"http:\/\/www.maratonturk.com\/?p=1353","title":{"rendered":"Atletizm Federasyonu ile Ye\u015filay aras\u0131nda i\u015fbirli\u011fi"},"content":{"rendered":"\n<p><strong>T\u00fcrkiye Atletizm Federasyonu Ba\u015fkan\u0131 Ahmet Karada\u011f&#8217;\u0131n i\u015fbirli\u011fi hakk\u0131nda yapt\u0131\u011f\u0131 a\u00e7\u0131klama \u015f\u00f6yle.<\/strong><\/p>\n\n\n\n<p>&#8220;T\u00fcrkiye Atletizm Federasyonu olarak, Ye\u015filay ile sporu merkeze alan anlaml\u0131 bir i\u015f birli\u011fine imza att\u0131k.<\/p>\n\n\n\n<p>Bu protokol kapsam\u0131nda, sporun disiplin, azim ve kararl\u0131l\u0131k gerektiren ruhunu gen\u00e7lerimize kazand\u0131rarak, onlar\u0131 ba\u011f\u0131ml\u0131l\u0131klardan uzak, sa\u011fl\u0131kl\u0131 ve aktif bir ya\u015fama te\u015fvik etmeyi ama\u00e7l\u0131yoruz.<\/p>\n\n\n\n<p>Ye\u015filay Spor Kul\u00fcb\u00fc ile birlikte hayata ge\u00e7irece\u011fimiz bu projeyle, sporu bir ya\u015fam bi\u00e7imi haline getiren, bilin\u00e7li ve g\u00fc\u00e7l\u00fc nesiller yeti\u015ftirmeyi hedefliyoruz.<\/p>\n\n\n\n<p>Sa\u011fl\u0131kl\u0131, ba\u011f\u0131ms\u0131z ve ba\u015far\u0131l\u0131 yar\u0131nlar i\u00e7in ko\u015fmaya devam edece\u011fiz.&#8221;<\/p>\n","protected":false},"excerpt":{"rendered":"<p>T\u00fcrkiye Atletizm Federasyonu Ba\u015fkan\u0131 Ahmet Karada\u011f&#8217;\u0131n i\u015fbirli\u011fi hakk\u0131nda yapt\u0131\u011f\u0131 a\u00e7\u0131klama \u015f\u00f6yle. &#8220;T\u00fcrkiye Atletizm Federasyonu olarak, Ye\u015filay ile sporu merkeze alan anlaml\u0131 bir i\u015f birli\u011fine imza<\/p>\n","protected":false},"author":1,"featured_media":1354,"comment_status":"open","ping_status":"open","sticky":false,"template":"","format":"standard","meta":[],"categories":[2],"tags":[],"_links":{"self":[{"href":"http:\/\/www.maratonturk.com\/index.php?rest_route=\/wp\/v2\/posts\/1353"}],"collection":[{"href":"http:\/\/www.maratonturk.com\/index.php?rest_route=\/wp\/v2\/posts"}],"about":[{"href":"http:\/\/www.maratonturk.com\/index.php?rest_route=\/wp\/v2\/types\/post"}],"author":[{"embeddable":true,"href":"http:\/\/www.maratonturk.com\/index.php?rest_route=\/wp\/v2\/users\/1"}],"replies":[{"embeddable":true,"href":"http:\/\/www.maratonturk.com\/index.php?rest_route=%2Fwp%2Fv2%2Fcomments&post=1353"}],"version-history":[{"count":2,"href":"http:\/\/www.maratonturk.com\/index.php?rest_route=\/wp\/v2\/posts\/1353\/revisions"}],"predecessor-version":[{"id":1356,"href":"http:\/\/www.maratonturk.com\/index.php?rest_route=\/wp\/v2\/posts\/1353\/revisions\/1356"}],"wp:featuredmedia":[{"embeddable":true,"href":"http:\/\/www.maratonturk.com\/index.php?rest_route=\/wp\/v2\/media\/1354"}],"wp:attachment":[{"href":"http:\/\/www.maratonturk.com\/index.php?rest_route=%2Fwp%2Fv2%2Fmedia&parent=1353"}],"wp:term":[{"taxonomy":"category","embeddable":true,"href":"http:\/\/www.maratonturk.com\/index.php?rest_route=%2Fwp%2Fv2%2Fcategories&post=1353"},{"taxonomy":"post_tag","embeddable":true,"href":"http:\/\/www.maratonturk.com\/index.php?rest_route=%2Fwp%2Fv2%2Ftags&post=1353"}],"curies":[{"name":"wp","href":"https:\/\/api.w.org\/{rel}","templated":true}]}}