{"id":1325,"date":"2025-03-01T09:06:45","date_gmt":"2025-03-01T09:06:45","guid":{"rendered":"http:\/\/www.maratonturk.com\/?p=1325"},"modified":"2025-03-01T09:06:45","modified_gmt":"2025-03-01T09:06:45","slug":"anadolu-efes-spor-kulubunun-2024-2025-sezonu-sosyal-sorumluluk-projesi-antalyada-basladi","status":"publish","type":"post","link":"http:\/\/www.maratonturk.com\/?p=1325","title":{"rendered":"Anadolu Efes Spor Kulu\u0308bu\u0308\u2019nu\u0308n 2024-2025 Sezonu Sosyal Sorumluluk Projesi Antalya\u2019da Bas\u0327lad\u0131"},"content":{"rendered":"\n<p><strong>Anadolu Efes Spor Kul\u00fcb\u00fc, Corendon Turizm Grubu ve Muratpa\u015fa Belediyesi i\u015f birli\u011finde Antalya\u2019da Zi\u00e7ev\u2019in \u00d6zel Sporcular\u0131na Basketbol E\u011fitimi Veriyor.<\/strong><\/p>\n\n\n\n<p><\/p>\n\n\n\n<p>Ge\u00e7ti\u011fimiz senelerde imza att\u0131\u011f\u0131 projelerle EuroLeague taraf\u0131ndan 2019 ve 2020 y\u0131llar\u0131nda \u00fcst \u00fcste iki kez \u201cAvrupa\u2019n\u0131n En \u0130yi Sosyal Sorumluluk Projesi Ger\u00e7ekle\u015ftiren Tak\u0131m\u0131\u201d se\u00e7ilen Anadolu Efes, 2024-2025 sezonu One Team projesini bu sezon Antalya\u2019ya ta\u015f\u0131d\u0131.<\/p>\n\n\n\n<p>Hayata ge\u00e7irdi\u011fi projelerle bug\u00fcne dek y\u00fczlerce \u00e7ocu\u011fun hayat\u0131na dokunan Anadolu Efes Spor Kul\u00fcb\u00fc, 2024-2025 sezonu One Team sosyal sorumluluk projesine Corendon Turizm Grubu, Z\u0130\u00c7EV (Zihinsel Yetersiz \u00c7ocuklar\u0131 Yeti\u015ftirme ve Koruma Vakf\u0131) ve Muratpa\u015fa Belediyesi i\u015f birli\u011fi ile Antalya\u2019da ba\u015flad\u0131.&nbsp; Turkish Airlines EuroLeague\u2019in kurumsal sosyal sorumluluk program\u0131 kapsam\u0131nda Anadolu Efes, bu y\u0131l engellere ra\u011fmen e\u015fitli\u011fi destekleyen bir projeye imza at\u0131yor.<\/p>\n\n\n\n<p>Anadolu Efes\u2019in One Team projesinde \u00f6zel e\u011fitime gereksinimi olan bireylerin kendilerine yeten, ba\u011f\u0131ms\u0131z bireyler olmalar\u0131n\u0131 sa\u011flamak amac\u0131yla \u00e7al\u0131\u015fan Z\u0130\u00c7EV\u2019in \u00f6zel sporcular\u0131na basketbol arac\u0131l\u0131\u011f\u0131 ile sosyal geli\u015fimlerine katk\u0131da bulunmay\u0131 hedefleyen e\u011fitimler verilecek.<\/p>\n\n\n\n<p><strong>Cenk Akyol\u2019un koordinat\u00f6rl\u00fc\u011f\u00fcnde ger\u00e7ekle\u015ftirilecek projeye 15 \u00f6zel sporcu kat\u0131lacak<\/strong><strong><\/strong><\/p>\n\n\n\n<p>\u00c7al\u0131\u015fmalara 15 \u00f6zel sporcu kat\u0131l\u0131rken, basketbolun metaforlar\u0131 kullan\u0131larak zorluklarla kar\u015f\u0131la\u015fan bireylerin potansiyellerinin ortaya \u00e7\u0131kar\u0131lmas\u0131 ve onlar\u0131n toplumsal hayata entegre edilmesi hedefleniyor. Antalya\u2019da Muratpa\u015fa Belediyesi Gazi Mustafa Kemal Atat\u00fcrk Spor Salonu\u2019nda ger\u00e7ekle\u015ftirilecek One Team projesinde, zihinsel yetersiz bireylerin topluma entegrasyonunu desteklemek amac\u0131yla spor ve ki\u015fisel geli\u015fim odakl\u0131 etkinlikler ve at\u00f6lye \u00e7al\u0131\u015fmalar\u0131 da d\u00fczenlenecek. Anadolu Efes\u2019in altyap\u0131 antren\u00f6rlerinden Cenk Akyol\u2019un koordinat\u00f6rl\u00fc\u011f\u00fcnde yap\u0131lacak \u00e7al\u0131\u015fmalarda \u201cOne Team\u201d olman\u0131n \u00f6nemi aktar\u0131lacak. Anadolu Efes One Team El\u00e7isi Erkan Y\u0131lmaz da \u00e7al\u0131\u015fmalara dahil olacak.<\/p>\n\n\n\n<p><strong>\u201cBiz Varsak Herkes Tam\u201d<\/strong><\/p>\n\n\n\n<p>Bir\u00e7ok farkl\u0131 teman\u0131n i\u015flenece\u011fi ve toplamda 8 hafta s\u00fcrecek projenin ilk \u00e7al\u0131\u015fmas\u0131 da 25 \u015eubat\u2019ta ger\u00e7ekle\u015ftirildi. Antalya\u2019da d\u00fczenlenen projeye 12-25 ya\u015f aral\u0131\u011f\u0131nda 15 \u00f6zel sporcu kat\u0131l\u0131m sa\u011fl\u0131yor. 8 hafta s\u00fcrecek proje kapsam\u0131nda; Z\u0130\u00c7EV\u2019in \u201cBiz Varsak Herkes Tam\u201d mottosuyla ileti\u015fim, tak\u0131m olma, \u00f6zg\u00fcven, motivasyon, problem \u00e7\u00f6zme ve sorumluluk gibi konular ele al\u0131narak kat\u0131l\u0131mc\u0131lar\u0131n ki\u015fisel geli\u015fimlerine katk\u0131 sa\u011flanmas\u0131 hedefleniyor.<\/p>\n\n\n\n<p><strong>Projenin ilk haftas\u0131nda ileti\u015fim \u00fczerine \u00e7al\u0131\u015fmalar yap\u0131ld\u0131<\/strong><\/p>\n\n\n\n<p>One Team projesinin ilk haftas\u0131nda, kat\u0131l\u0131mc\u0131lar\u0131n kendilerini ifade etmeleri, duygu ve d\u00fc\u015f\u00fcncelerini aktarmalar\u0131 ve \u00e7evreleriyle sa\u011fl\u0131kl\u0131 ili\u015fkiler kurmalar\u0131 i\u00e7in etkili ileti\u015fim becerileri \u00fczerine \u00e7al\u0131\u015fmalar yap\u0131ld\u0131. Basketbol arac\u0131l\u0131\u011f\u0131yla s\u00f6zl\u00fc ve s\u00f6zs\u00fcz ileti\u015fimin \u00f6nemi vurgulan\u0131rken, tak\u0131m arkada\u015flar\u0131yla ileti\u015fim kurman\u0131n saha i\u00e7indeki uyumu ve i\u015f birli\u011fini nas\u0131l g\u00fc\u00e7lendirdi\u011fi uygulamal\u0131 olarak g\u00f6sterildi. One Team antren\u00f6rleri e\u015fli\u011finde, tak\u0131m i\u00e7i ileti\u015fimde g\u00fcven olu\u015fturmaya y\u00f6nelik \u00e7al\u0131\u015fmalar yap\u0131l\u0131rken ayn\u0131 zamanda kat\u0131l\u0131mc\u0131lar\u0131n birbirleriyle verimli ileti\u015fim kurmalar\u0131 i\u00e7in pratikler yap\u0131ld\u0131.<\/p>\n\n\n\n<p><strong>One Team El\u00e7isi Erkan Y\u0131lmaz<\/strong><\/p>\n\n\n\n<p>2023-2024 sezonundan beri Anadolu Efes formas\u0131 giyen ba\u015far\u0131l\u0131 forvet Erkan Y\u0131lmaz, One Team projesinin bu seneki el\u00e7isi oldu. Proje kapsam\u0131nda Erkan Y\u0131lmaz, antrenmanlara kat\u0131larak tak\u0131m ruhunun ve ileti\u015fimin \u00f6nemini vurgulayacak.<\/p>\n\n\n\n<p><strong>One Team\u2019de deneyim ve destek bir arada olacak<\/strong><\/p>\n\n\n\n<p>Anadolu Efes ve Milli Tak\u0131m\u0131m\u0131z\u0131n efsane oyuncusu Cenk Akyol, deneyimlerini proje kapsam\u0131nda aktaracak. Cenk Akyol\u2019un koordinat\u00f6rl\u00fc\u011f\u00fcnde Muratpa\u015fa Belediyesi\u2019nin basketbol antren\u00f6r\u00fc \u0130rgecan I\u015f\u0131k, One Team Ko\u00e7u olarak \u00e7al\u0131\u015fmalar\u0131 ger\u00e7ekle\u015ftirecek.<\/p>\n\n\n\n<p>Ayr\u0131ca, Anadolu Efes Spor Kul\u00fcb\u00fc partnerleri de her sezon oldu\u011fu gibi 2024 \u2013 2025 sezonundaki \u00e7al\u0131\u015fmalara da katk\u0131 sa\u011flayacak.\u00a0(Corendon), Tourexpi<\/p>\n","protected":false},"excerpt":{"rendered":"<p>Anadolu Efes Spor Kul\u00fcb\u00fc, Corendon Turizm Grubu ve Muratpa\u015fa Belediyesi i\u015f birli\u011finde Antalya\u2019da Zi\u00e7ev\u2019in \u00d6zel Sporcular\u0131na Basketbol E\u011fitimi Veriyor. Ge\u00e7ti\u011fimiz senelerde imza att\u0131\u011f\u0131 projelerle EuroLeague<\/p>\n","protected":false},"author":1,"featured_media":1326,"comment_status":"open","ping_status":"open","sticky":false,"template":"","format":"standard","meta":[],"categories":[2],"tags":[],"_links":{"self":[{"href":"http:\/\/www.maratonturk.com\/index.php?rest_route=\/wp\/v2\/posts\/1325"}],"collection":[{"href":"http:\/\/www.maratonturk.com\/index.php?rest_route=\/wp\/v2\/posts"}],"about":[{"href":"http:\/\/www.maratonturk.com\/index.php?rest_route=\/wp\/v2\/types\/post"}],"author":[{"embeddable":true,"href":"http:\/\/www.maratonturk.com\/index.php?rest_route=\/wp\/v2\/users\/1"}],"replies":[{"embeddable":true,"href":"http:\/\/www.maratonturk.com\/index.php?rest_route=%2Fwp%2Fv2%2Fcomments&post=1325"}],"version-history":[{"count":1,"href":"http:\/\/www.maratonturk.com\/index.php?rest_route=\/wp\/v2\/posts\/1325\/revisions"}],"predecessor-version":[{"id":1327,"href":"http:\/\/www.maratonturk.com\/index.php?rest_route=\/wp\/v2\/posts\/1325\/revisions\/1327"}],"wp:featuredmedia":[{"embeddable":true,"href":"http:\/\/www.maratonturk.com\/index.php?rest_route=\/wp\/v2\/media\/1326"}],"wp:attachment":[{"href":"http:\/\/www.maratonturk.com\/index.php?rest_route=%2Fwp%2Fv2%2Fmedia&parent=1325"}],"wp:term":[{"taxonomy":"category","embeddable":true,"href":"http:\/\/www.maratonturk.com\/index.php?rest_route=%2Fwp%2Fv2%2Fcategories&post=1325"},{"taxonomy":"post_tag","embeddable":true,"href":"http:\/\/www.maratonturk.com\/index.php?rest_route=%2Fwp%2Fv2%2Ftags&post=1325"}],"curies":[{"name":"wp","href":"https:\/\/api.w.org\/{rel}","templated":true}]}}