{"id":1308,"date":"2025-02-14T09:11:58","date_gmt":"2025-02-14T09:11:58","guid":{"rendered":"http:\/\/www.maratonturk.com\/?p=1308"},"modified":"2025-02-14T09:11:58","modified_gmt":"2025-02-14T09:11:58","slug":"vakifbank-45-uluslararasi-trabzon-yari-maratonu-kayitlari-18-subatta-sona-eriyor","status":"publish","type":"post","link":"http:\/\/www.maratonturk.com\/?p=1308","title":{"rendered":"<strong>Vak\u0131fBank 45. Uluslararas\u0131 Trabzon Yar\u0131 Maratonu<\/strong> <strong>kay\u0131tlar\u0131 18 \u015eubat\u2019ta sona eriyor<\/strong>"},"content":{"rendered":"\n<p>Vak\u0131fBank 45. Uluslararas\u0131 Trabzon Yar\u0131 Maratonu, &#8220;Her Ad\u0131mda Bar\u0131\u015fa Ko\u015f&#8221; mottosuyla 23 \u015eubat 2025, Pazar g\u00fcn\u00fc d\u00fczenlenecek.<\/p>\n\n\n\n<p>Trabzon B\u00fcy\u00fck\u015fehir Belediyesi taraf\u0131ndan organize edilen, Trabzon Gen\u00e7lik ve Spor \u0130l M\u00fcd\u00fcrl\u00fc\u011f\u00fc, T\u00fcrkiye Atletizm Federasyonu ve Trabzon Valili\u011fi taraf\u0131ndan desteklenen Uluslararas\u0131 Trabzon Yar\u0131 Maratonu, bu y\u0131l 45. kez spor tutkunlar\u0131n\u0131 bir araya getirecek.<\/p>\n\n\n\n<p>Spor \u015fehri Trabzon\u2019da mavinin ye\u015fille bulu\u015ftu\u011fu e\u015fsiz bir manzara e\u015fli\u011finde d\u00fczenlenecek olan Vak\u0131fBank 45. Uluslararas\u0131 Trabzon Yar\u0131 Maratonu bu y\u0131l da ko\u015fu severleri benzersiz bir deneyime ortak etmeye haz\u0131rlan\u0131yor.<\/p>\n\n\n\n<p><strong>Kay\u0131tlar 18 \u015eubat\u2019a Kadar Devam Ediyor<\/strong><\/p>\n\n\n\n<p>Her ya\u015ftan ve seviyeden ko\u015fucunun kat\u0131l\u0131m\u0131na a\u00e7\u0131k olan Uluslararas\u0131 Trabzon Yar\u0131 Maratonu\u2019nun kay\u0131tlar\u0131, 18 \u015eubat 2025 Sal\u0131 g\u00fcn\u00fc saat 00:00\u2019a kadar devam edecek. Kay\u0131t i\u015flemleri,\u00a0<a rel=\"noreferrer noopener\" href=\"https:\/\/yarimaraton.trabzon.bel.tr\/\" target=\"_blank\"><strong>https:\/\/yarimaraton.trabzon.bel.tr<\/strong><\/a>\u00a0adresinden yap\u0131labilecek.<\/p>\n\n\n\n<p><strong>Karadeniz\u2019in b\u00fcy\u00fcleyici manzaras\u0131 e\u015fli\u011finde 45.kez ger\u00e7ekle\u015fecek Uluslararas\u0131 Trabzon Yar\u0131 Maratonu\u2019nda \u015fu kategoriler yer al\u0131yor:<\/strong><\/p>\n\n\n\n<ul>\n<li><strong>21K Uluslararas\u0131 Trabzon Yar\u0131 Maratonu&nbsp;<\/strong><\/li>\n\n\n\n<li><strong>10K Ko\u015fusu (\u00c7eyrek Maraton)&nbsp;<\/strong><\/li>\n\n\n\n<li><strong>3.7K Halk Ko\u015fusu<\/strong>.<\/li>\n\n\n\n<li><strong>1K \u00c7ocuk Ko\u015fusu&nbsp;<\/strong><\/li>\n<\/ul>\n\n\n\n<p><strong>Uluslararas\u0131 Trabzon Yar\u0131 Maratonu\u2019na Kat\u0131l\u0131m \u015eartlar\u0131:<\/strong><\/p>\n\n\n\n<p><strong>Yar\u0131 Maraton ve 10.548M Ko\u015fusu:&nbsp;<\/strong>2007 ve \u00f6ncesi do\u011fumlu sporcular kat\u0131labilir. (18-34 ya\u015f aras\u0131 normal kategori; 35 ya\u015f ve \u00fczeri master kategori olarak de\u011ferlendirilecektir.)<\/p>\n\n\n\n<p><strong>Halk Ko\u015fusu:&nbsp;<\/strong>2012 ve \u00f6ncesi do\u011fumlu bireyler (13 ya\u015f ve \u00fczeri) kat\u0131labilir.<\/p>\n\n\n\n<p><strong>\u00c7ocuk Ko\u015fusu:<\/strong><\/p>\n\n\n\n<p><strong>Kategori:&nbsp;<\/strong>2013-2015 do\u011fumlular (10-12 ya\u015f),<\/p>\n\n\n\n<p><strong>Kategori:&nbsp;<\/strong>2016-2018 do\u011fumlular (7-9 ya\u015f).<\/p>\n\n\n\n<p>Vak\u0131fBank 45. Uluslararas\u0131 Trabzon Yar\u0131 Maratonu, Karadeniz\u2019in z\u00fcmr\u00fct ye\u015fili do\u011fas\u0131, tarihi dokusu ve muhte\u015fem lezzetlerini ke\u015ffetmek isteyen herkesi 23 \u015eubat Pazar g\u00fcn\u00fc Trabzon\u2019a bekliyor.<\/p>\n","protected":false},"excerpt":{"rendered":"<p>Vak\u0131fBank 45. Uluslararas\u0131 Trabzon Yar\u0131 Maratonu, &#8220;Her Ad\u0131mda Bar\u0131\u015fa Ko\u015f&#8221; mottosuyla 23 \u015eubat 2025, Pazar g\u00fcn\u00fc d\u00fczenlenecek. Trabzon B\u00fcy\u00fck\u015fehir Belediyesi taraf\u0131ndan organize edilen, Trabzon Gen\u00e7lik<\/p>\n","protected":false},"author":1,"featured_media":1309,"comment_status":"open","ping_status":"open","sticky":false,"template":"","format":"standard","meta":[],"categories":[2],"tags":[],"_links":{"self":[{"href":"http:\/\/www.maratonturk.com\/index.php?rest_route=\/wp\/v2\/posts\/1308"}],"collection":[{"href":"http:\/\/www.maratonturk.com\/index.php?rest_route=\/wp\/v2\/posts"}],"about":[{"href":"http:\/\/www.maratonturk.com\/index.php?rest_route=\/wp\/v2\/types\/post"}],"author":[{"embeddable":true,"href":"http:\/\/www.maratonturk.com\/index.php?rest_route=\/wp\/v2\/users\/1"}],"replies":[{"embeddable":true,"href":"http:\/\/www.maratonturk.com\/index.php?rest_route=%2Fwp%2Fv2%2Fcomments&post=1308"}],"version-history":[{"count":1,"href":"http:\/\/www.maratonturk.com\/index.php?rest_route=\/wp\/v2\/posts\/1308\/revisions"}],"predecessor-version":[{"id":1310,"href":"http:\/\/www.maratonturk.com\/index.php?rest_route=\/wp\/v2\/posts\/1308\/revisions\/1310"}],"wp:featuredmedia":[{"embeddable":true,"href":"http:\/\/www.maratonturk.com\/index.php?rest_route=\/wp\/v2\/media\/1309"}],"wp:attachment":[{"href":"http:\/\/www.maratonturk.com\/index.php?rest_route=%2Fwp%2Fv2%2Fmedia&parent=1308"}],"wp:term":[{"taxonomy":"category","embeddable":true,"href":"http:\/\/www.maratonturk.com\/index.php?rest_route=%2Fwp%2Fv2%2Fcategories&post=1308"},{"taxonomy":"post_tag","embeddable":true,"href":"http:\/\/www.maratonturk.com\/index.php?rest_route=%2Fwp%2Fv2%2Ftags&post=1308"}],"curies":[{"name":"wp","href":"https:\/\/api.w.org\/{rel}","templated":true}]}}