{"id":1300,"date":"2025-02-12T13:52:05","date_gmt":"2025-02-12T13:52:05","guid":{"rendered":"http:\/\/www.maratonturk.com\/?p=1300"},"modified":"2025-02-12T13:52:05","modified_gmt":"2025-02-12T13:52:05","slug":"nissan-formula-e-takimi-mexico-cityde-muhtesem-bir-zafer-elde-etti","status":"publish","type":"post","link":"http:\/\/www.maratonturk.com\/?p=1300","title":{"rendered":"<strong>Nissan Formula E Tak\u0131m\u0131 Mexico City&#8217;de muhte\u015fem bir zafer elde etti<\/strong>"},"content":{"rendered":"\n<p><\/p>\n\n\n\n<p><em>Oliver Rowland, Nissan Formula E Tak\u0131m\u0131\u2019n\u0131n 11. Sezondaki ilk galibiyetini kazand\u0131<\/em><\/p>\n\n\n\n<p><strong><br>&nbsp;<\/strong>Nissan Formula E Tak\u0131m\u0131, 2024\/25 ABB FIA Formula E D\u00fcnya \u015eampiyonas\u0131&#8217;n\u0131n 2. Turunda, ilk GEN3 Evo ba\u015far\u0131s\u0131n\u0131 elde etti. Oliver Rowland, yar\u0131\u015fta planlad\u0131\u011f\u0131 ge\u00e7 sollamalarla m\u00fckemmel bir galibiyet ald\u0131.&nbsp;<\/p>\n\n\n\n<p>Britanyal\u0131 pilot Rowland, yar\u0131\u015f\u0131n ikinci turunun ilk viraj\u0131nda ilk \u00fc\u00e7e girmeyi ba\u015fard\u0131. Yar\u0131\u015f\u0131n yar\u0131s\u0131na yakla\u015f\u0131rken bir s\u0131ra daha y\u00fckselmek i\u00e7in \u00e7arp\u0131c\u0131 bir son viraj sollamas\u0131 yapt\u0131 ve 1 dakikadan k\u0131sa bir s\u00fcrede d\u00f6rd\u00fcnc\u00fc s\u0131radan birincili\u011fe y\u00fckseldi. Rakiplerine k\u0131yasla geri \u00e7ekilen ve sald\u0131r\u0131 modunu sonraya saklayan Rowland, g\u00fcc\u00fcn\u00fcn geri kalan\u0131n\u0131 kullanmay\u0131 ba\u015fard\u0131. Bu stratejik hamleyle Rowland, Meksika&#8217;da zafer elde etti.<\/p>\n\n\n\n<p>Garaj\u0131n di\u011fer taraf\u0131nda, Norman Nato, s\u0131k\u0131 bir \u015fekilde m\u00fccadele etti ve kendisini be\u015f s\u0131ra y\u00fckselten bir performans sa\u011flayarak P13&#8217;\u00fc bitirdi.<\/p>\n\n\n\n<p>Bu sonu\u00e7la Nissan, 11. Sezonun ilk iki turunun ard\u0131ndan \u00dcreticiler S\u0131ralamas\u0131\u2019nda ikinci s\u0131raya yerle\u015firken, Rowland da S\u00fcr\u00fcc\u00fcler \u015eampiyonas\u0131\u2019nda ayn\u0131 s\u0131raya y\u00fckseldi.&nbsp;<\/p>\n\n\n\n<p>Seri 13-15 \u015eubat tarihlerinde sezonun ilk \u00e7ift turlu yar\u0131\u015f\u0131yla Cidde&#8217;de devam edecek.<\/p>\n\n\n\n<p>###<\/p>\n\n\n\n<p><strong>Formula E&#8217;deki Nissan hakk\u0131nda<\/strong><\/p>\n\n\n\n<p>Nissan, ABB FIA Formula E \u015eampiyonas\u0131&#8217;n\u0131n 5. Sezonunda (2018\/19) tamamen elektrikli yar\u0131\u015flara kat\u0131larak seriye kat\u0131lan ilk ve tek Japon \u00fcretici oldu.<\/p>\n\n\n\n<p>Nissan, 7. Sezonda (2020\/21) Formula E&#8217;ye uzun vadeli kat\u0131l\u0131m\u0131n\u0131 ve tamamen elektrikli yar\u0131\u015f serisinin 9. Sezonundan (2022\/23) 12. Sezonunun (2025\/26) sonuna kadar s\u00fcrecek GEN3 d\u00f6nemine olan ba\u011fl\u0131l\u0131\u011f\u0131n\u0131 a\u00e7\u0131klad\u0131.<\/p>\n\n\n\n<p>Nisan 2022&#8217;de Nissan, e.dams yar\u0131\u015f ekibini sat\u0131n ald\u0131 ve Japon otomobil \u00fcreticisi ABB FIA Formula E D\u00fcnya \u015eampiyonas\u0131&#8217;ndaki kat\u0131l\u0131m\u0131n\u0131n tam sahipli\u011fini ald\u0131.<\/p>\n\n\n\n<p>Haziran 2022&#8217;de Nissan, Nissan EV g\u00fc\u00e7 aktar\u0131m teknolojisini Formula E GEN3 d\u00f6neminin tamam\u0131 i\u00e7in McLaren Racing&#8217;e tedarik edece\u011fini duyurdu.<\/p>\n\n\n\n<p>28 Mart 2024 tarihinde, ilk Tokyo E-Prix&#8217;si \u00f6ncesinde, Nissan Formula E&#8217;ye olan uzun vadeli ba\u011fl\u0131l\u0131\u011f\u0131n\u0131 a\u00e7\u0131klayarak, 2030 y\u0131l\u0131na kadar s\u00fcrecek GEN4 d\u00f6nemine kaydolan ilk \u00fcretici oldu ve Ambition 2030 elektrifikasyon hedeflerine olan ba\u011fl\u0131l\u0131\u011f\u0131n\u0131 peki\u015ftirdi.<\/p>\n\n\n\n<p>ABB FIA Formula E D\u00fcnya \u015eampiyonas\u0131&#8217;n\u0131n 11. Sezonunda Nissan Formula E s\u00fcr\u00fcc\u00fcleri Oliver Rowland ve Norman Nato&#8217;dur<\/p>\n\n\n\n<p>Nissan, s\u0131f\u0131r emisyonlu elektrikli ara\u00e7lar\u0131n heyecan\u0131n\u0131 ve e\u011flencesini k\u00fcresel bir kitleye ula\u015ft\u0131rmak i\u00e7in Formula E&#8217;de yar\u0131\u015f\u0131yor. Nissan, 2050 y\u0131l\u0131na kadar faaliyetlerinde ve \u00fcr\u00fcnlerinin ya\u015fam d\u00f6ng\u00fcs\u00fcnde karbon n\u00f6tr olma hedefinin bir par\u00e7as\u0131 olarak, \u00f6nemli pazarlarda 2030&#8217;lar\u0131n ba\u015f\u0131na kadar sundu\u011fu t\u00fcm yeni ara\u00e7lar\u0131 elektrikli hale getirmeyi ama\u00e7l\u0131yor. Japon otomobil \u00fcreticisi, m\u00fc\u015fterilerine daha iyi elektrikli ara\u00e7lar sunmak i\u00e7in bilgi ve teknolojiyi yar\u0131\u015f pisti ve yol aras\u0131nda aktarma konusundaki uzmanl\u0131\u011f\u0131n\u0131 ortaya koymay\u0131 hedefliyor.<\/p>\n\n\n\n<p>###<\/p>\n\n\n\n<p><strong>Nissan AMIEO Hakk\u0131nda (Afrika, Orta Do\u011fu, Hindistan, Avrupa ve Okyanusya)<\/strong><\/p>\n\n\n\n<p>Daha temiz, daha g\u00fcvenli ve daha kapsay\u0131c\u0131 bir d\u00fcnya hedefleyen Nissan, tam anlam\u0131yla s\u00fcrd\u00fcr\u00fclebilir bir \u015firket olmakta kararl\u0131.&nbsp;<\/p>\n\n\n\n<p>S\u00fcrd\u00fcr\u00fclebilirlik, Nissan&#8217;\u0131n uzun vadeli vizyonu olan&nbsp;<a href=\"https:\/\/europe.nissannews.com\/en-GB\/releases\/release-0f1f4ed24f506b7f8039127912074213-nissan-unveils-ambition-2030-vision-to-empower-mobility-and-beyond\" target=\"_blank\" rel=\"noreferrer noopener\">Ambition 2030<\/a>&#8216;un merkezinde yer al\u0131yor. Kritik \u00e7evresel, toplumsal ve m\u00fc\u015fteri ihtiya\u00e7lar\u0131na yan\u0131t veren bu inisiyatifi ile Nissan, \u00f6nemli k\u00fcresel pazarlara elektrikli modeller ve teknolojik yenilikler sunarak mobilite ve \u00f6tesini g\u00fc\u00e7lendiriyor. Ambition 2030, Nissan&#8217;\u0131n 2050 y\u0131l\u0131na kadar \u00fcr\u00fcnlerinin ve operasyonlar\u0131n\u0131n ya\u015fam d\u00f6ng\u00fcs\u00fc boyunca&nbsp;<a href=\"https:\/\/europe.nissannews.com\/en-GB\/releases\/release-18e8181d3a7c563be5e62225a7100da2-nissan-sets-carbon-neutral-goal-for-2050\" target=\"_blank\" rel=\"noreferrer noopener\">karbon n\u00f6tr<\/a>&nbsp;olma hedefini destekliyor. Merkezinde EV36Zero bulunan ve T\u00fcrkiye\u2019nin de yer ald\u0131\u011f\u0131 Nissan AMIEO b\u00f6lgesi, elektrikli gelece\u011fe ge\u00e7i\u015fi h\u0131zland\u0131rmaya haz\u0131rlan\u0131yor.<\/p>\n\n\n\n<p>Nissan&#8217;\u0131n \u00fcr\u00fcnleri, hizmetleri ve s\u00fcrd\u00fcr\u00fclebilir mobilite taahh\u00fcd\u00fc hakk\u0131nda daha fazla bilgi almak i\u00e7in&nbsp;<a href=\"http:\/\/www.nissan-global.com\/EN\/\" target=\"_blank\" rel=\"noreferrer noopener\">nissan-global.com<\/a>&nbsp;adresini ziyaret edebilirsiniz. Ayr\u0131ca&nbsp;<a href=\"https:\/\/www.facebook.com\/nissan\/\" target=\"_blank\" rel=\"noreferrer noopener\">Facebook<\/a>,&nbsp;<a href=\"https:\/\/www.instagram.com\/nissan\/\" target=\"_blank\" rel=\"noreferrer noopener\">Instagram<\/a>,&nbsp;<a href=\"https:\/\/twitter.com\/NissanMotor\" target=\"_blank\" rel=\"noreferrer noopener\">Twitter<\/a>&nbsp;ve&nbsp;<a href=\"https:\/\/www.linkedin.com\/company\/nissan-motor-corporation\/\" target=\"_blank\" rel=\"noreferrer noopener\">LinkedIn<\/a>&nbsp;hesaplar\u0131m\u0131z\u0131 takip edebilir ve en son videolar\u0131m\u0131za&nbsp;<a href=\"https:\/\/www.youtube.com\/channel\/UCIpK0Bh0wFnC-QqgJs6hx5w\" target=\"_blank\" rel=\"noreferrer noopener\">YouTube<\/a>&nbsp;hesab\u0131n\u0131zdan ula\u015fabilirsiniz.<\/p>\n\n\n\n<p>NISSAN T\u00fcrkiye \u00fcr\u00fcnleri, hizmetleri ve daha fazlas\u0131 i\u00e7in&nbsp;<a href=\"https:\/\/www.nissan.com.tr\/\" target=\"_blank\" rel=\"noreferrer noopener\">https:\/\/www.nissan.com.tr\/<\/a>&nbsp; web sitesini ziyaret edebilirsiniz.<\/p>\n\n\n\n<p><strong>Bilgi i\u00e7in:&nbsp;<\/strong>Nissan T\u00fcrkiye &#8211; \u0130pek Y\u0131lmaz &#8211;&nbsp;<a href=\"mailto:ipek-yilmaz@nissan.com.tr\" target=\"_blank\" rel=\"noreferrer noopener\">ipek-yilmaz@nissan.com.tr<\/a><\/p>\n","protected":false},"excerpt":{"rendered":"<p>Oliver Rowland, Nissan Formula E Tak\u0131m\u0131\u2019n\u0131n 11. Sezondaki ilk galibiyetini kazand\u0131 &nbsp;Nissan Formula E Tak\u0131m\u0131, 2024\/25 ABB FIA Formula E D\u00fcnya \u015eampiyonas\u0131&#8217;n\u0131n 2. Turunda, ilk<\/p>\n","protected":false},"author":1,"featured_media":1301,"comment_status":"open","ping_status":"open","sticky":false,"template":"","format":"standard","meta":[],"categories":[2],"tags":[],"_links":{"self":[{"href":"http:\/\/www.maratonturk.com\/index.php?rest_route=\/wp\/v2\/posts\/1300"}],"collection":[{"href":"http:\/\/www.maratonturk.com\/index.php?rest_route=\/wp\/v2\/posts"}],"about":[{"href":"http:\/\/www.maratonturk.com\/index.php?rest_route=\/wp\/v2\/types\/post"}],"author":[{"embeddable":true,"href":"http:\/\/www.maratonturk.com\/index.php?rest_route=\/wp\/v2\/users\/1"}],"replies":[{"embeddable":true,"href":"http:\/\/www.maratonturk.com\/index.php?rest_route=%2Fwp%2Fv2%2Fcomments&post=1300"}],"version-history":[{"count":1,"href":"http:\/\/www.maratonturk.com\/index.php?rest_route=\/wp\/v2\/posts\/1300\/revisions"}],"predecessor-version":[{"id":1302,"href":"http:\/\/www.maratonturk.com\/index.php?rest_route=\/wp\/v2\/posts\/1300\/revisions\/1302"}],"wp:featuredmedia":[{"embeddable":true,"href":"http:\/\/www.maratonturk.com\/index.php?rest_route=\/wp\/v2\/media\/1301"}],"wp:attachment":[{"href":"http:\/\/www.maratonturk.com\/index.php?rest_route=%2Fwp%2Fv2%2Fmedia&parent=1300"}],"wp:term":[{"taxonomy":"category","embeddable":true,"href":"http:\/\/www.maratonturk.com\/index.php?rest_route=%2Fwp%2Fv2%2Fcategories&post=1300"},{"taxonomy":"post_tag","embeddable":true,"href":"http:\/\/www.maratonturk.com\/index.php?rest_route=%2Fwp%2Fv2%2Ftags&post=1300"}],"curies":[{"name":"wp","href":"https:\/\/api.w.org\/{rel}","templated":true}]}}