{"id":1246,"date":"2025-01-21T15:40:57","date_gmt":"2025-01-21T15:40:57","guid":{"rendered":"http:\/\/www.maratonturk.com\/?p=1246"},"modified":"2025-01-21T18:17:37","modified_gmt":"2025-01-21T18:17:37","slug":"sinead-jack-kisal-turk-milli-takimi-yolunda","status":"publish","type":"post","link":"http:\/\/www.maratonturk.com\/?p=1246","title":{"rendered":"Sinead Jack-KISAL T\u00fcrk Milli Tak\u0131m\u0131 Yolunda\u2026"},"content":{"rendered":"\n<p class=\"has-medium-font-size\"><strong>RAGIP TEK\u0130N<\/strong><\/p>\n\n\n\n<p><strong>S\u0130NEAD JACK-KISAL<\/strong><\/p>\n\n\n\n<p><\/p>\n\n\n\n<p>T\u00fcrkiye Voleybol Federasyonu Ba\u015fkan\u0131 Mehmet Akif \u00dcST\u00dcNDA\u011e; &#8220;Eczac\u0131ba\u015f\u0131 Dynavit oyuncusu olan Trinidad-Tobago&#8217;lu Sinead Jack-KISAL&#8217;\u0131n T\u00fcrk Milli Tak\u0131m\u0131&#8217;nda oynayabilece\u011fini a\u00e7\u0131klad\u0131.<\/p>\n\n\n\n<p>Eczac\u0131ba\u015f\u0131&#8217;nda oynayan Sinead Jack-KISAL y\u0131llard\u0131r T\u00fcrkiye&#8217;de ya\u015f\u0131yor. T\u00fcrk vatanda\u015f\u0131. 2025 Haziran ay\u0131 itibar\u0131yla Milli Tak\u0131m formas\u0131n\u0131 giyme hakk\u0131 elde ediyor.<\/p>\n\n\n\n<p>T\u00fcrkiye y\u0131llard\u0131r ona da yat\u0131r\u0131m yap\u0131yor. Bu \u00fclkenin formas\u0131 i\u00e7in m\u00fccadele edecek herkese kap\u0131m\u0131z\u0131 a\u00e7ar\u0131z&#8221; dedi.<\/p>\n\n\n\n<p>TVF Ba\u015fkan\u0131 \u00dcST\u00dcNDA\u011e; &#8220;Bilindi\u011fi \u00fczere Filenin Sultanlar\u0131&#8217;n\u0131n kadrosunda iki yabanc\u0131 oyuncu bulunuyor. K\u00fcba as\u0131ll\u0131 Melissa VARGAS ve Romanya as\u0131ll\u0131 Aleksia CARUTASU.&#8221; a\u00e7\u0131klamas\u0131n\u0131 da yapt\u0131<\/p>\n\n\n\n<p>( A\u00e7\u0131klama: Akif Ba\u015fkan; Ekol TV -Setenay Cankat )<\/p>\n\n\n\n<p><strong>S\u0130NEAD JACK-KISAL K\u0130M ?<\/strong><\/p>\n\n\n\n<p>Sinead Jack, 08.11.1993 tarihinde Trinidad-Tobago da do\u011fdu. 1.96 cm. boyunda Eczac\u0131ba\u015f\u0131 Dynavit Kad\u0131n Voleybol Tak\u0131m\u0131&#8217;n\u0131n orta oyuncusu.<\/p>\n\n\n\n<p>Sinead Jack; 8 A\u011fustos 2019 tarihinde voleybolcu Murathan K\u0131sal ile evlendi ve T\u00fcrk vatanda\u015f\u0131 oldu. T\u00fcrk stat\u00fcs\u00fcnde forma giymesine Uluslararas\u0131 Voleybol Federasyonu (FIVB) taraf\u0131ndan onayland\u0131.<\/p>\n\n\n\n<p class=\"has-medium-font-size\"><strong>Volleyball.IT<\/strong><\/p>\n\n\n\n<p><a href=\"https:\/\/www.volleyball.it\/2025\/01\/20\/notizie\/argomenti\/estero\/articolo\/turchia-sinead-jack-prossima-a-vestire-la-maglia-della-nazionale.html\">https:\/\/www.volleyball.it\/2025\/01\/20\/notizie\/argomenti\/estero\/articolo\/turchia-sinead-jack-prossima-a-vestire-la-maglia-della-nazionale.html<\/a><\/p>\n\n\n\n<p class=\"has-vivid-red-color has-text-color\"><strong>Turchia: Sinead Jack prossima a vestire la maglia della nazionale<\/strong><\/p>\n\n\n\n<p class=\"has-vivid-red-color has-white-background-color has-text-color has-background has-medium-font-size\">TURCHIA &#8211; Grandi manovre in Turchia. Il presidente della Federazione Turca di <strong>Mehmet Akif \u00dcst\u00fcnda\u011f<\/strong>, ha annunciato che <strong>Sinead Jack K\u0131sal<\/strong> da giugno potr\u00e0 vesrtire la maglia della nazionale turca. Sinead Jack, centrale dell&#8217;Eczac\u0131ba\u015f\u0131, classe 1993, \u00e8 originaria di Trinidad e Tobago, ma \u00e8 naturalizzata turca, dal 2022 in seguito al matrimonio con il pallavolista Murathan K\u0131sal.<\/p>\n\n\n\n<p class=\"has-vivid-red-color has-white-background-color has-text-color has-background has-medium-font-size\">Noi, con il nostro settore giovanile, con i nostri progetti e programmi, e con le selezioni condotte in tutto il paese e nel mondo, non ci limitiamo a scoprire nuovi talenti solo in Turchia, ma li cerchiamo ovunque nel mondo.&#8221; ha detto <strong>\u00dcst\u00fcnda\u011f <\/strong>in una intervista televisiva.<\/p>\n\n\n\n<p class=\"has-vivid-red-color has-white-background-color has-text-color has-background has-medium-font-size\">Vargas \u00e8 diventata malatyana (citt\u00e0 ad est della Turchia, ndr)<em>. Sinead Jack vive in Turchia da anni, gioca nell\u2019Eczac\u0131ba\u015f\u0131 ed \u00e8 cittadina turca. A partire da giugno, avr\u00e0 il diritto di indossare la maglia della nazionale. Da anni la Turchia investe su di lei<\/em>.<\/p>\n\n\n\n<p class=\"has-vivid-red-color has-white-background-color has-text-color has-background has-medium-font-size\"><em>Voglio sottolineare che continuiamo a cercare talenti in tutto il mondo. Accogliamo a braccia aperte chiunque sia disposto ad accettare la nostra identit\u00e0, a gioire e soffrire con noi, a camminare al nostro fianco, a integrarsi con l&#8217;unit\u00e0 e la solidariet\u00e0 del nostro paese e a lottare per la maglia della Turchia.<\/em><\/p>\n\n\n\n<figure class=\"wp-block-image size-large\"><img decoding=\"async\" loading=\"lazy\" width=\"1024\" height=\"640\" src=\"http:\/\/www.maratonturk.com\/wp-content\/uploads\/2025\/01\/image-1-1024x640.png\" alt=\"\" class=\"wp-image-1251\" srcset=\"http:\/\/www.maratonturk.com\/wp-content\/uploads\/2025\/01\/image-1-1024x640.png 1024w, http:\/\/www.maratonturk.com\/wp-content\/uploads\/2025\/01\/image-1-300x188.png 300w, http:\/\/www.maratonturk.com\/wp-content\/uploads\/2025\/01\/image-1-768x480.png 768w, http:\/\/www.maratonturk.com\/wp-content\/uploads\/2025\/01\/image-1-1170x731.png 1170w, http:\/\/www.maratonturk.com\/wp-content\/uploads\/2025\/01\/image-1-350x220.png 350w, http:\/\/www.maratonturk.com\/wp-content\/uploads\/2025\/01\/image-1.png 1280w\" sizes=\"(max-width: 1024px) 100vw, 1024px\" \/><\/figure>\n","protected":false},"excerpt":{"rendered":"<p>RAGIP TEK\u0130N S\u0130NEAD JACK-KISAL T\u00fcrkiye Voleybol Federasyonu Ba\u015fkan\u0131 Mehmet Akif \u00dcST\u00dcNDA\u011e; &#8220;Eczac\u0131ba\u015f\u0131 Dynavit oyuncusu olan Trinidad-Tobago&#8217;lu Sinead Jack-KISAL&#8217;\u0131n T\u00fcrk Milli Tak\u0131m\u0131&#8217;nda oynayabilece\u011fini a\u00e7\u0131klad\u0131. Eczac\u0131ba\u015f\u0131&#8217;nda oynayan<\/p>\n","protected":false},"author":1,"featured_media":1247,"comment_status":"open","ping_status":"open","sticky":false,"template":"","format":"standard","meta":[],"categories":[2],"tags":[],"_links":{"self":[{"href":"http:\/\/www.maratonturk.com\/index.php?rest_route=\/wp\/v2\/posts\/1246"}],"collection":[{"href":"http:\/\/www.maratonturk.com\/index.php?rest_route=\/wp\/v2\/posts"}],"about":[{"href":"http:\/\/www.maratonturk.com\/index.php?rest_route=\/wp\/v2\/types\/post"}],"author":[{"embeddable":true,"href":"http:\/\/www.maratonturk.com\/index.php?rest_route=\/wp\/v2\/users\/1"}],"replies":[{"embeddable":true,"href":"http:\/\/www.maratonturk.com\/index.php?rest_route=%2Fwp%2Fv2%2Fcomments&post=1246"}],"version-history":[{"count":8,"href":"http:\/\/www.maratonturk.com\/index.php?rest_route=\/wp\/v2\/posts\/1246\/revisions"}],"predecessor-version":[{"id":1262,"href":"http:\/\/www.maratonturk.com\/index.php?rest_route=\/wp\/v2\/posts\/1246\/revisions\/1262"}],"wp:featuredmedia":[{"embeddable":true,"href":"http:\/\/www.maratonturk.com\/index.php?rest_route=\/wp\/v2\/media\/1247"}],"wp:attachment":[{"href":"http:\/\/www.maratonturk.com\/index.php?rest_route=%2Fwp%2Fv2%2Fmedia&parent=1246"}],"wp:term":[{"taxonomy":"category","embeddable":true,"href":"http:\/\/www.maratonturk.com\/index.php?rest_route=%2Fwp%2Fv2%2Fcategories&post=1246"},{"taxonomy":"post_tag","embeddable":true,"href":"http:\/\/www.maratonturk.com\/index.php?rest_route=%2Fwp%2Fv2%2Ftags&post=1246"}],"curies":[{"name":"wp","href":"https:\/\/api.w.org\/{rel}","templated":true}]}}