{"id":1231,"date":"2025-01-17T10:10:11","date_gmt":"2025-01-17T10:10:11","guid":{"rendered":"http:\/\/www.maratonturk.com\/?p=1231"},"modified":"2025-01-17T11:06:24","modified_gmt":"2025-01-17T11:06:24","slug":"istanbul-atletizm-spor-kulubu-kongresi-yapildi","status":"publish","type":"post","link":"http:\/\/www.maratonturk.com\/?p=1231","title":{"rendered":"\u0130stanbul Atletizm Spor Kul\u00fcb\u00fc&#8217;n\u00fcn 2. Ola\u011fan Kongresi Yap\u0131ld\u0131"},"content":{"rendered":"\n<p>\u0130stanbul Atletizm Spor Kul\u00fcb\u00fc\u2019n\u00fcn 2. Ola\u011fan Kongresi, kul\u00fcb\u00fcn Zeytinburnu\u2019ndaki lokalinde ger\u00e7ekle\u015fti. Kurulu\u015funun \u00fczerinden hen\u00fcz 3 y\u0131l ge\u00e7mesine ra\u011fmen, T\u00fcrkiye\u2019deki yar\u0131\u015flarda ad\u0131ndan ba\u015far\u0131 ile s\u00f6z ettiren, k\u0131sa zamanda T\u00fcrkiye \u00e7ap\u0131nda b\u00fcy\u00fck ba\u015far\u0131lar elde eden \u0130stanbul Atletizm Spor Kul\u00fcb\u00fc kongresinde ba\u015fkan Mustafa Atma, g\u00fcven tazeleyip ikinci kez ba\u015fkanl\u0131\u011fa getirildi.<\/p>\n\n\n\n<p>Girdikleri her yar\u0131\u015fta k\u00fcrs\u00fclerin efendisi olan sporcular\u0131n bulundu\u011fu kul\u00fcpte Atakan Demirel, B\u00fcnyamin \u015eenel, Murat Alg\u0131n ve Ayhan Durmu\u015f yeni y\u00f6netim kuruluna se\u00e7ilirken, Zeynep A\u011fz\u0131tatl\u0131, Kemalettin Kerimo\u011flu, O\u011fulcan Atma, Sad\u0131k Aleybeyo\u011flu ve D\u00fczg\u00fcn G\u00f6k\u00e7e yedek y\u00f6netim kurulunda yer ald\u0131. Denetleme kurulu asil \u00fcyeliklerine Abd\u00fclmecit Y\u00fcksel, \u00d6zkan Atma ve Faruk \u0130lhan se\u00e7ilirken, Semra Kaplan, Tuncay \u00d6zgiray ve \u0130smail Kara\u00e7ay da denetleme kurulu yedek \u00fcyeliklerine getirildi\u2026<\/p>\n\n\n\n<p>\u0130kinci kez ba\u015fkanl\u0131\u011fa se\u00e7ilen Mustafa Atma, sonu\u00e7lar\u0131n a\u00e7\u0131klanmas\u0131ndan sonra yapt\u0131\u011f\u0131 konu\u015fmada \u201cKurulu\u015fumuzun \u00fczerinden k\u0131sa bir s\u00fcre ge\u00e7mesine ra\u011fmen, \u0130stanbul Atletizm Spor Kul\u00fcb\u00fc&#8217;n\u00fcn bu s\u00fcrede ald\u0131\u011f\u0131 b\u00fcy\u00fck ba\u015far\u0131lar, gelecek yar\u0131\u015flar i\u00e7in bize ne denli do\u011fru yolda oldu\u011fumuzu g\u00f6sterdi. Gerek tak\u0131m, gerek bireysel olarak hep k\u00fcrs\u00fclerde yer ald\u0131k. Kul\u00fcb\u00fcm\u00fcz\u00fcn tek bir misyonu vard\u0131r, o da sportif ba\u015far\u0131d\u0131r. Ayr\u0131ca biz kul\u00fcp disipline uymayan ve \u00f6nce ben diyenlere prim vermedik vermeyece\u011fiz de. \u00c7\u00fcnk\u00fc ba\u015faral\u0131 olmak i\u00e7in \u00f6nce tak\u0131m ruhunu ta\u015f\u0131yanlar bizi var etti. Aynen \u00f6yle de devam edece\u011fiz. Kul\u00fcb\u00fcm\u00fcz\u00fc bu ilkeler ekseninde daha b\u00fcy\u00fck hedeflere ula\u015fmak i\u00e7in var g\u00fcc\u00fcm\u00fczle \u00e7al\u0131\u015f\u0131yoruz. T\u00fcm arkada\u015flar\u0131m\u0131z\u0131 tebrik ediyor, ba\u015far\u0131lar\u0131n\u0131n devam\u0131n\u0131 diliyoruz. Ba\u015f antren\u00f6r\u00fcm\u00fcz Salih Aytekin ve diyetisyenimiz Tu\u011fba Nur G\u00fcler \u00f6nc\u00fcl\u00fc\u011f\u00fcnde alt yap\u0131da 90 sporcumuzla, gelecekte \u00e7ok daha ba\u015far\u0131l\u0131 sonu\u00e7lar alaca\u011f\u0131m\u0131za inanc\u0131m tamd\u0131r\u201d diye konu\u015furken ana sponsorlar\u0131 \u00c7evre S\u00fcr\u00fcc\u00fc Kursu Y\u00f6netim Kurulu Ba\u015fkan\u0131 Semra Kaplan\u2019a verdikleri desteklerden dolay\u0131 te\u015fekk\u00fcr etti\u2026<\/p>\n\n\n\n<p>Gayet samimi bir ortamda ger\u00e7ekle\u015fen kongrenin divan ba\u015fkanl\u0131\u011f\u0131n\u0131 Erdem Akdo\u011fan, yard\u0131mc\u0131l\u0131klar\u0131n\u0131 \u00d6zay Tan ve Salih Zeki Durmu\u015fo\u011flu yaparken, mimar S\u00fcleyman Uluocak, y\u00fcksek mimar Cemil Co\u015fkun Budak, milli boks\u00f6r ve antren\u00f6r Nazmi Mente\u015f, rekortmen atlet Hayrettin S\u00f6nmez, Esenyurt Atletizm Spor Kul\u00fcb\u00fc Ba\u015fkan\u0131 Salih Aytekin, Serdar Bekta\u015f Spor Kul\u00fcb\u00fc Ba\u015fkan\u0131 Serdar Bekta\u015f, Didem Su\u00e7uo\u011flu, Zeytinburnu kanaat \u00f6nderi Ayhan Durmu\u015f, i\u015fadam\u0131 Salih Zeki Durmu\u015fo\u011flu, Tempo Atletizm Spor Kul\u00fcb\u00fc Ba\u015fkan\u0131 Bilal D\u00fclger, y\u00f6netim kurulu \u00fcyeleri G\u00fcrsoy Burma ve Y\u00fccel G\u00fcven kongrede haz\u0131r bulundular\u2026<\/p>\n\n\n\n<p>\u0130stanbul Atletizm Spor Kul\u00fcb\u00fc\u2019n\u00fcn kongresine kul\u00fcp \u00fcyeleri, atletler ve alt yap\u0131dan 30 sporcunun yan\u0131 s\u0131ra kul\u00fcp diyetisyeni Tu\u011fba Nur G\u00fcler de kat\u0131ld\u0131. Kongrenin son b\u00f6l\u00fcm\u00fcnde eski milli atlet ve akademisyen R\u0131za Erdal\u2019\u0131n, atletizmde ba\u015far\u0131 ve dayan\u0131kl\u0131l\u0131k konulu sunumu gen\u00e7 atletler taraf\u0131ndan ilgiyle izlendi. R\u0131za Erdal, kul\u00fcp olarak b\u00fct\u00fcn Zeytinburnu\u2019ndaki \u00e7ocuklar\u0131n ko\u015fmas\u0131n\u0131 sa\u011flamal\u0131s\u0131n\u0131z. Hangi bran\u015f\u0131 yaparsa yaps\u0131n, mutlaka ko\u015fmas\u0131n\u0131 bilmesi gerekir. \u00c7ocuklar\u0131 atletizmle tan\u0131\u015ft\u0131rmak gerekir. Ayr\u0131ca spor yapman\u0131z\u0131n, ileriki ya\u015fam\u0131n\u0131zda size \u00e7ok b\u00fcy\u00fck katk\u0131lar\u0131 olacakt\u0131r, diye konu\u015ftu\u2026<\/p>\n\n\n\n<p>\u0130stanbul Atletizm Spor Kul\u00fcb\u00fc\u2019n\u00fcn 2. Ola\u011fan Kongresi, dilek ve temennilerin ard\u0131ndan \u201cYeni formalarla, daha b\u00fcy\u00fck hedeflere ula\u015fmak\u201c slogan\u0131yla sona erdi\u2026<\/p>\n","protected":false},"excerpt":{"rendered":"<p>\u0130stanbul Atletizm Spor Kul\u00fcb\u00fc\u2019n\u00fcn 2. Ola\u011fan Kongresi, kul\u00fcb\u00fcn Zeytinburnu\u2019ndaki lokalinde ger\u00e7ekle\u015fti. Kurulu\u015funun \u00fczerinden hen\u00fcz 3 y\u0131l ge\u00e7mesine ra\u011fmen, T\u00fcrkiye\u2019deki yar\u0131\u015flarda ad\u0131ndan ba\u015far\u0131 ile s\u00f6z ettiren,<\/p>\n","protected":false},"author":1,"featured_media":1232,"comment_status":"open","ping_status":"open","sticky":false,"template":"","format":"standard","meta":[],"categories":[2],"tags":[],"_links":{"self":[{"href":"http:\/\/www.maratonturk.com\/index.php?rest_route=\/wp\/v2\/posts\/1231"}],"collection":[{"href":"http:\/\/www.maratonturk.com\/index.php?rest_route=\/wp\/v2\/posts"}],"about":[{"href":"http:\/\/www.maratonturk.com\/index.php?rest_route=\/wp\/v2\/types\/post"}],"author":[{"embeddable":true,"href":"http:\/\/www.maratonturk.com\/index.php?rest_route=\/wp\/v2\/users\/1"}],"replies":[{"embeddable":true,"href":"http:\/\/www.maratonturk.com\/index.php?rest_route=%2Fwp%2Fv2%2Fcomments&post=1231"}],"version-history":[{"count":4,"href":"http:\/\/www.maratonturk.com\/index.php?rest_route=\/wp\/v2\/posts\/1231\/revisions"}],"predecessor-version":[{"id":1238,"href":"http:\/\/www.maratonturk.com\/index.php?rest_route=\/wp\/v2\/posts\/1231\/revisions\/1238"}],"wp:featuredmedia":[{"embeddable":true,"href":"http:\/\/www.maratonturk.com\/index.php?rest_route=\/wp\/v2\/media\/1232"}],"wp:attachment":[{"href":"http:\/\/www.maratonturk.com\/index.php?rest_route=%2Fwp%2Fv2%2Fmedia&parent=1231"}],"wp:term":[{"taxonomy":"category","embeddable":true,"href":"http:\/\/www.maratonturk.com\/index.php?rest_route=%2Fwp%2Fv2%2Fcategories&post=1231"},{"taxonomy":"post_tag","embeddable":true,"href":"http:\/\/www.maratonturk.com\/index.php?rest_route=%2Fwp%2Fv2%2Ftags&post=1231"}],"curies":[{"name":"wp","href":"https:\/\/api.w.org\/{rel}","templated":true}]}}