{"id":1213,"date":"2025-01-08T19:55:14","date_gmt":"2025-01-08T19:55:14","guid":{"rendered":"http:\/\/www.maratonturk.com\/?p=1213"},"modified":"2025-01-08T20:02:20","modified_gmt":"2025-01-08T20:02:20","slug":"haydarpasa-lisesi-spor-kulubu-2025-yili-acilisini-bugun-yapti","status":"publish","type":"post","link":"http:\/\/www.maratonturk.com\/?p=1213","title":{"rendered":"Haydarpa\u015fa Lisesi Spor Kul\u00fcb\u00fc 2025 y\u0131l\u0131 sezon a\u00e7\u0131l\u0131\u015f\u0131n\u0131 bug\u00fcn yapt\u0131"},"content":{"rendered":"\n<p>Haydarpa\u015fa Lisesi Spor Kul\u00fcb\u00fc 2025 y\u0131l\u0131 a\u00e7\u0131l\u0131\u015f\u0131n\u0131 bug\u00fcn yapt\u0131. Y\u00f6netim Kurulu Ba\u015fkan\u0131 Av. M. Tayfun Karde\u015f a\u00e7\u0131l\u0131\u015f \u00f6ncesi g\u00fcnlerde a\u015fa\u011f\u0131daki davet mesaj\u0131n\u0131 yay\u0131nlad\u0131.<\/p>\n\n\n\n<p class=\"has-medium-font-size\"><em>&#8220;De\u011ferli Haydarpa\u015fal\u0131lar, Haydarpa\u015fa\u2019y\u0131 sevenler, Haydarpa\u015fal\u0131y\u0131 sevenler ve sporseverler, HPL Spor Kul\u00fcb\u00fcm\u00fcz\u00fcn geleneksel YEN\u0130 YIL KOKTEYL\u0130 8 Ocak 2025 \u00e7ar\u015famba g\u00fcn\u00fc saat 18.00&#8217;de  Valideba\u011f \u00d6\u011fretmenevi\u2019nde ger\u00e7ekle\u015fecektir. Kat\u0131lman\u0131z\u0131 bekliyoruz. Y\u00f6netim Kurulu Ba\u015fkan\u0131 Av. M. Tayfun Karde\u015f&#8221;<\/em><\/p>\n\n\n\n<p>MaratonT\u00fcrk Genel Yay\u0131n Y\u00f6netmeni O. Atakan Tekin&#8217;in de davet edildi\u011fi a\u00e7\u0131l\u0131\u015f\u0131n di\u011fer foto\u011fraflar\u0131 ve ba\u015fkan\u0131n a\u00e7\u0131klamalar\u0131 MaratonT\u00fcrk Spor Dergisinin \u015eubat 2025 say\u0131s\u0131nda yay\u0131nlanacakt\u0131r.<\/p>\n","protected":false},"excerpt":{"rendered":"<p>Haydarpa\u015fa Lisesi Spor Kul\u00fcb\u00fc 2025 y\u0131l\u0131 a\u00e7\u0131l\u0131\u015f\u0131n\u0131 bug\u00fcn yapt\u0131. Y\u00f6netim Kurulu Ba\u015fkan\u0131 Av. M. Tayfun Karde\u015f a\u00e7\u0131l\u0131\u015f \u00f6ncesi g\u00fcnlerde a\u015fa\u011f\u0131daki davet mesaj\u0131n\u0131 yay\u0131nlad\u0131. &#8220;De\u011ferli Haydarpa\u015fal\u0131lar,<\/p>\n","protected":false},"author":1,"featured_media":1214,"comment_status":"open","ping_status":"open","sticky":false,"template":"","format":"standard","meta":[],"categories":[2],"tags":[],"_links":{"self":[{"href":"http:\/\/www.maratonturk.com\/index.php?rest_route=\/wp\/v2\/posts\/1213"}],"collection":[{"href":"http:\/\/www.maratonturk.com\/index.php?rest_route=\/wp\/v2\/posts"}],"about":[{"href":"http:\/\/www.maratonturk.com\/index.php?rest_route=\/wp\/v2\/types\/post"}],"author":[{"embeddable":true,"href":"http:\/\/www.maratonturk.com\/index.php?rest_route=\/wp\/v2\/users\/1"}],"replies":[{"embeddable":true,"href":"http:\/\/www.maratonturk.com\/index.php?rest_route=%2Fwp%2Fv2%2Fcomments&post=1213"}],"version-history":[{"count":2,"href":"http:\/\/www.maratonturk.com\/index.php?rest_route=\/wp\/v2\/posts\/1213\/revisions"}],"predecessor-version":[{"id":1217,"href":"http:\/\/www.maratonturk.com\/index.php?rest_route=\/wp\/v2\/posts\/1213\/revisions\/1217"}],"wp:featuredmedia":[{"embeddable":true,"href":"http:\/\/www.maratonturk.com\/index.php?rest_route=\/wp\/v2\/media\/1214"}],"wp:attachment":[{"href":"http:\/\/www.maratonturk.com\/index.php?rest_route=%2Fwp%2Fv2%2Fmedia&parent=1213"}],"wp:term":[{"taxonomy":"category","embeddable":true,"href":"http:\/\/www.maratonturk.com\/index.php?rest_route=%2Fwp%2Fv2%2Fcategories&post=1213"},{"taxonomy":"post_tag","embeddable":true,"href":"http:\/\/www.maratonturk.com\/index.php?rest_route=%2Fwp%2Fv2%2Ftags&post=1213"}],"curies":[{"name":"wp","href":"https:\/\/api.w.org\/{rel}","templated":true}]}}