{"id":1210,"date":"2025-01-08T09:55:10","date_gmt":"2025-01-08T09:55:10","guid":{"rendered":"http:\/\/www.maratonturk.com\/?p=1210"},"modified":"2025-01-08T09:55:11","modified_gmt":"2025-01-08T09:55:11","slug":"masa-tenisi-milli-takimi-wtt-turnuvasina-katiliyor","status":"publish","type":"post","link":"http:\/\/www.maratonturk.com\/?p=1210","title":{"rendered":"Masa Tenisi Milli Tak\u0131m\u0131 WTT Turnuvas\u0131na Kat\u0131l\u0131yor"},"content":{"rendered":"\n<p><strong>Gen\u00e7 ve Y\u0131ld\u0131z Masa Tenisi Milli tak\u0131m sporcular\u0131m\u0131z 8-11 Ocak 2025 tarihleri aras\u0131nda Avusturya&#8217;n\u0131n Linz kentinde d\u00fczenlenecek olan Uluslararas\u0131 WTT Gen\u00e7ler Turnuvas\u0131nda m\u00fccadele edecek.<\/strong><\/p>\n\n\n\n<p>Ceren Katk\u0131n U19 K\u0131zlar, Kuzey G\u00fcndo\u011fdu U15 ve U13 Erkekler, Ahmet G\u00fclenler U13 ve U15 Erkekler, Belinay Davu\u015f U13 ve U15 K\u0131zlar, \u00d6mer Y\u0131ld\u0131z ise U11 ve U13 Erkekler kategorilerinde m\u00fcsabakalra \u00e7\u0131kacaklar.<\/p>\n\n\n\n<p>8 Ocak 2025 ma\u00e7 program\u0131<br>U17 Erkeklerde Kuzey G\u00fcndo\u011fdu 13. Grupta, \u00c7ek Jan Skalda ve Rumen \u0130anis Gligoras, U13 Erkeklerde Ahmet G\u00fclenler 1. Grupta, \u0130spanyol Ladimir Mayorov ve ISR&#8217;den Reah Krol, ayn\u0131 kategoride \u00d6mer Y\u0131ld\u0131z Rumen Albert Czigler, Macar Simon Zsigmond ve ev sahibi \u00fclkeden Felix Liu, U13 K\u0131zlarda Belinay Davu\u015f, 5. Grupta, Rumen Kariss Serban, Slovak Bianka Bacsova ve Alman Kristin Tuve ile kar\u015f\u0131la\u015facak.<\/p>\n\n\n\n<p>10 Ocak 2025 ma\u00e7 program\u0131<br>U19 K\u0131zlarda Ceren Kakt\u0131n 18. Grupta, Portekizli Julia Leal ve ev sahibi \u00fclkeden Celine Panholzer, U15 Erkeklerde Ahmet G\u00fclenler 11. Grupta, Macar Lenord Szabo ve Rumen Raul Creucu, ayn\u0131 kategoride Kuzey G\u00fcndo\u011fdu 18. Grupta ISR&#8217;den Yali Mor ve ev sahibi \u00fclkeden Joshua Sams, U15 K\u0131zlarda Belinay Davu\u015f 12. Grupta, Alman Eva Gao ve Ukraynal\u0131 Veronik Pryshchepa, U11 Erkeklerde \u00d6mer Y\u0131ld\u0131z 2. Grupta, Moldoval\u0131 Nicolae Bucur, Frans\u0131z Arthur Xian ve ev sahibi \u00fclkeden Valentin Zittmayr ile m\u00fccadele edecek.<br>Gruplar\u0131nda ilk iki s\u0131ray\u0131 elde edecek sporcular Ana Tablo m\u00fcsabakalar\u0131na \u00e7\u0131kmaya hak kazanacak.&nbsp;&nbsp;<\/p>\n","protected":false},"excerpt":{"rendered":"<p>Gen\u00e7 ve Y\u0131ld\u0131z Masa Tenisi Milli tak\u0131m sporcular\u0131m\u0131z 8-11 Ocak 2025 tarihleri aras\u0131nda Avusturya&#8217;n\u0131n Linz kentinde d\u00fczenlenecek olan Uluslararas\u0131 WTT Gen\u00e7ler Turnuvas\u0131nda m\u00fccadele edecek. Ceren<\/p>\n","protected":false},"author":1,"featured_media":1211,"comment_status":"open","ping_status":"open","sticky":false,"template":"","format":"standard","meta":[],"categories":[2],"tags":[],"_links":{"self":[{"href":"http:\/\/www.maratonturk.com\/index.php?rest_route=\/wp\/v2\/posts\/1210"}],"collection":[{"href":"http:\/\/www.maratonturk.com\/index.php?rest_route=\/wp\/v2\/posts"}],"about":[{"href":"http:\/\/www.maratonturk.com\/index.php?rest_route=\/wp\/v2\/types\/post"}],"author":[{"embeddable":true,"href":"http:\/\/www.maratonturk.com\/index.php?rest_route=\/wp\/v2\/users\/1"}],"replies":[{"embeddable":true,"href":"http:\/\/www.maratonturk.com\/index.php?rest_route=%2Fwp%2Fv2%2Fcomments&post=1210"}],"version-history":[{"count":1,"href":"http:\/\/www.maratonturk.com\/index.php?rest_route=\/wp\/v2\/posts\/1210\/revisions"}],"predecessor-version":[{"id":1212,"href":"http:\/\/www.maratonturk.com\/index.php?rest_route=\/wp\/v2\/posts\/1210\/revisions\/1212"}],"wp:featuredmedia":[{"embeddable":true,"href":"http:\/\/www.maratonturk.com\/index.php?rest_route=\/wp\/v2\/media\/1211"}],"wp:attachment":[{"href":"http:\/\/www.maratonturk.com\/index.php?rest_route=%2Fwp%2Fv2%2Fmedia&parent=1210"}],"wp:term":[{"taxonomy":"category","embeddable":true,"href":"http:\/\/www.maratonturk.com\/index.php?rest_route=%2Fwp%2Fv2%2Fcategories&post=1210"},{"taxonomy":"post_tag","embeddable":true,"href":"http:\/\/www.maratonturk.com\/index.php?rest_route=%2Fwp%2Fv2%2Ftags&post=1210"}],"curies":[{"name":"wp","href":"https:\/\/api.w.org\/{rel}","templated":true}]}}