{"id":1203,"date":"2025-01-06T19:56:02","date_gmt":"2025-01-06T19:56:02","guid":{"rendered":"http:\/\/www.maratonturk.com\/?p=1203"},"modified":"2025-01-06T21:07:14","modified_gmt":"2025-01-06T21:07:14","slug":"anadolu-efes-basketbol-okullari-aciliyor","status":"publish","type":"post","link":"http:\/\/www.maratonturk.com\/?p=1203","title":{"rendered":"Anadolu Efes Basketbol Okullar\u0131 A\u00e7\u0131l\u0131yor"},"content":{"rendered":"\n<p>Anadolu Efes Spor Kul\u00fcb\u00fc Basketbol Okullar\u0131, Anadolu Efes ve T\u00fcrk basketboluna yeni y\u0131ld\u0131zlar kazand\u0131rmak ve T\u00fcrkiye\u2019de basketbol sevgisini daha geni\u015f kitlelere yaymak ad\u0131na ANKA Spor organizasyonu ile \u0130stanbul\u2019da a\u00e7\u0131l\u0131yor.<\/p>\n\n\n\n<p>Anadolu Efes Spor Kul\u00fcb\u00fc Basketbol Okullar\u0131\u2019nda pek \u00e7ok \u00e7ocuk basketbol ile tan\u0131\u015f\u0131rken, kat\u0131l\u0131mc\u0131lar\u0131n basketbol yetenekleri de \u00f6l\u00e7\u00fclecek. Basketbol Okullar\u0131\u2019nda ba\u015far\u0131l\u0131 performans g\u00f6steren kat\u0131l\u0131mc\u0131lar, ilerleyen d\u00f6nemde Anadolu Efes altyap\u0131 tak\u0131mlar\u0131na kat\u0131lma f\u0131rsat\u0131 da bulabilecek. 5-15 ya\u015f aral\u0131\u011f\u0131ndaki \u00e7ocuklar\u0131n kat\u0131labilece\u011fi Anadolu Efes Spor Kul\u00fcb\u00fc Basketbol Okullar\u0131\u2019n\u0131n ilk e\u011fitim d\u00f6nemi, Haziran ay\u0131 sonuna kadar devam edecek.<\/p>\n\n\n\n<p>Bah\u00e7elievler, Be\u015fikta\u015f, Tarabya, Beylikd\u00fcz\u00fc, G\u00f6ztepe ve Bostanc\u0131 olmak \u00fczere \u0130stanbul\u2019un alt\u0131 farkl\u0131 noktas\u0131nda basketbolcu adaylar\u0131n\u0131 a\u011f\u0131rlayacak olan Anadolu Efes Spor Kul\u00fcb\u00fc Basketbol Okullar\u0131\u2019nda kat\u0131l\u0131mlar, \u015fube kontenjan\u0131 ile s\u0131n\u0131rl\u0131 olacak.<\/p>\n\n\n\n<p>Okullar\u0131n e\u011fitim-\u00f6\u011fretim d\u00f6nemi i\u00e7erisinde devam edecek ve ANKA Spor taraf\u0131ndan d\u00fczenlenecek Anadolu Efes Spor Kul\u00fcb\u00fc Basketbol Okullar\u0131, antrenman programlar\u0131 sayesinde kat\u0131l\u0131mc\u0131lar\u0131n Anadolu Efes altyap\u0131 tak\u0131mlar\u0131 seviyesinde basketbol e\u011fitimi almalar\u0131n\u0131, tak\u0131m olma bilinci kazanmalar\u0131n\u0131, sporcu disiplinine sahip olmalar\u0131n\u0131 ve \u00f6zg\u00fcven kazanmalar\u0131n\u0131 sa\u011flayacak. Ayr\u0131ca kat\u0131l\u0131mc\u0131lar\u0131n sosyalle\u015fmelerine ve derslerine daha rahat konsantre olmalar\u0131na destek olacak.<\/p>\n\n\n\n<p>Ba\u015far\u0131l\u0131 sporcular, Anadolu Efes altyap\u0131 tak\u0131mlar\u0131nda oynama f\u0131rsat\u0131 yakalayacak<br>Basketbol e\u011fitimlerinin yan\u0131 s\u0131ra baz\u0131 Anadolu Efes ma\u00e7lar\u0131na ve antrenmanlar\u0131na g\u00f6t\u00fcr\u00fclecek olan gen\u00e7 basketbolcular, antrenmanlarda ba\u015far\u0131l\u0131 performans g\u00f6stermeleri halinde T\u00fcrkiye Basketbol Federasyonu lisans\u0131 \u00e7\u0131kar\u0131larak ANKA Spor\u2019un b\u00fcnyesinde yer alan d\u00f6rt spor kul\u00fcb\u00fcnden birinin formas\u0131 ile altyap\u0131 turnuvalar\u0131na da kat\u0131lacak.<br>Ba\u015far\u0131l\u0131 performans g\u00f6steren adaylar ise ayr\u0131ca Anadolu Efes Spor Kul\u00fcb\u00fc altyap\u0131 tak\u0131mlar\u0131n\u0131n se\u00e7melerine davet edilecek.<\/p>\n\n\n\n<p><a href=\"https:\/\/www.anadoluefesbasketbolokullari.com\/basketbol_okullari\">https:\/\/www.anadoluefesbasketbolokullari.com\/basketbol_okullari<\/a><\/p>\n","protected":false},"excerpt":{"rendered":"<p>Anadolu Efes Spor Kul\u00fcb\u00fc Basketbol Okullar\u0131, Anadolu Efes ve T\u00fcrk basketboluna yeni y\u0131ld\u0131zlar kazand\u0131rmak ve T\u00fcrkiye\u2019de basketbol sevgisini daha geni\u015f kitlelere yaymak ad\u0131na ANKA Spor<\/p>\n","protected":false},"author":1,"featured_media":1204,"comment_status":"open","ping_status":"open","sticky":false,"template":"","format":"standard","meta":[],"categories":[2],"tags":[],"_links":{"self":[{"href":"http:\/\/www.maratonturk.com\/index.php?rest_route=\/wp\/v2\/posts\/1203"}],"collection":[{"href":"http:\/\/www.maratonturk.com\/index.php?rest_route=\/wp\/v2\/posts"}],"about":[{"href":"http:\/\/www.maratonturk.com\/index.php?rest_route=\/wp\/v2\/types\/post"}],"author":[{"embeddable":true,"href":"http:\/\/www.maratonturk.com\/index.php?rest_route=\/wp\/v2\/users\/1"}],"replies":[{"embeddable":true,"href":"http:\/\/www.maratonturk.com\/index.php?rest_route=%2Fwp%2Fv2%2Fcomments&post=1203"}],"version-history":[{"count":2,"href":"http:\/\/www.maratonturk.com\/index.php?rest_route=\/wp\/v2\/posts\/1203\/revisions"}],"predecessor-version":[{"id":1206,"href":"http:\/\/www.maratonturk.com\/index.php?rest_route=\/wp\/v2\/posts\/1203\/revisions\/1206"}],"wp:featuredmedia":[{"embeddable":true,"href":"http:\/\/www.maratonturk.com\/index.php?rest_route=\/wp\/v2\/media\/1204"}],"wp:attachment":[{"href":"http:\/\/www.maratonturk.com\/index.php?rest_route=%2Fwp%2Fv2%2Fmedia&parent=1203"}],"wp:term":[{"taxonomy":"category","embeddable":true,"href":"http:\/\/www.maratonturk.com\/index.php?rest_route=%2Fwp%2Fv2%2Fcategories&post=1203"},{"taxonomy":"post_tag","embeddable":true,"href":"http:\/\/www.maratonturk.com\/index.php?rest_route=%2Fwp%2Fv2%2Ftags&post=1203"}],"curies":[{"name":"wp","href":"https:\/\/api.w.org\/{rel}","templated":true}]}}