{"id":1194,"date":"2025-01-01T21:10:38","date_gmt":"2025-01-01T21:10:38","guid":{"rendered":"http:\/\/www.maratonturk.com\/?p=1194"},"modified":"2025-01-01T21:10:38","modified_gmt":"2025-01-01T21:10:38","slug":"gorkem-ocal-u15-kategorisinde-ittf-dunya-6-ligina-yukseldi","status":"publish","type":"post","link":"http:\/\/www.maratonturk.com\/?p=1194","title":{"rendered":"G\u00f6rkem \u00d6\u00e7al, U15 kategorisinde ITTF D\u00fcnya 6.&#8217;l\u0131\u011f\u0131na y\u00fckseldi"},"content":{"rendered":"\n<p>G\u00d6RKEM \u00d6\u00c7AL D\u00dcNYA SIRALAMASINDA 6.LI\u011eA Y\u00dcKSELD\u0130<\/p>\n\n\n\n<p>ITTF&#8217;in 1 Ocak 2025 tarihinde a\u00e7\u0131klad\u0131\u011f\u0131 D\u00fcnya s\u0131ralamalar\u0131 listesinde Y\u0131ld\u0131z Erkek Milli tak\u0131m sporcusu G\u00f6rkem \u00d6\u00e7al, U15 kategorisinde ITTF D\u00fcnya 6.l\u0131\u011f\u0131na y\u00fckseldi.<br>Kariyerinde U13 Tekler Avrupa \u015eampiyonlu\u011fu bulunan Milli sporcu G\u00f6rkem \u00d6\u00e7al, elde etti\u011fi bu ba\u015far\u0131yla, 2025 y\u0131l\u0131 i\u00e7erisinde d\u00fczenlenecek olan WTT turnuvalar\u0131na isme \u00f6zel davet hakk\u0131, U15 Avrupa \u015eampiyonas\u0131 ve U15 D\u00fcnya \u015eampiyonas\u0131nda seri ba\u015f\u0131 olma avantaj\u0131n\u0131 \u00fclkemize kazand\u0131rm\u0131\u015f oldu.<br>G\u00f6rkem \u00d6\u00e7al&#8217;\u0131n antren\u00f6r\u00fc ve ayn\u0131 zamanda Y\u0131ld\u0131z Milli Tak\u0131m antren\u00f6r\u00fc G\u00f6kmen \u00d6cal, &#8221;S\u0131k\u0131 ve planl\u0131 \u00e7al\u0131\u015fmam\u0131z\u0131n meyvelerini almaya devam ediyoruz. G\u00f6rkem, T\u00fcrk Masa Tenisi tarihinde U15 kategorisinde elde etti\u011fimiz en iyi dereceye ula\u015farak ITTF D\u00fcnya 6.l\u0131\u011f\u0131na y\u00fckseldi. \u015eimdi hedefimiz d\u00fcnya ilk \u00fc\u00e7\u00fcne girmek olacak&#8221; diye konu\u015ftu.<br>T\u00fcrkiye Masa Tenisi Federasyonu Ba\u015fkan\u0131 Kerim Ko\u00e7, elde etti\u011fi ba\u015far\u0131dan dolay\u0131 Milli sporcumuzu kutlarken, &#8221;Elde etti\u011fi bu ba\u015far\u0131dan dolay\u0131 sporcumuzu, antren\u00f6r\u00fcn\u00fc, ailesini ve kul\u00fcb\u00fcn\u00fc tebrik eder, ba\u015far\u0131lar\u0131n\u0131n devam\u0131n\u0131 dileriz&#8221; diye konu\u015ftu.<\/p>\n","protected":false},"excerpt":{"rendered":"<p>G\u00d6RKEM \u00d6\u00c7AL D\u00dcNYA SIRALAMASINDA 6.LI\u011eA Y\u00dcKSELD\u0130 ITTF&#8217;in 1 Ocak 2025 tarihinde a\u00e7\u0131klad\u0131\u011f\u0131 D\u00fcnya s\u0131ralamalar\u0131 listesinde Y\u0131ld\u0131z Erkek Milli tak\u0131m sporcusu G\u00f6rkem \u00d6\u00e7al, U15 kategorisinde ITTF<\/p>\n","protected":false},"author":1,"featured_media":1195,"comment_status":"open","ping_status":"open","sticky":false,"template":"","format":"standard","meta":[],"categories":[2],"tags":[],"_links":{"self":[{"href":"http:\/\/www.maratonturk.com\/index.php?rest_route=\/wp\/v2\/posts\/1194"}],"collection":[{"href":"http:\/\/www.maratonturk.com\/index.php?rest_route=\/wp\/v2\/posts"}],"about":[{"href":"http:\/\/www.maratonturk.com\/index.php?rest_route=\/wp\/v2\/types\/post"}],"author":[{"embeddable":true,"href":"http:\/\/www.maratonturk.com\/index.php?rest_route=\/wp\/v2\/users\/1"}],"replies":[{"embeddable":true,"href":"http:\/\/www.maratonturk.com\/index.php?rest_route=%2Fwp%2Fv2%2Fcomments&post=1194"}],"version-history":[{"count":1,"href":"http:\/\/www.maratonturk.com\/index.php?rest_route=\/wp\/v2\/posts\/1194\/revisions"}],"predecessor-version":[{"id":1196,"href":"http:\/\/www.maratonturk.com\/index.php?rest_route=\/wp\/v2\/posts\/1194\/revisions\/1196"}],"wp:featuredmedia":[{"embeddable":true,"href":"http:\/\/www.maratonturk.com\/index.php?rest_route=\/wp\/v2\/media\/1195"}],"wp:attachment":[{"href":"http:\/\/www.maratonturk.com\/index.php?rest_route=%2Fwp%2Fv2%2Fmedia&parent=1194"}],"wp:term":[{"taxonomy":"category","embeddable":true,"href":"http:\/\/www.maratonturk.com\/index.php?rest_route=%2Fwp%2Fv2%2Fcategories&post=1194"},{"taxonomy":"post_tag","embeddable":true,"href":"http:\/\/www.maratonturk.com\/index.php?rest_route=%2Fwp%2Fv2%2Ftags&post=1194"}],"curies":[{"name":"wp","href":"https:\/\/api.w.org\/{rel}","templated":true}]}}