{"id":1184,"date":"2024-12-27T17:42:05","date_gmt":"2024-12-27T17:42:05","guid":{"rendered":"http:\/\/www.maratonturk.com\/?p=1184"},"modified":"2024-12-27T17:42:05","modified_gmt":"2024-12-27T17:42:05","slug":"antalyada-avrupa-kros-kadinlar-sampiyonu-olan-nadia-battocletti-italyada-yilin-kadini","status":"publish","type":"post","link":"http:\/\/www.maratonturk.com\/?p=1184","title":{"rendered":"Antalya&#8217;da Avrupa Kros Kad\u0131nlar \u015eampiyonu olan Nadia Battocletti \u0130talya&#8217;da Y\u0131l\u0131n Kad\u0131n\u0131"},"content":{"rendered":"\n<h4 id=\":rnn:\"><a href=\"https:\/\/www.facebook.com\/fidal.it?__cft__[0]=AZXJI_yMGUVM56LHWH-UcyZ_cMvtHApT_L8uZrdWRm4Ydfbjs0S4gpLJYvGGS4rKjZnsgpAop2i7jRzk2suDFJXTrN3De1PeHm-un6n_TI2lnzxx-MOYJURqlbe-jAfzfES5SMIFom84fSudI4wm4Mb0Hs9veQSEGRexiaXBcjeId8C1CHruV7hfoh0gYtZVzCh7TVRmTQ09JBLHlGPeZhRqlJq3kZUBYljAAAmCQ3vFaw&amp;__tn__=-UC%2CP-R\"><strong>Federazione Italiana di Atletica Leggera<\/strong><\/a>&nbsp;<\/h4>\n\n\n\n<p><a href=\"https:\/\/www.facebook.com\/fidal.it\/posts\/pfbid0ByJhf6tqrP4bnz6qvn5QmNm5awPmpDrk4chfGzjBrz2HnKBXDkb9VVyfhHSJVLDQl?__cft__[0]=AZXJI_yMGUVM56LHWH-UcyZ_cMvtHApT_L8uZrdWRm4Ydfbjs0S4gpLJYvGGS4rKjZnsgpAop2i7jRzk2suDFJXTrN3De1PeHm-un6n_TI2lnzxx-MOYJURqlbe-jAfzfES5SMIFom84fSudI4wm4Mb0Hs9veQSEGRexiaXBcjeId8C1CHruV7hfoh0gYtZVzCh7TVRmTQ09JBLHlGPeZhRqlJq3kZUBYljAAAmCQ3vFaw&amp;__tn__=%2CO%2CP-R\">snooStrped0f16c92i7it9miaummd036cgta6i314g520tftl159gh57lm0c<\/a>&nbsp;&nbsp;\u00b7&nbsp;<\/p>\n\n\n\n<p><a href=\"https:\/\/www.facebook.com\/#\"><\/a><\/p>\n\n\n\n<p><img decoding=\"async\" loading=\"lazy\" height=\"16\" width=\"16\" alt=\"\ud83c\udfc6\" src=\"https:\/\/static.xx.fbcdn.net\/images\/emoji.php\/v9\/tbe\/1\/16\/1f3c6.png\"> \ud835\udc0d\ud835\udc00\ud835\udc03\ud835\udc08\ud835\udc00 \ud835\udc01\ud835\udc00\ud835\udc13\ud835\udc13\ud835\udc0e\ud835\udc02\ud835\udc0b\ud835\udc04\ud835\udc13\ud835\udc13\ud835\udc08 \ud835\udc03\ud835\udc0e\ud835\udc0d\ud835\udc0d\ud835\udc00 \ud835\udc03\ud835\udc04\ud835\udc0b\ud835\udc0b\u2019\ud835\udc00\ud835\udc0d\ud835\udc0d\ud835\udc0e<\/p>\n\n\n\n<p>Una stagione magica: l\u2019argento olimpico dei 10.000 a Parigi, il doppio oro degli Europei di Roma, il titolo del cross ad Antalya. Magica come Nadia Battocletti, la \u201cDonna dell\u2019anno\u201d dell&#8217;Atletica Italiana!<\/p>\n\n\n\n<p><a href=\"https:\/\/www.facebook.com\/hashtag\/atletadellanno2024?__eep__=6&amp;__cft__[0]=AZXJI_yMGUVM56LHWH-UcyZ_cMvtHApT_L8uZrdWRm4Ydfbjs0S4gpLJYvGGS4rKjZnsgpAop2i7jRzk2suDFJXTrN3De1PeHm-un6n_TI2lnzxx-MOYJURqlbe-jAfzfES5SMIFom84fSudI4wm4Mb0Hs9veQSEGRexiaXBcjeId8C1CHruV7hfoh0gYtZVzCh7TVRmTQ09JBLHlGPeZhRqlJq3kZUBYljAAAmCQ3vFaw&amp;__tn__=*NK-R\">#atletadellanno2024<\/a><a href=\"https:\/\/www.facebook.com\/hashtag\/atleticaitaliana?__eep__=6&amp;__cft__[0]=AZXJI_yMGUVM56LHWH-UcyZ_cMvtHApT_L8uZrdWRm4Ydfbjs0S4gpLJYvGGS4rKjZnsgpAop2i7jRzk2suDFJXTrN3De1PeHm-un6n_TI2lnzxx-MOYJURqlbe-jAfzfES5SMIFom84fSudI4wm4Mb0Hs9veQSEGRexiaXBcjeId8C1CHruV7hfoh0gYtZVzCh7TVRmTQ09JBLHlGPeZhRqlJq3kZUBYljAAAmCQ3vFaw&amp;__tn__=*NK-R\">#atleticaitaliana<\/a><\/p>\n\n\n\n<p><\/p>\n\n\n\n<blockquote class=\"wp-block-quote\">\n<p><img decoding=\"async\" loading=\"lazy\" height=\"16\" width=\"16\" alt=\"\ud83c\udfc6\" src=\"https:\/\/static.xx.fbcdn.net\/images\/emoji.php\/v9\/tbe\/1\/16\/1f3c6.png\"> NADIA BATTOCLETTI YILIN KADINI<\/p>\n\n\n\n<p>B\u00fcy\u00fcl\u00fc bir sezon: Paris&#8217;te 10.000&#8217;de Olimpiyat g\u00fcm\u00fc\u015f\u00fc, Roma&#8217;daki Avrupa \u015eampiyonas\u0131&#8217;nda \u00e7ift alt\u0131n, Antalya&#8217;da kros \u015fampiyonlu\u011fu. \u0130talyan Atletizminin &#8220;Y\u0131l\u0131n Kad\u0131n\u0131&#8221; Nadia Battocletti gibi b\u00fcy\u00fcl\u00fc!<\/p>\n<\/blockquote>\n\n\n\n<p>NADIA BATTOCLETTI WOMAN OF THE YEAR<\/p>\n\n\n\n<p>A magical season: the Olympic silver in the 10,000 in Paris, the double gold at the European Championships in Rome, the cross country title in Antalya. Magical like Nadia Battocletti, the \u201cWoman of the Year\u201d of Italian Athletics!<\/p>\n","protected":false},"excerpt":{"rendered":"<p>Federazione Italiana di Atletica Leggera&nbsp; snooStrped0f16c92i7it9miaummd036cgta6i314g520tftl159gh57lm0c&nbsp;&nbsp;\u00b7&nbsp; \ud835\udc0d\ud835\udc00\ud835\udc03\ud835\udc08\ud835\udc00 \ud835\udc01\ud835\udc00\ud835\udc13\ud835\udc13\ud835\udc0e\ud835\udc02\ud835\udc0b\ud835\udc04\ud835\udc13\ud835\udc13\ud835\udc08 \ud835\udc03\ud835\udc0e\ud835\udc0d\ud835\udc0d\ud835\udc00 \ud835\udc03\ud835\udc04\ud835\udc0b\ud835\udc0b\u2019\ud835\udc00\ud835\udc0d\ud835\udc0d\ud835\udc0e Una stagione magica: l\u2019argento olimpico dei 10.000 a Parigi, il doppio oro degli Europei di<\/p>\n","protected":false},"author":1,"featured_media":1185,"comment_status":"open","ping_status":"open","sticky":false,"template":"","format":"standard","meta":[],"categories":[2],"tags":[],"_links":{"self":[{"href":"http:\/\/www.maratonturk.com\/index.php?rest_route=\/wp\/v2\/posts\/1184"}],"collection":[{"href":"http:\/\/www.maratonturk.com\/index.php?rest_route=\/wp\/v2\/posts"}],"about":[{"href":"http:\/\/www.maratonturk.com\/index.php?rest_route=\/wp\/v2\/types\/post"}],"author":[{"embeddable":true,"href":"http:\/\/www.maratonturk.com\/index.php?rest_route=\/wp\/v2\/users\/1"}],"replies":[{"embeddable":true,"href":"http:\/\/www.maratonturk.com\/index.php?rest_route=%2Fwp%2Fv2%2Fcomments&post=1184"}],"version-history":[{"count":1,"href":"http:\/\/www.maratonturk.com\/index.php?rest_route=\/wp\/v2\/posts\/1184\/revisions"}],"predecessor-version":[{"id":1186,"href":"http:\/\/www.maratonturk.com\/index.php?rest_route=\/wp\/v2\/posts\/1184\/revisions\/1186"}],"wp:featuredmedia":[{"embeddable":true,"href":"http:\/\/www.maratonturk.com\/index.php?rest_route=\/wp\/v2\/media\/1185"}],"wp:attachment":[{"href":"http:\/\/www.maratonturk.com\/index.php?rest_route=%2Fwp%2Fv2%2Fmedia&parent=1184"}],"wp:term":[{"taxonomy":"category","embeddable":true,"href":"http:\/\/www.maratonturk.com\/index.php?rest_route=%2Fwp%2Fv2%2Fcategories&post=1184"},{"taxonomy":"post_tag","embeddable":true,"href":"http:\/\/www.maratonturk.com\/index.php?rest_route=%2Fwp%2Fv2%2Ftags&post=1184"}],"curies":[{"name":"wp","href":"https:\/\/api.w.org\/{rel}","templated":true}]}}