{"id":1131,"date":"2024-11-20T13:57:55","date_gmt":"2024-11-20T13:57:55","guid":{"rendered":"http:\/\/www.maratonturk.com\/?p=1131"},"modified":"2024-11-20T13:57:55","modified_gmt":"2024-11-20T13:57:55","slug":"destek-colakoglu-metalurjiden-basari-dilovasindan","status":"publish","type":"post","link":"http:\/\/www.maratonturk.com\/?p=1131","title":{"rendered":"<strong>Destek \u00c7olako\u011flu Metalurji\u2019den, Ba\u015far\u0131 Dilovas\u0131\u2019ndan!<\/strong>"},"content":{"rendered":"\n<p><\/p>\n\n\n\n<p><strong>Kuruldu\u011fu g\u00fcnden bu yana sadece ekonomik de\u011fil, toplumsal kalk\u0131nma konusunu da kendisine misyon edinen \u00c7olako\u011flu Metalurji, gen\u00e7lik ve spor alan\u0131nda \u00f6nemli bir projeye imza att\u0131. Dilovas\u0131\u2019nda faaliyet g\u00f6steren b\u00fct\u00fcn spor kul\u00fcplerini desteklemek amac\u0131yla d\u00fczenlenen Dilovas\u0131 Amat\u00f6r Spor Kul\u00fcpleri Malzeme Deste\u011fi Da\u011f\u0131t\u0131m T\u00f6reni, geni\u015f kat\u0131l\u0131mla ger\u00e7ekle\u015fti.<\/strong><\/p>\n\n\n\n<p>Dilovas\u0131 Amat\u00f6r Spor Kul\u00fcpleri Malzeme Deste\u011fi Da\u011f\u0131t\u0131m T\u00f6reni\u2019ne;&nbsp;<a><\/a>\u00c7olako\u011flu Metalurji Y\u00f6netim Kurulu Ba\u015fkan Vekili Haydar \u00c7olako\u011flu, Kocaeli Valisi \u0130lhami Akta\u015f, Dilovas\u0131 Kaymakam\u0131 Metin Kubilay, Dilovas\u0131 Belediye Ba\u015fkan\u0131 Ramazan \u00d6mero\u011flu, \u0130l Gen\u00e7lik ve Spor M\u00fcd\u00fcr\u00fc G\u00f6khan Yava\u015fer\u2019in yan\u0131 s\u0131ra \u00c7olako\u011flu Metalurji \u00fcst d\u00fczey y\u00f6neticileri ile b\u00f6lgedeki amat\u00f6r spor kul\u00fcplerinin temsilcileri ve \u00e7ok say\u0131da davetli kat\u0131ld\u0131. T\u00f6ren, TRT Spor Spikeri Erdo\u011fan Ar\u0131kan\u2019\u0131n sunu\u015fu ile ger\u00e7ekle\u015ftirildi.<\/p>\n\n\n\n<p><strong>\u00c7olako\u011flu Metalurji Y\u00f6netim Kurulu Ba\u015fkan Vekili Haydar \u00c7olako\u011flu<\/strong>, t\u00f6rende yapt\u0131\u011f\u0131 a\u00e7\u0131l\u0131\u015f konu\u015fmas\u0131nda: \u201cDilovas\u0131\u2019nda faaliyet g\u00f6steren t\u00fcm amat\u00f6r spor kul\u00fcplerine katk\u0131 sa\u011flayarak, 450 sporcumuza 1808 par\u00e7a spor malzemesi deste\u011fi sa\u011flad\u0131k. Spor gen\u00e7lerimizin yaln\u0131zca fiziksel de\u011fil, ayn\u0131 zamanda sosyal ve k\u00fclt\u00fcrel geli\u015fimlerine de \u00f6nemli katk\u0131lar sa\u011flayan bir ara\u00e7t\u0131r. Bug\u00fcn hayata ge\u00e7irdi\u011fimiz bu anlaml\u0131 proje, sporun birle\u015ftirici ve kapsay\u0131c\u0131 g\u00fcc\u00fcyle sadece bug\u00fcn\u00fcn de\u011fil, gelece\u011fin ba\u015far\u0131l\u0131 bireylerini desteklemek ad\u0131na at\u0131lm\u0131\u015f bir ad\u0131md\u0131r. Ge\u00e7ti\u011fimiz y\u0131l kurulu\u015funu tamamlad\u0131\u011f\u0131m\u0131z \u00c7olako\u011flu Metalurji Spor Kul\u00fcb\u00fcm\u00fcz, Dilovas\u0131 il\u00e7emiz ba\u015fta olmak \u00fczere Kocaeli\u2019de ya\u015fayan gen\u00e7lerimizin, \u00f6zg\u00fcvenli ve motivasyonu y\u00fcksek, topluma \u00f6rnek bireyler olarak yeti\u015fmeleri i\u00e7in \u00e7al\u0131\u015fmalar\u0131na h\u0131z kesmeden devam etmektedir\u201d dedi.<\/p>\n\n\n\n<p>Bu projeyle, sadece bug\u00fcn\u00fcn gen\u00e7lerine de\u011fil, gelece\u011fin ba\u015far\u0131l\u0131 sporcular\u0131na, kendine g\u00fcvenen bireylerine sporun toplumsal birle\u015ftirici g\u00fcc\u00fcn\u00fc ve kapsay\u0131c\u0131 y\u00f6n\u00fcn\u00fc ula\u015ft\u0131rarak daha ho\u015fg\u00f6r\u00fcl\u00fc bireyler olmalar\u0131 y\u00f6n\u00fcnde te\u015fvik ettiklerini vurgulayan&nbsp;<strong>Say\u0131n Haydar \u00c7olako\u011flu<\/strong>&nbsp;s\u00f6zlerine \u015f\u00f6yle devam etti: \u201cBu vesileyle, Kocaeli Valimiz Say\u0131n \u0130lhami Akta\u015f\u2019a, Dilovas\u0131 Kaymakam\u0131m\u0131z Metin Kubilay\u2019a, projenin hayata ge\u00e7irilmesinde eme\u011fi ge\u00e7en Belediye Ba\u015fkan\u0131m\u0131z Say\u0131n Ramazan \u00d6mero\u011flu\u2019na ve Kocaeli Gen\u00e7lik ve Spor \u0130l M\u00fcd\u00fcr\u00fcm\u00fcz G\u00f6khan Yava\u015fer\u2019e te\u015fekk\u00fcrlerimi sunuyorum. Gen\u00e7lerimize \u201cDestek bizden, ba\u015far\u0131 sizden\u201d diyorum. Bu projelerin artarak devam etmesi en b\u00fcy\u00fck temennimizdir.\u201d<\/p>\n\n\n\n<p>450 sporcuya, 1800\u2019\u00fcn \u00fcst\u00fcnde spor malzemesi deste\u011fi sa\u011flanan proje kapsam\u0131nda Dilovas\u0131\u2019ndaki&nbsp;<strong>Dilovas\u0131 Belediyespor, Diliskelesispor, \u00c7erke\u015flispor, Tav\u015fanc\u0131lspor, Dilovas\u0131 Y\u0131ld\u0131zlar Spor ve Dilovas\u0131 Gen\u00e7lik Spor&nbsp;<\/strong>kul\u00fcplerinin yan\u0131 s\u0131ra okul spor kul\u00fcplerine ve b\u00f6lgedeki \u00e7ocuklara anlaml\u0131 destek sa\u011fland\u0131.<\/p>\n\n\n\n<p>Dilovas\u0131\u2019nda sporu daha eri\u015filebilir hale getirme hedefiyle at\u0131lan bu ad\u0131m, yerel spor kul\u00fcplerinin g\u00fc\u00e7lendirilmesine y\u00f6nelik \u00f6nemli bir katk\u0131 olarak \u00f6ne \u00e7\u0131k\u0131yor. \u00c7olako\u011flu Metalurji, bu t\u00fcr projelerle sosyal sorumluluk bilincini peki\u015ftirmeye ve gen\u00e7leri sporla bulu\u015fturmaya devam edecek.<\/p>\n\n\n\n<p>T\u00f6rende konu\u015fan Kocaeli Valisi Say\u0131n \u0130lhami Akta\u015f \u015funlar\u0131 s\u00f6yledi: \u201cBug\u00fcn malzemelerini da\u011f\u0131tt\u0131\u011f\u0131m\u0131z bu sporcu gen\u00e7lerimizin, ileride kazanacaklar\u0131 ba\u015far\u0131larla gururlanmak istiyoruz. \u00d6ncelikle bu anlaml\u0131 projede desteklerini esirgemeyen \u00c7olako\u011flu Metalurji\u2019nin de\u011ferli y\u00f6neticilerine ve eme\u011fi ge\u00e7en t\u00fcm payda\u015flara te\u015fekk\u00fcrlerimi sunuyorum\u201d dedi.<\/p>\n\n\n\n<p>G\u00fcn\u00fcn an\u0131s\u0131na \u00c7olako\u011flu Metalurji Y\u00f6netim Kurulu Ba\u015fkan Vekili Haydar \u00c7olako\u011flu, Kocaeli Valisi \u0130lhami Akta\u015f\u2019a \u00c7olako\u011flu Metalurji Spor Kul\u00fcb\u00fc\u2019n\u00fcn 41 numaral\u0131 formas\u0131n\u0131 hediye etti.<\/p>\n\n\n\n<p>Konu\u015fmalar\u0131n ard\u0131ndan, \u00c7olako\u011flu Metalurji Y\u00f6netim Kurulu Ba\u015fkan Vekili Haydar \u00c7olako\u011flu, Kocaeli Valisi \u0130lhami Akta\u015f, Dilovas\u0131 Kaymakam\u0131 Metin Kubilay, Dilovas\u0131 Belediye Ba\u015fkan\u0131 Ramazan \u00d6mero\u011flu ve \u0130l Gen\u00e7lik ve Spor M\u00fcd\u00fcr\u00fc G\u00f6khan Yava\u015fer t\u00f6rende malzemeleri da\u011f\u0131t\u0131lan gen\u00e7lerle hat\u0131ra foto\u011fraf\u0131 \u00e7ektirdi.<\/p>\n","protected":false},"excerpt":{"rendered":"<p>Kuruldu\u011fu g\u00fcnden bu yana sadece ekonomik de\u011fil, toplumsal kalk\u0131nma konusunu da kendisine misyon edinen \u00c7olako\u011flu Metalurji, gen\u00e7lik ve spor alan\u0131nda \u00f6nemli bir projeye imza att\u0131.<\/p>\n","protected":false},"author":1,"featured_media":1132,"comment_status":"open","ping_status":"open","sticky":false,"template":"","format":"standard","meta":[],"categories":[2],"tags":[],"_links":{"self":[{"href":"http:\/\/www.maratonturk.com\/index.php?rest_route=\/wp\/v2\/posts\/1131"}],"collection":[{"href":"http:\/\/www.maratonturk.com\/index.php?rest_route=\/wp\/v2\/posts"}],"about":[{"href":"http:\/\/www.maratonturk.com\/index.php?rest_route=\/wp\/v2\/types\/post"}],"author":[{"embeddable":true,"href":"http:\/\/www.maratonturk.com\/index.php?rest_route=\/wp\/v2\/users\/1"}],"replies":[{"embeddable":true,"href":"http:\/\/www.maratonturk.com\/index.php?rest_route=%2Fwp%2Fv2%2Fcomments&post=1131"}],"version-history":[{"count":1,"href":"http:\/\/www.maratonturk.com\/index.php?rest_route=\/wp\/v2\/posts\/1131\/revisions"}],"predecessor-version":[{"id":1133,"href":"http:\/\/www.maratonturk.com\/index.php?rest_route=\/wp\/v2\/posts\/1131\/revisions\/1133"}],"wp:featuredmedia":[{"embeddable":true,"href":"http:\/\/www.maratonturk.com\/index.php?rest_route=\/wp\/v2\/media\/1132"}],"wp:attachment":[{"href":"http:\/\/www.maratonturk.com\/index.php?rest_route=%2Fwp%2Fv2%2Fmedia&parent=1131"}],"wp:term":[{"taxonomy":"category","embeddable":true,"href":"http:\/\/www.maratonturk.com\/index.php?rest_route=%2Fwp%2Fv2%2Fcategories&post=1131"},{"taxonomy":"post_tag","embeddable":true,"href":"http:\/\/www.maratonturk.com\/index.php?rest_route=%2Fwp%2Fv2%2Ftags&post=1131"}],"curies":[{"name":"wp","href":"https:\/\/api.w.org\/{rel}","templated":true}]}}