{"id":1127,"date":"2024-11-17T22:37:35","date_gmt":"2024-11-17T22:37:35","guid":{"rendered":"http:\/\/www.maratonturk.com\/?p=1127"},"modified":"2024-11-17T22:37:35","modified_gmt":"2024-11-17T22:37:35","slug":"fivb-39-dunya-kongresi-portekizin-porto-sehrinde-yapildi","status":"publish","type":"post","link":"http:\/\/www.maratonturk.com\/?p=1127","title":{"rendered":"FIVB 39. D\u00fcnya Kongresi Portekiz&#8217;in Porto \u015fehrinde yap\u0131ld\u0131"},"content":{"rendered":"\n<p>Uluslararas\u0131 Voleybol Federasyonu\u2019nun (FIVB) 39. D\u00fcnya Kongresi, Portekiz&#8217;in Porto kentinde \u00fcye \u00fclke federasyon ba\u015fkanlar\u0131 ve temsilcilerinin kat\u0131l\u0131m\u0131yla d\u00fczenlendi.<\/p>\n\n\n\n<p>\u00dc\u00e7 g\u00fcn s\u00fcren kongrede, d\u00fcnya voleybolunun kalbi Porto&#8217;da att\u0131. Se\u00e7ime tek aday olarak giren FIVB Asba\u015fkan\u0131 Fabio Azevedo, FIVB&#8217;nin yeni ba\u015fkan\u0131 oldu. Azevedo, 2024-2028 y\u0131llar\u0131 aras\u0131nda g\u00f6rev yapacak.<\/p>\n\n\n\n<p>\u00dclkemizi temsilen kongreye T\u00fcrkiye Voleybol Federasyonu (TVF) Ba\u015fkan\u0131 Mehmet Akif \u00dcst\u00fcnda\u011f, TVF Genel Sekreteri Av. Nihal \u0130\u015f\u00e7i, TVF Uluslararas\u0131 \u0130li\u015fkiler ve Organizasyonlar Direkt\u00f6r\u00fc Nil\u00fcfer Ba\u015fak Shimonsky ve TVF Sa\u011fl\u0131k ve Dopingle M\u00fccadele Kurulu Ba\u015fkan\u0131 Prof. Dr. Ufuk Demirk\u0131l\u0131\u00e7 kat\u0131ld\u0131.<\/p>\n\n\n\n<p>Kongrenin ikinci g\u00fcn\u00fcnde FIVB Eski Ba\u015fkan\u0131 Dr. Ary Gra\u00e7a, T\u00fcrkiye Voleybol Federasyonu&#8217;nunFIVB&#8217;ye kat\u0131l\u0131\u015f\u0131n\u0131n 75. y\u0131l olmas\u0131 sebebiyle TVF Ba\u015fkan\u0131 Mehmet Akif \u00dcst\u00fcnda\u011f ve TVF Genel Sekreteri Av. Nihal \u0130\u015f\u00e7i&#8217;ye plaket takdim etti.<\/p>\n\n\n\n<p>FIVB 39. D\u00fcnya Kongresi&#8217;nde; T\u00fcrkiye Voleybol Federasyonu ile \u00d6zbekistan Voleybol Federasyonu aras\u0131nda voleybolun geli\u015ftirilmesi alan\u0131nda i\u015fbirli\u011fi protokol\u00fc imzaland\u0131.<\/p>\n\n\n\n<figure class=\"wp-block-image size-full\"><img decoding=\"async\" loading=\"lazy\" width=\"883\" height=\"545\" src=\"http:\/\/www.maratonturk.com\/wp-content\/uploads\/2024\/11\/image-5.png\" alt=\"\" class=\"wp-image-1129\" srcset=\"http:\/\/www.maratonturk.com\/wp-content\/uploads\/2024\/11\/image-5.png 883w, http:\/\/www.maratonturk.com\/wp-content\/uploads\/2024\/11\/image-5-300x185.png 300w, http:\/\/www.maratonturk.com\/wp-content\/uploads\/2024\/11\/image-5-768x474.png 768w\" sizes=\"(max-width: 883px) 100vw, 883px\" \/><\/figure>\n\n\n\n<p><\/p>\n","protected":false},"excerpt":{"rendered":"<p>Uluslararas\u0131 Voleybol Federasyonu\u2019nun (FIVB) 39. D\u00fcnya Kongresi, Portekiz&#8217;in Porto kentinde \u00fcye \u00fclke federasyon ba\u015fkanlar\u0131 ve temsilcilerinin kat\u0131l\u0131m\u0131yla d\u00fczenlendi. \u00dc\u00e7 g\u00fcn s\u00fcren kongrede, d\u00fcnya voleybolunun kalbi<\/p>\n","protected":false},"author":1,"featured_media":1128,"comment_status":"open","ping_status":"open","sticky":false,"template":"","format":"standard","meta":[],"categories":[2],"tags":[],"_links":{"self":[{"href":"http:\/\/www.maratonturk.com\/index.php?rest_route=\/wp\/v2\/posts\/1127"}],"collection":[{"href":"http:\/\/www.maratonturk.com\/index.php?rest_route=\/wp\/v2\/posts"}],"about":[{"href":"http:\/\/www.maratonturk.com\/index.php?rest_route=\/wp\/v2\/types\/post"}],"author":[{"embeddable":true,"href":"http:\/\/www.maratonturk.com\/index.php?rest_route=\/wp\/v2\/users\/1"}],"replies":[{"embeddable":true,"href":"http:\/\/www.maratonturk.com\/index.php?rest_route=%2Fwp%2Fv2%2Fcomments&post=1127"}],"version-history":[{"count":1,"href":"http:\/\/www.maratonturk.com\/index.php?rest_route=\/wp\/v2\/posts\/1127\/revisions"}],"predecessor-version":[{"id":1130,"href":"http:\/\/www.maratonturk.com\/index.php?rest_route=\/wp\/v2\/posts\/1127\/revisions\/1130"}],"wp:featuredmedia":[{"embeddable":true,"href":"http:\/\/www.maratonturk.com\/index.php?rest_route=\/wp\/v2\/media\/1128"}],"wp:attachment":[{"href":"http:\/\/www.maratonturk.com\/index.php?rest_route=%2Fwp%2Fv2%2Fmedia&parent=1127"}],"wp:term":[{"taxonomy":"category","embeddable":true,"href":"http:\/\/www.maratonturk.com\/index.php?rest_route=%2Fwp%2Fv2%2Fcategories&post=1127"},{"taxonomy":"post_tag","embeddable":true,"href":"http:\/\/www.maratonturk.com\/index.php?rest_route=%2Fwp%2Fv2%2Ftags&post=1127"}],"curies":[{"name":"wp","href":"https:\/\/api.w.org\/{rel}","templated":true}]}}