{"id":1072,"date":"2024-10-23T17:30:29","date_gmt":"2024-10-23T17:30:29","guid":{"rendered":"http:\/\/www.maratonturk.com\/?p=1072"},"modified":"2024-10-23T17:30:29","modified_gmt":"2024-10-23T17:30:29","slug":"turkiye-binicilik-federasyonu-baskani-hasan-engin-tuncer-adayligini-ve-yeni-donem-projelerini-bugunku-basin-toplantisiyla-duyurdu","status":"publish","type":"post","link":"http:\/\/www.maratonturk.com\/?p=1072","title":{"rendered":"T\u00fcrkiye Binicilik Federasyonu Ba\u015fkan\u0131 Hasan Engin Tuncer Adayl\u0131\u011f\u0131n\u0131 ve Yeni D\u00f6nem Projelerini Bug\u00fcnk\u00fc Bas\u0131n Toplant\u0131s\u0131yla Duyurdu"},"content":{"rendered":"\n<p>T\u00fcrkiye Binicilik Federasyonu Ba\u015fkan\u0131 Hasan Engin Tuncer, bug\u00fcn (23 Ekim 2024) \u0130stanbul Swissotel The Bosphorus&#8217;ta d\u00fczenlenen bas\u0131n toplant\u0131s\u0131yla yeni d\u00f6nem i\u00e7in adayl\u0131\u011f\u0131n\u0131 resmen olarak duyurdu. Tuncer, toplant\u0131da ba\u015fkanl\u0131k d\u00f6nemi boyunca y\u00fcr\u00fct\u00fclen faaliyetleri de\u011ferlendirirken, yeni d\u00f6neme dair \u00f6nemli projelerini ve hedeflerini de kamuoyuyla payla\u015ft\u0131.<br><br>Toplant\u0131ya \u00e7ok say\u0131da medya mensubu ve spor camias\u0131ndan \u00f6nemli isimler kat\u0131ld\u0131. Tuncer, federasyon ba\u015fkanl\u0131\u011f\u0131 d\u00f6neminde hayata ge\u00e7irdi\u011fi \u00f6nemli projelere de\u011finerek, T\u00fcrkiye&#8217;de binicilik sporuna devam eden katk\u0131lar\u0131 oldu\u011funu vurgulad\u0131. \u00d6zellikle gen\u00e7 binicilerin yeti\u015ftirilmesi, altyap\u0131 yat\u0131r\u0131mlar\u0131 ve uluslararas\u0131 alanda elde edilen ve edilmesi planlanan ba\u015far\u0131larla ili\u015fkin \u00f6nemli deme\u00e7ler verdi.<br><br>2024 Y\u0131l\u0131 Balkan \u015eampiyonalar\u0131nda B\u00fcy\u00fck Ba\u015far\u0131: 8 Alt\u0131n, 6 G\u00fcm\u00fc\u015f ve 1 Bronz Madalya<br><br>T\u00fcrkiye Binicilik Federasyonu Ba\u015fkan\u0131 H. Engin Tuncer, 2024 y\u0131l\u0131nda Balkan \u015eampiyonas\u0131&#8217;nda iki ayr\u0131 bran\u015fta ev sahipli\u011fi yap\u0131ld\u0131\u011f\u0131n\u0131 ve bu organizasyonda sporcular\u0131n \u00f6nemli ba\u015far\u0131lara imza att\u0131klar\u0131n\u0131 dile getirdi.<br><br>At Terbiyesi bran\u015f\u0131nda ulusal ve y\u0131ld\u0131z biniciler kategorilerinde sporcular\u0131m\u0131z\u0131n elde etti\u011fi ba\u015far\u0131 ile de tak\u0131m olarak alt\u0131n madalya kazand\u0131\u011f\u0131n\u0131 ve Balkan \u015eampiyonlu\u011fu unvan\u0131n\u0131 elde etti\u011fini; Engel Atlama bran\u015f\u0131nda ise gen\u00e7 ve y\u0131ld\u0131z binicilerin \u00f6nemli dereceler elde etti\u011fini vurgulayan Tuncer, 2025 y\u0131l\u0131nda da ba\u015far\u0131lar\u0131n artarak devam edece\u011fini belirtti.<br><br>2025 y\u0131l\u0131nda Avrupa \u015eampiyonas\u0131 ve Avrupa Kupas\u0131\u2019na kat\u0131lacak olan binicilerin ba\u015far\u0131lar\u0131n\u0131 art\u0131rmak ve bu organizasyonlarda \u00fclkemizi en iyi \u015fekilde temsil etmeleri i\u00e7in haz\u0131rl\u0131klar\u0131n t\u00fcm h\u0131z\u0131yla s\u00fcrd\u00fc\u011f\u00fcn\u00fc vurgulayan Tuncer, \u201cT\u00fcrk binicili\u011finin bayra\u011f\u0131n\u0131 bir d\u00fcnya markas\u0131 haline getirmek amac\u0131yla \u00e7al\u0131\u015fmalar\u0131m\u0131z\u0131 kararl\u0131l\u0131kla s\u00fcrd\u00fcrece\u011fiz,\u201d dedi.<br><br>Yeni D\u00f6nem Vizyonu ve Hedefleri<br><br>Ba\u015fkan Tuncer, s\u00fcrd\u00fcr\u00fclebilir bir geli\u015fim stratejisi ile T\u00fcrkiye\u2019de binicilik sporunu yayg\u0131nla\u015ft\u0131rmay\u0131 ve d\u00fcnya arenas\u0131nda T\u00fcrk Binicili\u011fini duyurmay\u0131 hedefledi\u011fini belirtti. Ayr\u0131ca, yeni d\u00f6nemde planlanan projeler aras\u0131nda uluslararas\u0131 binicilik yar\u0131\u015fmalar\u0131n\u0131n T\u00fcrkiye\u2019de daha fazla d\u00fczenlenmesi, gen\u00e7 sporculara y\u00f6nelik uluslararas\u0131 programlar\u0131n geli\u015ftirilmesi ve modern binicilik anlay\u0131\u015f\u0131 ile alanda kalifiye elemanlar\u0131n yeti\u015ftirilmesini sa\u011flamak \u00fczere \u00e7al\u0131\u015fmalar\u0131n ger\u00e7ekle\u015ftirilmesi projeler aras\u0131nda yer ald\u0131\u011f\u0131n\u0131 a\u00e7\u0131klad\u0131.<br><br>Hasan Engin Tuncer, &#8220;Federasyonumuzun ba\u015f\u0131nda bulundu\u011fumuz s\u00fcre boyunca hem ulusal hem de uluslararas\u0131 arenada g\u00fczel ba\u015far\u0131lar elde ettik. Yeni d\u00f6nemde, bu ba\u015far\u0131lar\u0131 daha da geli\u015ftirerek ve T\u00fcrkiye&#8217;yi binicilik sporunda d\u00fcnyada hak etti\u011fi konuma getirmek amac\u0131yla \u00e7al\u0131\u015fmaya devam edece\u011fiz. Atat\u00fcrk&#8217;\u00fcn &#8216;Ben sporcunun zeki, \u00e7evik ve ayn\u0131 zamanda ahlakl\u0131s\u0131n\u0131 severim&#8217; anlay\u0131\u015f\u0131yla ba\u015far\u0131l\u0131 sporcular yeti\u015ftirmek ve sporcuyu te\u015fvik etmek vizyonumuzdur. Her yeni binicilik arenas\u0131, binicili\u011fi daha ileriye ta\u015f\u0131mak ad\u0131na bir f\u0131rsatt\u0131r ve bizler de yeni d\u00f6nemde bu f\u0131rsatlar\u0131 en iyi \u015fekilde de\u011ferlendirmeye devam edece\u011fiz. \u00d6ncelikli hedefimiz kat\u0131l\u0131mc\u0131l\u0131k ve e\u015fitlik\u00e7i y\u00f6netim anlay\u0131\u015f\u0131yla binicilik sporunun kal\u0131nmas\u0131n\u0131 ve evrensel bir vizyon \u00e7er\u00e7evesinde uluslararas\u0131 alanda ba\u015far\u0131ya ula\u015fmas\u0131n\u0131 sa\u011flamakt\u0131r,&#8221; mesaj\u0131n\u0131 verdi.<br><\/p>\n","protected":false},"excerpt":{"rendered":"<p>T\u00fcrkiye Binicilik Federasyonu Ba\u015fkan\u0131 Hasan Engin Tuncer, bug\u00fcn (23 Ekim 2024) \u0130stanbul Swissotel The Bosphorus&#8217;ta d\u00fczenlenen bas\u0131n toplant\u0131s\u0131yla yeni d\u00f6nem i\u00e7in adayl\u0131\u011f\u0131n\u0131 resmen olarak duyurdu.<\/p>\n","protected":false},"author":1,"featured_media":1073,"comment_status":"open","ping_status":"open","sticky":false,"template":"","format":"standard","meta":[],"categories":[2],"tags":[],"_links":{"self":[{"href":"http:\/\/www.maratonturk.com\/index.php?rest_route=\/wp\/v2\/posts\/1072"}],"collection":[{"href":"http:\/\/www.maratonturk.com\/index.php?rest_route=\/wp\/v2\/posts"}],"about":[{"href":"http:\/\/www.maratonturk.com\/index.php?rest_route=\/wp\/v2\/types\/post"}],"author":[{"embeddable":true,"href":"http:\/\/www.maratonturk.com\/index.php?rest_route=\/wp\/v2\/users\/1"}],"replies":[{"embeddable":true,"href":"http:\/\/www.maratonturk.com\/index.php?rest_route=%2Fwp%2Fv2%2Fcomments&post=1072"}],"version-history":[{"count":1,"href":"http:\/\/www.maratonturk.com\/index.php?rest_route=\/wp\/v2\/posts\/1072\/revisions"}],"predecessor-version":[{"id":1074,"href":"http:\/\/www.maratonturk.com\/index.php?rest_route=\/wp\/v2\/posts\/1072\/revisions\/1074"}],"wp:featuredmedia":[{"embeddable":true,"href":"http:\/\/www.maratonturk.com\/index.php?rest_route=\/wp\/v2\/media\/1073"}],"wp:attachment":[{"href":"http:\/\/www.maratonturk.com\/index.php?rest_route=%2Fwp%2Fv2%2Fmedia&parent=1072"}],"wp:term":[{"taxonomy":"category","embeddable":true,"href":"http:\/\/www.maratonturk.com\/index.php?rest_route=%2Fwp%2Fv2%2Fcategories&post=1072"},{"taxonomy":"post_tag","embeddable":true,"href":"http:\/\/www.maratonturk.com\/index.php?rest_route=%2Fwp%2Fv2%2Ftags&post=1072"}],"curies":[{"name":"wp","href":"https:\/\/api.w.org\/{rel}","templated":true}]}}