{"id":1069,"date":"2024-10-21T18:04:45","date_gmt":"2024-10-21T18:04:45","guid":{"rendered":"http:\/\/www.maratonturk.com\/?p=1069"},"modified":"2024-10-21T18:04:46","modified_gmt":"2024-10-21T18:04:46","slug":"turk-voleybolu-romada-goz-kamastirdi-ustundag-ve-santarelli-akdeniz-mukemmeliyet-odulune-layik-goruldu","status":"publish","type":"post","link":"http:\/\/www.maratonturk.com\/?p=1069","title":{"rendered":"T\u00fcrk Voleybolu Roma\u2019da G\u00f6z Kama\u015ft\u0131rd\u0131: \u00dcst\u00fcnda\u011f ve Santarelli Akdeniz M\u00fckemmeliyet \u00d6d\u00fcl\u00fcne Lay\u0131k G\u00f6r\u00fcld\u00fc"},"content":{"rendered":"\n<p>\u0130talya\u2019n\u0131n ba\u015fkenti Roma\u2019da bu y\u0131l ikincisi d\u00fczenlenen Akdeniz M\u00fckemmeliyet \u00d6d\u00fclleri\u2019nde, T\u00fcrk voleybolu zirveye \u00e7\u0131kt\u0131.<\/p>\n\n\n\n<p>Akdeniz Gazeteciler Derne\u011fi, \u0130talya Spor Yazarlar\u0131 Derne\u011fi (USSI), Avrupa Spor Yazarlar\u0131 Derne\u011fi (AIPS) ve Artemisia Vakf\u0131 taraf\u0131ndan d\u00fczenlenen bu prestijli t\u00f6ren, tarihi Valentini Saray\u0131\u2019nda ger\u00e7ekle\u015fti ve Akdeniz\u2019in d\u00f6rt bir yan\u0131ndan \u00fcnl\u00fc i\u015f, sanat ve spor insanlar\u0131n\u0131 bir araya getirdi.<\/p>\n\n\n\n<p>T\u00fcrkiye Voleybol Federasyonu (TVF) Ba\u015fkan\u0131 Mehmet Akif \u00dcst\u00fcnda\u011f, A Milli Kad\u0131n Voleybol Tak\u0131m\u0131 Ba\u015fantren\u00f6r\u00fc Daniele Santarelli ve A Milli Kad\u0131n Voleybol Tak\u0131m\u0131 Menajeri Pelin \u00c7elik\u2019in kat\u0131ld\u0131\u011f\u0131 t\u00f6rende, T\u00fcrk voleybolu uluslararas\u0131 d\u00fczeyde b\u00fcy\u00fck bir ba\u015far\u0131ya imza att\u0131.<\/p>\n\n\n\n<p>TVF Ba\u015fkan\u0131 \u00dcst\u00fcnda\u011f ve A Milli Kad\u0131n Voleybol Tak\u0131m\u0131 Ba\u015fantren\u00f6r\u00fc Daniele Santarelli, voleybolun uluslararas\u0131 arenada parlayan y\u0131ld\u0131zlar\u0131 olarak Akdeniz M\u00fckemmeliyet \u00d6d\u00fcl\u00fc\u2019ne lay\u0131k g\u00f6r\u00fcld\u00fc. Bu \u00f6d\u00fcl, onlar\u0131n bar\u0131\u015fa, dostlu\u011fa ve k\u00fclt\u00fcre yapt\u0131klar\u0131 katk\u0131larla birlikte, elde ettikleri b\u00fcy\u00fck ba\u015far\u0131lar\u0131 da ta\u00e7land\u0131rd\u0131.<\/p>\n\n\n\n<p>TVF Ba\u015fkan\u0131 \u00dcst\u00fcnda\u011f, t\u00f6rende yapt\u0131\u011f\u0131 konu\u015fmada, \u201cT\u00fcrkiye Voleybol Federasyonu Ba\u015fkan\u0131 olarak, t\u00fcm payda\u015flar\u0131m ad\u0131na beni bu anlaml\u0131 \u00f6d\u00fcle lay\u0131k g\u00f6ren herkese \u00e7ok te\u015fekk\u00fcr ediyorum. T\u00fcrk-\u0130talyan dostlu\u011funu her zaman \u00e7ok \u00f6nemsemi\u015fimdir. Bu \u00f6d\u00fcl, bizim i\u00e7in b\u00fcy\u00fck bir gurur kayna\u011f\u0131d\u0131r,\u201d dedi.<\/p>\n\n\n\n<p>Bu unutulmaz gecede, T\u00fcrk voleybolunun d\u00fcnya sahnesindeki yerini sa\u011flamla\u015ft\u0131ran Ba\u015fkan \u00dcst\u00fcnda\u011f ve Ba\u015fantren\u00f6r Santarelli, Akdeniz M\u00fckemmeliyet \u00d6d\u00fclleri\u2019nde ald\u0131klar\u0131 \u00f6d\u00fcllerle, spor d\u00fcnyas\u0131na ilham veren birer fig\u00fcr olarak \u00f6ne \u00e7\u0131kt\u0131lar.<\/p>\n","protected":false},"excerpt":{"rendered":"<p>\u0130talya\u2019n\u0131n ba\u015fkenti Roma\u2019da bu y\u0131l ikincisi d\u00fczenlenen Akdeniz M\u00fckemmeliyet \u00d6d\u00fclleri\u2019nde, T\u00fcrk voleybolu zirveye \u00e7\u0131kt\u0131. Akdeniz Gazeteciler Derne\u011fi, \u0130talya Spor Yazarlar\u0131 Derne\u011fi (USSI), Avrupa Spor Yazarlar\u0131<\/p>\n","protected":false},"author":1,"featured_media":1070,"comment_status":"open","ping_status":"open","sticky":false,"template":"","format":"standard","meta":[],"categories":[2],"tags":[],"_links":{"self":[{"href":"http:\/\/www.maratonturk.com\/index.php?rest_route=\/wp\/v2\/posts\/1069"}],"collection":[{"href":"http:\/\/www.maratonturk.com\/index.php?rest_route=\/wp\/v2\/posts"}],"about":[{"href":"http:\/\/www.maratonturk.com\/index.php?rest_route=\/wp\/v2\/types\/post"}],"author":[{"embeddable":true,"href":"http:\/\/www.maratonturk.com\/index.php?rest_route=\/wp\/v2\/users\/1"}],"replies":[{"embeddable":true,"href":"http:\/\/www.maratonturk.com\/index.php?rest_route=%2Fwp%2Fv2%2Fcomments&post=1069"}],"version-history":[{"count":1,"href":"http:\/\/www.maratonturk.com\/index.php?rest_route=\/wp\/v2\/posts\/1069\/revisions"}],"predecessor-version":[{"id":1071,"href":"http:\/\/www.maratonturk.com\/index.php?rest_route=\/wp\/v2\/posts\/1069\/revisions\/1071"}],"wp:featuredmedia":[{"embeddable":true,"href":"http:\/\/www.maratonturk.com\/index.php?rest_route=\/wp\/v2\/media\/1070"}],"wp:attachment":[{"href":"http:\/\/www.maratonturk.com\/index.php?rest_route=%2Fwp%2Fv2%2Fmedia&parent=1069"}],"wp:term":[{"taxonomy":"category","embeddable":true,"href":"http:\/\/www.maratonturk.com\/index.php?rest_route=%2Fwp%2Fv2%2Fcategories&post=1069"},{"taxonomy":"post_tag","embeddable":true,"href":"http:\/\/www.maratonturk.com\/index.php?rest_route=%2Fwp%2Fv2%2Ftags&post=1069"}],"curies":[{"name":"wp","href":"https:\/\/api.w.org\/{rel}","templated":true}]}}