{"id":1061,"date":"2024-10-20T20:05:22","date_gmt":"2024-10-20T20:05:22","guid":{"rendered":"http:\/\/www.maratonturk.com\/?p=1061"},"modified":"2024-10-20T20:09:35","modified_gmt":"2024-10-20T20:09:35","slug":"taekwondo-federasyonu-yeni-baskani-bahri-tanrikulu","status":"publish","type":"post","link":"http:\/\/www.maratonturk.com\/?p=1061","title":{"rendered":"Taekwondo Federasyonu Yeni Ba\u015fkan\u0131 Bahri Tanr\u0131kulu"},"content":{"rendered":"\n<p>Taekwondo Federasyonunun 6. Ola\u011fan ve 8. Ola\u011fan Mali Genel Kurulu\u2019nda Bahri Tanr\u0131kulu ba\u015fkanl\u0131\u011fa se\u00e7ildi.<\/p>\n\n\n\n<p>Ankara Crowne Plaza Otel\u2019de yap\u0131lan genel kurula 300 delegeden 257\u2019si kat\u0131ld\u0131. 186 delege oy kullan\u0131rken ge\u00e7erli 181 oyu alan Bahri Tanr\u0131kulu, 4 y\u0131ll\u0131\u011f\u0131na federasyonun yeni ba\u015fkan\u0131 oldu.<\/p>\n\n\n\n<p>Federasyon Ba\u015fkan Bahri Tanr\u0131kulu, genel kurulda yapt\u0131\u011f\u0131 konu\u015fmada \u201cBe\u015f ya\u015f\u0131ndan bu yana \u015ferefle mensubu oldu\u011fum Taekwondo ailemizin art\u0131k ba\u015fkan\u0131 olmaktan gurur duyuyorum . Bizim ba\u015fkanl\u0131\u011f\u0131m\u0131zda y\u0131lg\u0131nl\u0131\u011fa, yorgunlu\u011fa yer olmayacak. Projelerimizi bir bir hayata ge\u00e7irerek d\u00fcnya taekwondosunda hak etti\u011fimiz yerimizi alaca\u011f\u0131z. \u0130lk g\u00fcn dedi\u011fimiz gibi ayr\u0131\u015ft\u0131ran de\u011fil birle\u015ftiren bir anlay\u0131\u015fla, hep birlikte kol kola, omuz omuza Taekwondo Kazand\u0131\u201d ifadelerini kulland\u0131.<\/p>\n\n\n<div class=\"wp-block-image\">\n<figure class=\"aligncenter size-large\"><img decoding=\"async\" loading=\"lazy\" width=\"1024\" height=\"568\" src=\"http:\/\/www.maratonturk.com\/wp-content\/uploads\/2024\/10\/image-14-1024x568.png\" alt=\"\" class=\"wp-image-1065\" srcset=\"http:\/\/www.maratonturk.com\/wp-content\/uploads\/2024\/10\/image-14-1024x568.png 1024w, http:\/\/www.maratonturk.com\/wp-content\/uploads\/2024\/10\/image-14-300x167.png 300w, http:\/\/www.maratonturk.com\/wp-content\/uploads\/2024\/10\/image-14-768x426.png 768w, http:\/\/www.maratonturk.com\/wp-content\/uploads\/2024\/10\/image-14-1170x649.png 1170w, http:\/\/www.maratonturk.com\/wp-content\/uploads\/2024\/10\/image-14.png 1200w\" sizes=\"(max-width: 1024px) 100vw, 1024px\" \/><\/figure><\/div>\n\n\n<p>Federasyonun yeni kurullar\u0131 \u015fu \u015fekilde olu\u015ftu:<\/p>\n\n\n\n<p>Y\u00d6NET\u0130M KURULU (AS\u0130L) Bahri Tanr\u0131kulu, \u0130brahim \u00d6zbay, Engin Sar\u0131kaya, \u00dcnal Karada\u011f, Ayd\u0131n S\u00fcha, G\u00f6khan \u00c7etinkaya, Rag\u0131p Bing\u00f6l, \u0130lkay Sa\u011f\u0131r, Volkan Akp\u0131nar, Bora Selim ve Bekir Karaman<\/p>\n\n\n\n<p>Y\u00d6NET\u0130M KURULU (YEDEK) Ey\u00fcp Temiz, Mehmet Eri\u015fik, Ali Ek\u015fi, Alper Kara, Nihat Kayao\u011flu, Taha K\u0131l\u0131\u00e7, Rasim Bekar, Cihan Deveci, Bu\u011fra Kaan S\u00fcer, Azize Tanr\u0131kulu Sert\u00e7elik, Tu\u011fba Balaban<\/p>\n\n\n\n<p>D\u0130S\u0130PL\u0130N KURULU (AS\u0130L) Av. Alican Erta\u015f, Av. Burak Osman \u00d6zg\u00fcl, Av. \u0130smail Kalem, Av. \u015eeyma Kurt, Av. Burcu Tolukan<\/p>\n\n\n\n<p>D\u0130S\u0130PL\u0130N KURULU (YEDEK) Av. Ali Bayri, Av. Ali R\u0131za Serhilal, Av. Serhat Albayrak, Av. Alperen G\u00f6lge, Av. Murat Girgin<\/p>\n\n\n\n<p>DENET\u0130M KURULU (AS\u0130L) Murat Do\u011fan, Alican Soylu<\/p>\n\n\n\n<p>DENET\u0130M KURULU (YEDEK) Ertan \u00d6ner, Muharrem \u00c7a\u011flanc\u0131<\/p>\n\n\n\n<p><\/p>\n","protected":false},"excerpt":{"rendered":"<p>Taekwondo Federasyonunun 6. Ola\u011fan ve 8. Ola\u011fan Mali Genel Kurulu\u2019nda Bahri Tanr\u0131kulu ba\u015fkanl\u0131\u011fa se\u00e7ildi. Ankara Crowne Plaza Otel\u2019de yap\u0131lan genel kurula 300 delegeden 257\u2019si kat\u0131ld\u0131.<\/p>\n","protected":false},"author":1,"featured_media":1062,"comment_status":"open","ping_status":"open","sticky":false,"template":"","format":"standard","meta":[],"categories":[2],"tags":[],"_links":{"self":[{"href":"http:\/\/www.maratonturk.com\/index.php?rest_route=\/wp\/v2\/posts\/1061"}],"collection":[{"href":"http:\/\/www.maratonturk.com\/index.php?rest_route=\/wp\/v2\/posts"}],"about":[{"href":"http:\/\/www.maratonturk.com\/index.php?rest_route=\/wp\/v2\/types\/post"}],"author":[{"embeddable":true,"href":"http:\/\/www.maratonturk.com\/index.php?rest_route=\/wp\/v2\/users\/1"}],"replies":[{"embeddable":true,"href":"http:\/\/www.maratonturk.com\/index.php?rest_route=%2Fwp%2Fv2%2Fcomments&post=1061"}],"version-history":[{"count":3,"href":"http:\/\/www.maratonturk.com\/index.php?rest_route=\/wp\/v2\/posts\/1061\/revisions"}],"predecessor-version":[{"id":1068,"href":"http:\/\/www.maratonturk.com\/index.php?rest_route=\/wp\/v2\/posts\/1061\/revisions\/1068"}],"wp:featuredmedia":[{"embeddable":true,"href":"http:\/\/www.maratonturk.com\/index.php?rest_route=\/wp\/v2\/media\/1062"}],"wp:attachment":[{"href":"http:\/\/www.maratonturk.com\/index.php?rest_route=%2Fwp%2Fv2%2Fmedia&parent=1061"}],"wp:term":[{"taxonomy":"category","embeddable":true,"href":"http:\/\/www.maratonturk.com\/index.php?rest_route=%2Fwp%2Fv2%2Fcategories&post=1061"},{"taxonomy":"post_tag","embeddable":true,"href":"http:\/\/www.maratonturk.com\/index.php?rest_route=%2Fwp%2Fv2%2Ftags&post=1061"}],"curies":[{"name":"wp","href":"https:\/\/api.w.org\/{rel}","templated":true}]}}